{"id":83103,"date":"2023-04-29T10:29:02","date_gmt":"2023-04-29T10:29:02","guid":{"rendered":"https:\/\/haberulus.net\/?p=83103"},"modified":"2023-04-29T10:29:02","modified_gmt":"2023-04-29T10:29:02","slug":"erdogandan-kilicdarogluna-ataturk-havalimani-yaniti-bunun-adi-mandaciliktir","status":"publish","type":"post","link":"https:\/\/haberulus.net\/?p=83103","title":{"rendered":"Erdo\u011fan\u2019dan K\u0131l\u0131\u00e7daro\u011flu\u2019na Atat\u00fcrk Havaliman\u0131 yan\u0131t\u0131: Bunun ad\u0131 mandac\u0131l\u0131kt\u0131r"},"content":{"rendered":"<p>Cumhurba\u015fkan\u0131 Erdo\u011fan, Azerbaycan Cumhurba\u015fkan\u0131 \u0130lham Aliyev ile birlikte \u00fc\u00e7\u00fcnc\u00fc g\u00fcn\u00fcnde \u0130stanbul Atat\u00fcrk Havaliman\u0131\u2019nda devam eden Teknofest\u2019e kat\u0131l\u0131yor.<\/p>\n<p>Cumhurba\u015fkan\u0131 Erdo\u011fan ile e\u015fi Emine Erdo\u011fan ve Azerbaycan Cumhurba\u015fkan\u0131 \u0130lham Aliyev ile e\u015fi Mihriban Aliyeva, festival alan\u0131na Togg ile geldi.<\/p>\n<p><img decoding=\"async\" src=\"https:\/\/i01.sozcucdn.com\/wp-content\/uploads\/2023\/04\/29\/aa-20230429-30991460-30991458-cumhurbaskani_erdogan_teknofesti_ziyaret_etti_resized.jpg\"\/><\/p>\n<p>Cumhurba\u015fkan\u0131 Erdo\u011fan, konu\u015fmas\u0131nda \u015funlar\u0131 kaydetti;<\/p>\n<p>*De\u011ferli karde\u015fim \u0130lham bey, i\u015fin ba\u015f\u0131ndan itibaren malum Pazarc\u0131k merkezli depremde bizleri hi\u00e7 yaln\u0131z b\u0131rakmad\u0131.<\/p>\n<p>*\u0130lk andan itibaren arama kurtarma ekipleri Kahramanmara\u015f\u2019ta bizimle oldu. O da yetmedi daha sonra \u0130lham karde\u015fim, Kahramanmara\u015f\u2019a 1000 kal\u0131c\u0131 konut s\u00f6z\u00fc verdi.<\/p>\n<p>*Bununla birlikte gerek orada okulu ile camisi ile yurdu ile ve bir\u00e7ok konseptin i\u00e7inde yer alan binalarla beraber adeta bir Azerbaycan orada \u015fehri in\u015fa etme karar\u0131 verdik. \u015eimdi bug\u00fcn bu vesileyle bunun da temelini ataca\u011f\u0131z.<\/p>\n<p>*Bu y\u0131lki teknoloji bayram\u0131m\u0131z\u0131 \u00f6nce \u0130stanbul\u2019da, ard\u0131ndan da in\u015fallah Ankara\u2019da yap\u0131yoruz.<\/p>\n<p>*Sizleri en kalbi duygular\u0131mla, hasretle muhabbetle selaml\u0131yorum. Ma\u015fallah bu y\u0131l da TEKNOFEST bir ba\u015fka g\u00fczel. T\u00fcm gen\u00e7 y\u00fcreklere selamlar\u0131m\u0131 g\u00f6nderiyorum. Gen\u00e7 karde\u015flerimin tamam\u0131n\u0131 buradan sevgiyle selaml\u0131yorum.<\/p>\n<p>*Aliyev\u2019e kat\u0131l\u0131mlar\u0131ndan dolay\u0131 bilhassa te\u015fekk\u00fcr ediyorum. Ayn\u0131 \u015fekilde Libya Ba\u015fbakan\u0131\u2019na da te\u015fekk\u00fcr ediyorum. TEKNOFEST hamdolsun kendi alan\u0131nda bir markaya d\u00f6n\u00fc\u015ft\u00fc.<\/p>\n<p>*Ge\u00e7en sene Bak\u00fc\u2019de TEKNOFEST sevincini ya\u015fad\u0131k. Milli teknoloji hamlemizin somut \u00f6rneklerinin sergilendi\u011fi TEKNOFEST\u2019in hay\u0131rl\u0131 olmas\u0131n\u0131 diliyorum.<\/p>\n<p>*T\u00fcm payda\u015f kurumlara te\u015fekk\u00fcr ediyorum. Ma\u015fallah ba\u015fvuran tak\u0131m say\u0131s\u0131 her sene katlanarak art\u0131yor. 2018 y\u0131l\u0131nda 4 bin 33 ba\u015fvuruyla ba\u015flam\u0131\u015ft\u0131k. Toplam 4 milyon lira \u00f6d\u00fclle ba\u015flayan s\u00fcre\u00e7 44 milyon liray\u0131 buldu.<\/p>\n<p><strong>KILI\u00c7DARO\u011eLU\u2019NUN A\u00c7IKLAMALARINA TEPK\u0130<\/strong><\/p>\n<p>*Son g\u00fcnlerde skandal a\u00e7\u0131klamalarla kar\u0131nlar\u0131nda b\u00fcy\u00fctt\u00fckleri kini ve nefreti ortaya koyuyor. Biri \u00e7\u0131k\u0131yor T\u00fcrkiye\u2019nin savunma projelerine dokunmaktan bahsediyor, biri \u0130HA ve S\u0130HA\u2019lar maketten diyor, bir ba\u015fkas\u0131 TCG Anadolu\u2019nun iki bombal\u0131k \u00f6mr\u00fc var diyor, biri \u00e7\u0131k\u0131yor projelerimizin sembol yerini Amerikan \u015firketlerine pe\u015fke\u015f \u00e7ekmekten bahsediyor.<\/p>\n<p>*Ne yapsalar bo\u015f. \u015eimdi 9\u2019lu bir koalisyon masas\u0131 var, ne yapsan\u0131z bo\u015f. 3 ay, 6 ay, 9 ay, 1 sene h\u00fck\u00fcmetler oldu bu \u00fclkede.<\/p>\n<p>*Ba\u015fkanl\u0131k sisteminin bu \u00fclkeye sa\u011flad\u0131\u011f\u0131 bu kazan\u00e7. \u015eu havaliman\u0131m\u0131z\u0131 Amerikal\u0131 bir \u015firkete vermeyi taahh\u00fct etti.<\/p>\n<p>*Senin o g\u00f6r\u00fc\u015ft\u00fc\u011f\u00fcn ki\u015filer benimle g\u00f6r\u00fc\u015ft\u00fc. Buyurun dedim, o g\u00fcn bug\u00fcnd\u00fcr bir daha g\u00f6rmedik. T\u00fcrkiye\u2019de yat\u0131r\u0131m yapmak y\u00fcrek ister y\u00fcrek.<\/p>\n<p>*\u00c7\u00fcnk\u00fc T\u00fcrkiye\u2019de g\u00fcvenilir iktidar\u0131n oldu\u011funu g\u00f6rmeyi gerektirir. 16 milyon insan\u0131n ya\u015fad\u0131\u011f\u0131 metropol\u00fcn tam g\u00f6be\u011finde b\u00f6yle bir yer d\u00fc\u015f\u00fcnmek bile ba\u015fl\u0131 ba\u015f\u0131na bir felakettir.<\/p>\n<p>*Dersine iyi \u00e7al\u0131\u015fmam\u0131\u015f. Burada teknoloji \u00e7al\u0131\u015fmalar\u0131 d\u00fc\u015f\u00fcn\u00fcyorsa hamdolsun. Bunun ad\u0131 mandac\u0131l\u0131kt\u0131r.<\/p>\n<p>*16 milyon insan\u0131n ya\u015fad\u0131\u011f\u0131 metropol\u00fcn tam g\u00f6be\u011finde b\u00f6yle bir yer d\u00fc\u015f\u00fcnmek bile ba\u015fl\u0131 ba\u015f\u0131na bir felakettir. Dersine iyi \u00e7al\u0131\u015fmam\u0131\u015f. Burada teknoloji \u00e7al\u0131\u015fmalar\u0131 d\u00fc\u015f\u00fcn\u00fcyorsa hamdolsun.<\/p>\n<p>*Gazi Mustafa Kemal Atat\u00fcrk\u2019\u00fcn h\u00fcrmetine CHP\u2019ye ve CHP\u2019ye oy vermek isteyenlere Allah\u2019tan sab\u0131r diliyorum.<\/p>\n<p>*En b\u00fcy\u00fck sabr\u0131 da bir se\u00e7im d\u00f6nemi \u00e7e\u015fitli mecralardan s\u00fcrekli kendisine maruz kalacaklar\u0131 i\u00e7in siz gen\u00e7lerimize diliyorum. Gen\u00e7ler, 14 May\u0131s\u2019ta t\u00fcm bu utan\u00e7 sahnelerine son vermeye haz\u0131r m\u0131s\u0131n\u0131z?<\/p>\n<p><strong>\u201cHAYATLARI YALAN\u201d<\/strong><\/p>\n<p>*Biz m\u00fcjde a\u00e7\u0131klad\u0131k\u00e7a birileri bozuluyor, k\u0131z\u0131yor. \u015eimdi de \u00e7\u0131km\u0131\u015f Giresun\u2019daki karde\u015flerime f\u0131nd\u0131\u011f\u0131n fiyat\u0131n\u0131 4 dolar art\u0131raca\u011f\u0131m diyor. \u0130nand\u0131n\u0131z m\u0131? Hayat\u0131n yalan ya. Siz neyi s\u00f6z verdiniz de yerine getirdiniz.<\/p>\n<p>*\u0130stanbul\u2019da su fiyatlar\u0131n\u0131 indireceklerdi, ne oldu? Otob\u00fcs fiyatlar\u0131n\u0131 indireceklerdi. Ankara \u00f6yle. \u0130zmir \u00f6yle. Hayatlar\u0131 yalan.<\/p>\n<p>*Yolumuza yeni m\u00fcjdeler ve yeni ba\u015far\u0131larla devam edece\u011fiz. Bundan iki sene \u00f6nce k\u00fcresel uzay yar\u0131\u015f\u0131nda \u00fclkemizi \u00fcst liglere ta\u015f\u0131yacak Milli Uzay Program\u0131\u2019na a\u00e7\u0131klam\u0131\u015ft\u0131k.<\/p>\n<p><strong>T\u00dcRK\u0130YE\u2019N\u0130N \u0130LK UZAY YOLCUSU A\u00c7IKLANDI<\/strong><\/p>\n<p>*May\u0131s ay\u0131nda ba\u015flatt\u0131\u011f\u0131m\u0131z s\u00fcre\u00e7te 1 asil 1 yedek, 2 uzay yolcumuzu belirledik. \u00d6ncelikle uzay yolcusu olmak \u00fczere ba\u015fvuranlara te\u015fekk\u00fcr ediyorum.<\/p>\n<p><img decoding=\"async\" src=\"https:\/\/i01.sozcucdn.com\/wp-content\/uploads\/2023\/04\/29\/aa-20230429-30991966-30991964-cumhurbaskani_erdogan_turkiyenin_uzay_yolcularini_acikladi.jpg\"\/><\/p>\n<p>*T\u00fcrkiye\u2019nin insanl\u0131 ilk uzay g\u00f6revine \u00e7\u0131kacak arkada\u015f\u0131m\u0131z ISS\u2019te 14 g\u00fcn kalacak. Uzay yolcumuz bu g\u00f6revde \u00fclkemizin k\u0131ymetli \u00fcniversite ve ara\u015ft\u0131rma kurumlar\u0131n\u0131n haz\u0131rlad\u0131\u011f\u0131 13 deney ger\u00e7ekle\u015ftirecek.<\/p>\n<p>*Uzay yolcumuzun uzayla bulu\u015fma zaman\u0131 2023\u2019\u00fcn son \u00e7eyre\u011fi. Vakit geldi. Bayra\u011f\u0131m\u0131z\u0131 uzayda gururla ta\u015f\u0131yacak uzay yolcular\u0131m\u0131z\u0131 tan\u0131ma vakti geldi.<\/p>\n<p><img decoding=\"async\" src=\"https:\/\/i01.sozcucdn.com\/wp-content\/uploads\/2023\/04\/29\/aa-20230429-30991966-30991965-cumhurbaskani_erdogan_turkiyenin_uzay_yolcularini_acikladi.jpg\"\/><\/p>\n<p>*Uluslararas\u0131 Uzay \u0130stasyonu\u2019na gidecek Alper Gezer Avc\u0131 karde\u015fimiz Hava Kuvvetleri\u2019nde \u00f6nemli ba\u015far\u0131lara imza atm\u0131\u015f kahraman bir T\u00fcrk pilotudur. Yedek se\u00e7ilen Cihangir Atasever karde\u015fimiz de ROKETSAN\u2019da bir sistem m\u00fchendisidir.<\/p>\n","protected":false},"excerpt":{"rendered":"<p>Ge\u00e7en g\u00fcnlerde rahats\u0131zlanarak t\u00fcm programlar\u0131n\u0131 iptal eden Cumhurba\u015fkan\u0131 Erdo\u011fan, 4 g\u00fcn sonra alanlara geri d\u00f6nd\u00fc. Erdo\u011fan, Atat\u00fcrk Havaliman\u0131&#8217;n\u0131 uzay \u00e7al\u0131\u015fmalar\u0131n\u0131n merkezi haline getireceklerini s\u00f6yleyen CHP lideri K\u0131l\u0131\u00e7daro\u011flu&#8217;na yan\u0131t verdi.<\/p>\n","protected":false},"author":1,"featured_media":83104,"comment_status":"closed","ping_status":"open","sticky":false,"template":"","format":"standard","meta":{"footnotes":""},"categories":[26],"tags":[481,7213,87,212],"class_list":["post-83103","post","type-post","status-publish","format-standard","has-post-thumbnail","hentry","category-gundem","tag-cumhurbaskani","tag-teknofest","tag-turk","tag-uzay"],"_links":{"self":[{"href":"https:\/\/haberulus.net\/index.php?rest_route=\/wp\/v2\/posts\/83103","targetHints":{"allow":["GET"]}}],"collection":[{"href":"https:\/\/haberulus.net\/index.php?rest_route=\/wp\/v2\/posts"}],"about":[{"href":"https:\/\/haberulus.net\/index.php?rest_route=\/wp\/v2\/types\/post"}],"author":[{"embeddable":true,"href":"https:\/\/haberulus.net\/index.php?rest_route=\/wp\/v2\/users\/1"}],"replies":[{"embeddable":true,"href":"https:\/\/haberulus.net\/index.php?rest_route=%2Fwp%2Fv2%2Fcomments&post=83103"}],"version-history":[{"count":1,"href":"https:\/\/haberulus.net\/index.php?rest_route=\/wp\/v2\/posts\/83103\/revisions"}],"predecessor-version":[{"id":83105,"href":"https:\/\/haberulus.net\/index.php?rest_route=\/wp\/v2\/posts\/83103\/revisions\/83105"}],"wp:featuredmedia":[{"embeddable":true,"href":"https:\/\/haberulus.net\/index.php?rest_route=\/wp\/v2\/media\/83104"}],"wp:attachment":[{"href":"https:\/\/haberulus.net\/index.php?rest_route=%2Fwp%2Fv2%2Fmedia&parent=83103"}],"wp:term":[{"taxonomy":"category","embeddable":true,"href":"https:\/\/haberulus.net\/index.php?rest_route=%2Fwp%2Fv2%2Fcategories&post=83103"},{"taxonomy":"post_tag","embeddable":true,"href":"https:\/\/haberulus.net\/index.php?rest_route=%2Fwp%2Fv2%2Ftags&post=83103"}],"curies":[{"name":"wp","href":"https:\/\/api.w.org\/{rel}","templated":true}]}}