{"id":83202,"date":"2023-04-29T13:21:03","date_gmt":"2023-04-29T13:21:03","guid":{"rendered":"https:\/\/haberulus.net\/?p=83202"},"modified":"2023-04-29T13:21:03","modified_gmt":"2023-04-29T13:21:03","slug":"secime-gunler-kala-kilicdaroglundan-sagduyu-cagrisi-son-10-gunde-girisilecek-en-pis-isleri-biliyorum","status":"publish","type":"post","link":"https:\/\/haberulus.net\/?p=83202","title":{"rendered":"Se\u00e7ime g\u00fcnler kala K\u0131l\u0131\u00e7daro\u011flu&#8217;ndan &#8220;sa\u011fduyu&#8221; \u00e7a\u011fr\u0131s\u0131: Son 10 g\u00fcnde giri\u015filecek en pis i\u015fleri biliyorum"},"content":{"rendered":"<p>14 May\u0131s&#8217;taki se\u00e7imlere say\u0131l\u0131 g\u00fcnler kala Millet \u0130ttifak\u0131&#8217;n\u0131n cumhurba\u015fkan\u0131 aday\u0131 Kemal K\u0131l\u0131\u00e7daro\u011flu da \u00e7al\u0131\u015fmalar\u0131na h\u0131zla devam ediyor. Mitinglerin yan\u0131 s\u0131ra sosyal medya hesaplar\u0131n\u0131 da olduk\u00e7a aktif bir \u015fekilde kullanan K\u0131l\u0131\u00e7daro\u011flu, son olarak dikkat \u00e7eken ifadelerin yer ald\u0131\u011f\u0131 bir payla\u015f\u0131m yapt\u0131.<\/p>\n<p><b>&#8220;SE\u00c7\u0130ME G\u0130D\u0130YORUZ, SAVA\u015eA DE\u011e\u0130L&#8221;<\/b><\/p>\n<p>&#8220;Bu kirli dile son verilsin.&#8221; diyen CHP lideri, &#8220;Akla gelmeyecek pis oyunlar ve ithamlarla neye varmak istendi\u011fini insan\u0131m\u0131z g\u00f6r\u00fcyor. Se\u00e7ime gidiyoruz, sava\u015fa de\u011fil. Nice iktidarlar de\u011fi\u015fti, yola hep devam ettik. Son 10 g\u00fcnde giri\u015filecek en pis i\u015fleri biliyorum. Ve onlara diyorum ki: Az\u0131c\u0131k sa\u011fduyu!&#8221; ifadelerini kulland\u0131.<\/p>\n<p><b>&#8220;PERVASIZCA KUTUPLA\u015eTIRMANIZDAN BIKTIK&#8221;<\/b><\/p>\n<p>K\u0131l\u0131\u00e7daro\u011flu a\u00e7\u0131klamalar\u0131n\u0131 \u015f\u00f6yle s\u00fcrd\u00fcrd\u00fc: &#8220;B\u0131rak\u0131n halk\u0131m\u0131z huzur i\u00e7inde, g\u00fcl\u00fcmseyerek sand\u0131\u011fa gitsin, i\u00e7i ferah evine d\u00f6ns\u00fcn. Mahalleyi, haneyi pervas\u0131zca kutupla\u015ft\u0131rman\u0131zdan b\u0131kt\u0131k usand\u0131k. Bu kalan s\u00fcreyi ger\u00e7ekten bir se\u00e7im havas\u0131nda ge\u00e7irmek istiyoruz. Art\u0131k vatan\u0131m\u0131z\u0131n huzurunu bozmaktan vazge\u00e7in.<\/p>\n<p><img decoding=\"async\" src=\"https:\/\/i.hbrcdn.com\/haber\/2023\/04\/29\/secime-gunler-kala-kilicdaroglu-ndan-sagduyu-15839361_2792_m.jpg\" alt=\"\" title=\"\"><\/p>\n<p><b>&#8220;SE\u00c7\u0130ME DARBE DED\u0130N\u0130Z&#8221;<\/b><\/p>\n<p>Se\u00e7ime darbe dediniz. Kendi halk\u0131n\u0131za kar\u015f\u0131 Uhud Sava\u015f\u0131 benzetmesi yapt\u0131n\u0131z. \u0130\u015fgalciye benzettiniz be halk\u0131m\u0131z\u0131. Nerede duracaks\u0131n\u0131z?<\/p>\n<p><b>&#8220;\u0130\u00c7\u0130N\u0130ZDEK\u0130N\u0130 D\u0130ZG\u0130NLEY\u0130N&#8221;<\/b><\/p>\n<p>Ben \u00fczerime d\u00fc\u015fen sorumlulu\u011fu yerine getirmeye ve sa\u011fduyu \u00e7a\u011fr\u0131s\u0131 yapmaya devam edece\u011fim. \u00c7\u00fcnk\u00fc sa\u011fduyusunu kaybetmi\u015f olan\u0131n yard\u0131m\u0131na \u015feytan ko\u015farm\u0131\u015f. \u0130\u00e7inizdekini dizginleyin, yoksa bu nefret ba\u015fta sizi sonra hepimizi yutacak.&#8221;<\/p>\n","protected":false},"excerpt":{"rendered":"<p>CHP lideri ve Millet \u0130ttifak\u0131&#8217;n\u0131n cumhurba\u015fkan\u0131 aday\u0131 Kemal K\u0131l\u0131\u00e7daro\u011flu, sosyal medya hesab\u0131ndan dikkat \u00e7eken bir dizi payla\u015f\u0131m yapt\u0131. K\u0131l\u0131\u00e7daro\u011flu, &#8220;Se\u00e7ime gidiyoruz, sava\u015fa de\u011fil. Son 10 g\u00fcnde giri\u015filecek en pis i\u015fleri biliyorum. Ve onlara diyorum ki: Az\u0131c\u0131k sa\u011fduyu! Ben \u00fczerime d\u00fc\u015fen sorumlulu\u011fu yerine getirmeye ve sa\u011fduyu \u00e7a\u011fr\u0131s\u0131 yapmaya devam edece\u011fim.&#8221; dedi.<\/p>\n","protected":false},"author":1,"featured_media":83203,"comment_status":"closed","ping_status":"open","sticky":false,"template":"","format":"standard","meta":{"footnotes":""},"categories":[28],"tags":[320],"class_list":["post-83202","post","type-post","status-publish","format-standard","has-post-thumbnail","hentry","category-politika","tag-secim"],"_links":{"self":[{"href":"https:\/\/haberulus.net\/index.php?rest_route=\/wp\/v2\/posts\/83202","targetHints":{"allow":["GET"]}}],"collection":[{"href":"https:\/\/haberulus.net\/index.php?rest_route=\/wp\/v2\/posts"}],"about":[{"href":"https:\/\/haberulus.net\/index.php?rest_route=\/wp\/v2\/types\/post"}],"author":[{"embeddable":true,"href":"https:\/\/haberulus.net\/index.php?rest_route=\/wp\/v2\/users\/1"}],"replies":[{"embeddable":true,"href":"https:\/\/haberulus.net\/index.php?rest_route=%2Fwp%2Fv2%2Fcomments&post=83202"}],"version-history":[{"count":1,"href":"https:\/\/haberulus.net\/index.php?rest_route=\/wp\/v2\/posts\/83202\/revisions"}],"predecessor-version":[{"id":83204,"href":"https:\/\/haberulus.net\/index.php?rest_route=\/wp\/v2\/posts\/83202\/revisions\/83204"}],"wp:featuredmedia":[{"embeddable":true,"href":"https:\/\/haberulus.net\/index.php?rest_route=\/wp\/v2\/media\/83203"}],"wp:attachment":[{"href":"https:\/\/haberulus.net\/index.php?rest_route=%2Fwp%2Fv2%2Fmedia&parent=83202"}],"wp:term":[{"taxonomy":"category","embeddable":true,"href":"https:\/\/haberulus.net\/index.php?rest_route=%2Fwp%2Fv2%2Fcategories&post=83202"},{"taxonomy":"post_tag","embeddable":true,"href":"https:\/\/haberulus.net\/index.php?rest_route=%2Fwp%2Fv2%2Ftags&post=83202"}],"curies":[{"name":"wp","href":"https:\/\/api.w.org\/{rel}","templated":true}]}}