{"id":83253,"date":"2023-04-29T15:21:02","date_gmt":"2023-04-29T15:21:02","guid":{"rendered":"https:\/\/haberulus.net\/?p=83253"},"modified":"2023-04-29T15:21:02","modified_gmt":"2023-04-29T15:21:02","slug":"cumhurbaskani-erdogan-izmirden-kilicdarogluna-meydan-okudu-bu-secim-bay-bay-kemali-ugurlama-secimi","status":"publish","type":"post","link":"https:\/\/haberulus.net\/?p=83253","title":{"rendered":"Cumhurba\u015fkan\u0131 Erdo\u011fan, \u0130zmir&#8217;den K\u0131l\u0131\u00e7daro\u011flu&#8217;na meydan okudu: Bu se\u00e7im Bay Bay Kemal&#8217;i u\u011furlama se\u00e7imi"},"content":{"rendered":"<p>Cumhurba\u015fkan\u0131 Recep Tayyip Erdo\u011fan \u0130zmir G\u00fcndo\u011fdu Meydan\u0131&#8217;nda d\u00fczenlenen mitingde geni\u015f bir kalabal\u0131\u011fa hitap etti. Millet \u0130ttifak\u0131 Cumhurba\u015fkan\u0131 aday\u0131 ve CHP Genel Ba\u015fkan\u0131 Kemal K\u0131l\u0131\u00e7daro\u011flu&#8217;na meydan okuyan Cumhurba\u015fkan\u0131 Erdo\u011fan sert s\u00f6zlerle y\u00fcklendi.<\/p>\n<p><b>&#8220;BAY BAY KEMAL&#8217;\u0130 U\u011eURLAMAYA HAZIR MIYIZ?&#8221;<\/b><\/p>\n<p>Cumhurba\u015fkan\u0131 Erdo\u011fan, &#8220;Biz 21 y\u0131ld\u0131r \u00fclkemizi Dadalo\u011flu&#8217;ndan ald\u0131\u011f\u0131m\u0131z ilhamla y\u00fcr\u00fcyerek bu g\u00fcnlere geldik. Vesayetin tehditlerinden korkmad\u0131k. Ter\u00f6r \u00f6rg\u00fct\u00fcn\u00fcn sald\u0131r\u0131lar\u0131ndan \u00fcrkmedik. Bay bay Kemal gibi onlar\u0131n uzant\u0131lar\u0131yla gidip g\u00f6r\u00fc\u015fmeler yapmad\u0131k. Kandil&#8217;in parlamentodaki temsilcileriyle acaba bay bay Kemal kapal\u0131 kap\u0131lar ard\u0131nda ne g\u00f6r\u00fc\u015ft\u00fc, bir a\u00e7\u0131klasana. \u0130zmir&#8217;e b\u00f6yle birisi yak\u0131\u015f\u0131yor mu ya? Bu se\u00e7im, 14 May\u0131s bay bay Kemal&#8217;i u\u011furlama se\u00e7imi olmal\u0131. Bunu yapmaya haz\u0131r m\u0131y\u0131z? Muhte\u015fem kalabal\u0131\u011f\u0131 g\u00f6r\u00fcnce size inan\u0131yorum. \u0130zmir karar\u0131n\u0131 vermi\u015f.&#8221; dedi.<\/p>\n<p>Ayr\u0131nt\u0131lar geliyor&#8230;<\/p>\n","protected":false},"excerpt":{"rendered":"<p>G\u00fcndo\u011fdu Meydan\u0131&#8217;nda d\u00fczenlenen \u0130zmir mitinginde b\u00fcy\u00fck bir kalabal\u0131\u011fa hitap eden Cumhurba\u015fkan\u0131 Erdo\u011fan, rakibi K\u0131l\u0131\u00e7daro\u011flu&#8217;na meydan okudu. 14 May\u0131s&#8217;\u0131 i\u015faret eden Erdo\u011fan, &#8220;Bu se\u00e7im Bay Bay Kemal&#8217;i u\u011furlama se\u00e7imi olmal\u0131. Kalan \u015fu iki haftada durmak yok, yola devam. Bug\u00fcnk\u00fc kat\u0131l\u0131m\u0131 g\u00f6r\u00fcnce size inan\u0131yorum. \u0130zmir karar\u0131n\u0131 vermi\u015f, gere\u011fini yapacak. \u0130zmir daha iyisine lay\u0131k diyor, do\u011fru.&#8221; dedi.<\/p>\n","protected":false},"author":1,"featured_media":83254,"comment_status":"closed","ping_status":"open","sticky":false,"template":"","format":"standard","meta":{"footnotes":""},"categories":[28],"tags":[3601,3599],"class_list":["post-83253","post","type-post","status-publish","format-standard","has-post-thumbnail","hentry","category-politika","tag-bay","tag-kemal"],"_links":{"self":[{"href":"https:\/\/haberulus.net\/index.php?rest_route=\/wp\/v2\/posts\/83253","targetHints":{"allow":["GET"]}}],"collection":[{"href":"https:\/\/haberulus.net\/index.php?rest_route=\/wp\/v2\/posts"}],"about":[{"href":"https:\/\/haberulus.net\/index.php?rest_route=\/wp\/v2\/types\/post"}],"author":[{"embeddable":true,"href":"https:\/\/haberulus.net\/index.php?rest_route=\/wp\/v2\/users\/1"}],"replies":[{"embeddable":true,"href":"https:\/\/haberulus.net\/index.php?rest_route=%2Fwp%2Fv2%2Fcomments&post=83253"}],"version-history":[{"count":1,"href":"https:\/\/haberulus.net\/index.php?rest_route=\/wp\/v2\/posts\/83253\/revisions"}],"predecessor-version":[{"id":83255,"href":"https:\/\/haberulus.net\/index.php?rest_route=\/wp\/v2\/posts\/83253\/revisions\/83255"}],"wp:featuredmedia":[{"embeddable":true,"href":"https:\/\/haberulus.net\/index.php?rest_route=\/wp\/v2\/media\/83254"}],"wp:attachment":[{"href":"https:\/\/haberulus.net\/index.php?rest_route=%2Fwp%2Fv2%2Fmedia&parent=83253"}],"wp:term":[{"taxonomy":"category","embeddable":true,"href":"https:\/\/haberulus.net\/index.php?rest_route=%2Fwp%2Fv2%2Fcategories&post=83253"},{"taxonomy":"post_tag","embeddable":true,"href":"https:\/\/haberulus.net\/index.php?rest_route=%2Fwp%2Fv2%2Ftags&post=83253"}],"curies":[{"name":"wp","href":"https:\/\/api.w.org\/{rel}","templated":true}]}}