{"id":83262,"date":"2023-04-29T15:37:03","date_gmt":"2023-04-29T15:37:03","guid":{"rendered":"https:\/\/haberulus.net\/?p=83262"},"modified":"2023-04-29T15:37:03","modified_gmt":"2023-04-29T15:37:03","slug":"sivasspor-fenerbahce-maci-canli-super-lig-32-hafta","status":"publish","type":"post","link":"https:\/\/haberulus.net\/?p=83262","title":{"rendered":"Sivasspor Fenerbah\u00e7e ma\u00e7\u0131 canl\u0131 (S\u00fcper Lig 32. hafta)"},"content":{"rendered":"<p>Spor Toto S\u00fcper Lig\u2019in 32. haftas\u0131nda Demir Grup Sivasspor, sahas\u0131nda Fenerbah\u00e7e\u2019yi konuk edecek. Sivas 4 Eyl\u00fcl Stad\u0131\u2019nda oynanacak Sivasspor-Fenerbah\u00e7e ma\u00e7\u0131n\u0131 hakem Zorbay K\u00fc\u00e7\u00fck y\u00f6netecek.<\/p>\n<p>Ligde son olarak \u0130stanbulspor ile Kad\u0131k\u00f6y\u2019de 3-3 berabere kalan sar\u0131-lacivertliler, ayn\u0131 haftay\u0131 beraberlikle kapatan lider Galatasaray ile aras\u0131ndaki 6 puanl\u0131k fark\u0131 d\u00fc\u015f\u00fcrememi\u015fti.<\/p>\n<p>Teknik direkt\u00f6r Jorge Jesus y\u00f6netimindeki Fenerbah\u00e7e, haftaya 64 puanla 2. s\u0131rada giriyor. Son haftalarda \u00e7\u0131k\u0131\u015fa ge\u00e7en ve son ma\u00e7\u0131nda Fraport TAV Antalyaspor\u2019u deplasmanda 2-1 ma\u011flup eden Sivasspor ise 37 puanla 10. s\u0131rada yer al\u0131yor.<\/p>\n<p><b>FENERBAH\u00c7E\u2019DE 6 EKS\u0130K<\/b><\/p>\n<p>Fenerbah\u00e7e\u2019de sakatl\u0131klar\u0131 bulunan Altay Bay\u0131nd\u0131r, Attila Szalai, Michy Batshuayi, Lincoln Henrique ve Miha Zajc ile sar\u0131 kart cezal\u0131s\u0131 Emre Mor, kamp kadrosuna yer alm\u0131yor.<\/p>\n<p>Son 2 ma\u00e7\u0131n\u0131 kazanarak \u00e7\u0131k\u0131\u015f yakalayan Sivas temsilcisinde ise Fenerbah\u00e7e ma\u00e7\u0131 \u00f6ncesinde sakat ve cezal\u0131 oyuncu bulunmuyor.<\/p>\n","protected":false},"excerpt":{"rendered":"<p>Sivasspor-Fenerbah\u00e7e ma\u00e7\u0131n\u0131 canl\u0131 olarak S\u00f6zc\u00fc Spor&#8217;dan takip edebilirsiniz. S\u00fcper Lig&#8217;de heyecan Sivasspor-Fenerbah\u00e7e ma\u00e7\u0131 ile devam ediyor. 2022-23 sezonunun 32. haftas\u0131nda \u015fampiyonluk yar\u0131\u015f\u0131nda puan kayb\u0131na tahamm\u00fcl\u00fc olmayan Fenerbah\u00e7e, deplasmanda Sivasspor ile kozlar\u0131n\u0131 payla\u015f\u0131yor. Sivasspor-Fenerbah\u00e7e ma\u00e7\u0131n\u0131n t\u00fcm detaylar\u0131 ve canl\u0131 anlat\u0131m\u0131 haberimizde&#8230;<\/p>\n","protected":false},"author":1,"featured_media":83263,"comment_status":"closed","ping_status":"open","sticky":false,"template":"","format":"standard","meta":{"footnotes":""},"categories":[31],"tags":[346,108],"class_list":["post-83262","post","type-post","status-publish","format-standard","has-post-thumbnail","hentry","category-spor","tag-fenerbahce","tag-sivas"],"_links":{"self":[{"href":"https:\/\/haberulus.net\/index.php?rest_route=\/wp\/v2\/posts\/83262","targetHints":{"allow":["GET"]}}],"collection":[{"href":"https:\/\/haberulus.net\/index.php?rest_route=\/wp\/v2\/posts"}],"about":[{"href":"https:\/\/haberulus.net\/index.php?rest_route=\/wp\/v2\/types\/post"}],"author":[{"embeddable":true,"href":"https:\/\/haberulus.net\/index.php?rest_route=\/wp\/v2\/users\/1"}],"replies":[{"embeddable":true,"href":"https:\/\/haberulus.net\/index.php?rest_route=%2Fwp%2Fv2%2Fcomments&post=83262"}],"version-history":[{"count":1,"href":"https:\/\/haberulus.net\/index.php?rest_route=\/wp\/v2\/posts\/83262\/revisions"}],"predecessor-version":[{"id":83264,"href":"https:\/\/haberulus.net\/index.php?rest_route=\/wp\/v2\/posts\/83262\/revisions\/83264"}],"wp:featuredmedia":[{"embeddable":true,"href":"https:\/\/haberulus.net\/index.php?rest_route=\/wp\/v2\/media\/83263"}],"wp:attachment":[{"href":"https:\/\/haberulus.net\/index.php?rest_route=%2Fwp%2Fv2%2Fmedia&parent=83262"}],"wp:term":[{"taxonomy":"category","embeddable":true,"href":"https:\/\/haberulus.net\/index.php?rest_route=%2Fwp%2Fv2%2Fcategories&post=83262"},{"taxonomy":"post_tag","embeddable":true,"href":"https:\/\/haberulus.net\/index.php?rest_route=%2Fwp%2Fv2%2Ftags&post=83262"}],"curies":[{"name":"wp","href":"https:\/\/api.w.org\/{rel}","templated":true}]}}