{"id":83524,"date":"2023-04-30T08:29:03","date_gmt":"2023-04-30T08:29:03","guid":{"rendered":"https:\/\/haberulus.net\/?p=83524"},"modified":"2023-04-30T08:29:03","modified_gmt":"2023-04-30T08:29:03","slug":"erzurum-ardahan-ve-karsta-nisan-sonunda-kar","status":"publish","type":"post","link":"https:\/\/haberulus.net\/?p=83524","title":{"rendered":"Erzurum, Ardahan ve Kars\u2019ta nisan sonunda kar"},"content":{"rendered":"<p>Erzurum\u2019da etkili olan sa\u011fanak, yerini y\u00fcksek kesimlerde kar ya\u011f\u0131\u015f\u0131na b\u0131rakt\u0131. Kayak merkezinin de yer ald\u0131\u011f\u0131 Paland\u00f6ken Da\u011f\u0131 baharda tekrar kar alt\u0131nda kald\u0131.<\/p>\n<p>T\u00fcrkiye\u2019nin \u00f6nemli kayak merkezlerinden Paland\u00f6ken\u2019in beyazla b\u00fct\u00fcnle\u015fen g\u00f6r\u00fcnt\u00fcs\u00fc kentin farkl\u0131 noktalar\u0131ndan da g\u00f6zlendi.<\/p>\n<p><img decoding=\"async\" src=\"https:\/\/i01.sozcucdn.com\/wp-content\/uploads\/2023\/04\/30\/erzurum1.jpeg\" alt=\"\" title=\"\"><\/p>\n<p><strong>ARDAHAN<\/strong><\/p>\n<p>Ardahan\u2019da d\u00fcn y\u00fcksek kesimlerde ba\u015flayan kar etkisini s\u00fcrd\u00fcrd\u00fc.<\/p>\n<p>Aral\u0131klarla ya\u011fan kar, tepeleri beyaza b\u00fcr\u00fcd\u00fc.<\/p>\n<p><img decoding=\"async\" src=\"https:\/\/i01.sozcucdn.com\/wp-content\/uploads\/2023\/04\/30\/aa1.jpeg\" alt=\"\" title=\"\"><\/p>\n<p>Kar ya\u011f\u0131\u015f\u0131 \u00f6zellikle Ardahan-Artvin ile G\u00f6le il\u00e7esi aras\u0131ndaki tepelerde etkili oldu.<\/p>\n<p><strong>KARS<\/strong><\/p>\n<p>Kars\u2019\u0131n y\u00fcksek kesimlerinde kar etkili oldu.<\/p>\n<p>Digor-Kars kara yolunun Hanlar Ge\u00e7idi beyaza b\u00fcr\u00fcn\u00fcrken s\u00fcr\u00fcc\u00fcler kayganla\u015fan yolda ilerlemekte g\u00fc\u00e7l\u00fck \u00e7ekti.<\/p>\n<p><img decoding=\"async\" src=\"https:\/\/i01.sozcucdn.com\/wp-content\/uploads\/2023\/04\/30\/kars2.jpeg\" alt=\"\" title=\"\"><\/p>\n<p>Kar\u0131n yan\u0131 s\u0131ra baz\u0131 b\u00f6lgelere sis de etkili oldu.<\/p>\n<p>Sar\u0131kam\u0131\u015f il\u00e7esinde de y\u00fcksek kesimler, tekrar etkili olan kar nedeniyle beyaza b\u00fcr\u00fcnd\u00fc, \u00e7i\u00e7ekler kar alt\u0131nda kald\u0131. (AA)<\/p>\n","protected":false},"excerpt":{"rendered":"<p>Erzurum, Ardahan ve Kars&#8217;\u0131n y\u00fcksek kesimlerinde kar etkili oldu.<\/p>\n","protected":false},"author":1,"featured_media":83525,"comment_status":"closed","ping_status":"open","sticky":false,"template":"","format":"standard","meta":{"footnotes":""},"categories":[33],"tags":[3089,1563],"class_list":["post-83524","post","type-post","status-publish","format-standard","has-post-thumbnail","hentry","category-yasam","tag-etkili","tag-kar"],"_links":{"self":[{"href":"https:\/\/haberulus.net\/index.php?rest_route=\/wp\/v2\/posts\/83524","targetHints":{"allow":["GET"]}}],"collection":[{"href":"https:\/\/haberulus.net\/index.php?rest_route=\/wp\/v2\/posts"}],"about":[{"href":"https:\/\/haberulus.net\/index.php?rest_route=\/wp\/v2\/types\/post"}],"author":[{"embeddable":true,"href":"https:\/\/haberulus.net\/index.php?rest_route=\/wp\/v2\/users\/1"}],"replies":[{"embeddable":true,"href":"https:\/\/haberulus.net\/index.php?rest_route=%2Fwp%2Fv2%2Fcomments&post=83524"}],"version-history":[{"count":1,"href":"https:\/\/haberulus.net\/index.php?rest_route=\/wp\/v2\/posts\/83524\/revisions"}],"predecessor-version":[{"id":83526,"href":"https:\/\/haberulus.net\/index.php?rest_route=\/wp\/v2\/posts\/83524\/revisions\/83526"}],"wp:featuredmedia":[{"embeddable":true,"href":"https:\/\/haberulus.net\/index.php?rest_route=\/wp\/v2\/media\/83525"}],"wp:attachment":[{"href":"https:\/\/haberulus.net\/index.php?rest_route=%2Fwp%2Fv2%2Fmedia&parent=83524"}],"wp:term":[{"taxonomy":"category","embeddable":true,"href":"https:\/\/haberulus.net\/index.php?rest_route=%2Fwp%2Fv2%2Fcategories&post=83524"},{"taxonomy":"post_tag","embeddable":true,"href":"https:\/\/haberulus.net\/index.php?rest_route=%2Fwp%2Fv2%2Ftags&post=83524"}],"curies":[{"name":"wp","href":"https:\/\/api.w.org\/{rel}","templated":true}]}}