{"id":83902,"date":"2023-04-30T20:37:03","date_gmt":"2023-04-30T20:37:03","guid":{"rendered":"https:\/\/haberulus.net\/?p=83902"},"modified":"2023-04-30T20:37:03","modified_gmt":"2023-04-30T20:37:03","slug":"emre-kocadag-simdiye-kadar-adaletli-bir-lig-olmadi","status":"publish","type":"post","link":"https:\/\/haberulus.net\/?p=83902","title":{"rendered":"Emre Kocada\u011f: \u015eimdiye kadar adaletli bir lig olmad\u0131"},"content":{"rendered":"<p>Spor Toto S\u00fcper Lig\u2019in 32. haftas\u0131nda Galatasaray\u2019\u0131 3-1 ma\u011flup eden Be\u015fikta\u015f\u2019ta asba\u015fkan Emre Kocada\u011f, Merkez Hakem Kurulu\u2019na \u2018adalet\u2019 \u00e7a\u011fr\u0131s\u0131nda bulundu.<\/p>\n<p>Ma\u00e7\u0131n ard\u0131ndan bas\u0131n mensuplar\u0131na a\u00e7\u0131klamalarda bulunan Kocada\u011f, Be\u015fikta\u015f\u2019\u0131n \u015fampiyonluk yar\u0131\u015f\u0131nda oldu\u011funu belirterek, \u201cBe\u015fikta\u015f\u2019\u0131 yar\u0131\u015f\u0131n d\u0131\u015f\u0131na itmek isteyenlere en g\u00fczel cevab\u0131 sahada verdik. 5 hafta \u00f6nce Kad\u0131k\u00f6y\u2019de ald\u0131\u011f\u0131m\u0131z 4 goll\u00fc galibiyet, bug\u00fcn evimizde Galatasaray\u2019a kar\u015f\u0131 ald\u0131\u011f\u0131m\u0131z galibiyetle averajda \u00fcst\u00fcnl\u00fck sa\u011flad\u0131k. Be\u015fikta\u015f \u015fampiyonlu\u011fun en b\u00fcy\u00fck adaylar\u0131ndan biridir. Bunu herkes b\u00f6yle kabul etmek zorunda. Yeter ki lig adaletli \u015fekilde y\u00f6netilsin, hakemler, federasyon bu i\u015fi y\u00f6netmeye talip olsun.\u201d ifadelerini kulland\u0131.<\/p>\n<p><b>\u201c\u0130\u00c7\u0130N\u0130ZDE B\u0130RAZ V\u0130CDAN VARSA\u2026\u201d<\/b><\/p>\n<p>Derbi ma\u00e7\u0131nda Be\u015fikta\u015f\u2019\u0131n \u00f6n\u00fcn\u00fcn kesilmesine y\u00f6nelik kararlar oldu\u011funu kaydeden Kocada\u011f, deprem nedeniyle ligden \u00e7ekilen tak\u0131mlar\u0131n kalan ma\u00e7lar\u0131yla ilgili ald\u0131\u011f\u0131 karar\u0131ndan dolay\u0131 T\u00fcrkiye Futbol Federasyonunu ele\u015ftirerek \u015funlar\u0131 aktard\u0131:<\/p>\n<p>\u201cBug\u00fcn Be\u015fikta\u015f aleyhine verilen onlarca karar var ikili m\u00fccadelelerde. Be\u015fikta\u015f\u2019\u0131n \u00f6n\u00fcn\u00fc kesmeye y\u00f6nelik vard\u0131 ama bu ad\u0131mlar ba\u015far\u0131l\u0131 olamad\u0131. Hem kurullara hem Merkez Hakem Kurulu\u2019na seslenmek istiyorum. \u0130\u00e7inizde biraz vicdan, adalet duygusu varsa kalan 5 haftada bunu sahaya yans\u0131t\u0131rs\u0131n\u0131z. Be\u015fikta\u015f\u2019\u0131 sene ba\u015f\u0131ndan beri yar\u0131\u015f\u0131n d\u0131\u015f\u0131nda tutmaya \u00e7al\u0131\u015fman\u0131z fayda getirmedi. Be\u015fikta\u015f her zaman oldu\u011fu gibi bu yar\u0131\u015f\u0131n i\u00e7inde var oldu\u011funu iki rakibini de farkl\u0131 yenerek g\u00f6sterdi.\u201d<\/p>\n<p><b>\u201cL\u0130GLE ALAKALI ONLARCA \u015eA\u0130BE KONU\u015eULUYOR\u201d<\/b><\/p>\n<p>\u201cBu koltuklar hepimiz i\u00e7in gelip ge\u00e7ici. Bu koltuklardan kalkt\u0131\u011f\u0131n\u0131zda arkan\u0131zdan konu\u015fulan s\u00f6ylemler sizi ayakta tutuyor. Kurullarda g\u00f6rev alan herkes bunun bilincinde olmal\u0131. Ligle alakal\u0131 onlarca \u015faibe konu\u015fuluyor. Biz hi\u00e7bir zaman elimizde belgeler var, bildiklerimiz var gibi s\u00f6ylemler yapmad\u0131k. Bildi\u011fimiz ne varsa her zaman s\u00f6yledik. Bildi\u011fimiz tek \u015fey var, o da \u015fimdiye kadar adaletli bir lig olmad\u0131.\u201d<\/p>\n<p><b>\u201cGALATASARAY DA H\u0130SSETM\u0130\u015eT\u0130R\u201d<\/b><\/p>\n<p>\u201cBug\u00fcn bir kez daha ge\u00e7mi\u015f s\u00f6ylemlerimizin ne kadar hakl\u0131 oldu\u011funu g\u00f6rd\u00fck.\u201d diyen Kocada\u011f, s\u00f6zlerini \u015f\u00f6yle tamamlad\u0131:<\/p>\n<p>\u201cDeplasmanda ve evinde oynaman\u0131n aras\u0131ndaki fark\u0131 umar\u0131m Galatasaray da hissetmi\u015ftir. Deprem nedeniyle ligden \u00e7ekilen kul\u00fcplerle alakal\u0131 adaletsizlik oldu\u011funu s\u00f6yledik. Deplasman ve evinde oynama say\u0131lar\u0131yla alakal\u0131 adaletsizlik oldu\u011funu s\u00f6yledik. Be\u015fikta\u015f\u2019\u0131n evinde oynad\u0131\u011f\u0131 ma\u00e7lardaki, rakiplerin deplasmanlardaki performans\u0131 belli.\u201d<\/p>\n<p><b>\u201cBU KONUYU UNUTMADIK\u201d<\/b><\/p>\n<p>\u201cBunun de\u011ferlendirmesini maalesef adaletsiz \u015fekilde yapt\u0131lar. Bunun adaletsizli\u011fi bug\u00fcn bir kez daha g\u00f6z\u00fckt\u00fc. Bu konuyu biz zaten gerekli mercilere ta\u015f\u0131yaca\u011f\u0131z. Bu zaten cebimizde duran bir konu. Bu konuyu unutmad\u0131k. Bug\u00fcn ya\u015fananlar ne kadar hakl\u0131 oldu\u011fumuz ortaya koyuyor. Be\u015fikta\u015f yar\u0131\u015f\u0131n i\u00e7inde. Bir kez daha herkes i\u00e7in adalet vurgusu yap\u0131yorum. Yar\u0131\u015fan tak\u0131mlar i\u00e7in kurullar ve hakemler bu adaleti sa\u011flamak durumunda.\u201d (AA)<\/p>\n","protected":false},"excerpt":{"rendered":"<p>Be\u015fikta\u015f Kul\u00fcb\u00fc Asba\u015fkan\u0131 Emre Kocada\u011f, Galatasaray ma\u00e7\u0131n\u0131n ard\u0131ndan a\u00e7\u0131klamalarda bulundu. Kocada\u011f, \u015fampiyonluk iddialar\u0131n\u0131n oldu\u011funu s\u00f6ylerken, ligde adalet olmad\u0131\u011f\u0131n\u0131 belirtti.<\/p>\n","protected":false},"author":1,"featured_media":83903,"comment_status":"closed","ping_status":"open","sticky":false,"template":"","format":"standard","meta":{"footnotes":""},"categories":[31],"tags":[1653,324,437,4472],"class_list":["post-83902","post","type-post","status-publish","format-standard","has-post-thumbnail","hentry","category-spor","tag-adalet","tag-besiktas","tag-lig","tag-yarisin"],"_links":{"self":[{"href":"https:\/\/haberulus.net\/index.php?rest_route=\/wp\/v2\/posts\/83902","targetHints":{"allow":["GET"]}}],"collection":[{"href":"https:\/\/haberulus.net\/index.php?rest_route=\/wp\/v2\/posts"}],"about":[{"href":"https:\/\/haberulus.net\/index.php?rest_route=\/wp\/v2\/types\/post"}],"author":[{"embeddable":true,"href":"https:\/\/haberulus.net\/index.php?rest_route=\/wp\/v2\/users\/1"}],"replies":[{"embeddable":true,"href":"https:\/\/haberulus.net\/index.php?rest_route=%2Fwp%2Fv2%2Fcomments&post=83902"}],"version-history":[{"count":1,"href":"https:\/\/haberulus.net\/index.php?rest_route=\/wp\/v2\/posts\/83902\/revisions"}],"predecessor-version":[{"id":83904,"href":"https:\/\/haberulus.net\/index.php?rest_route=\/wp\/v2\/posts\/83902\/revisions\/83904"}],"wp:featuredmedia":[{"embeddable":true,"href":"https:\/\/haberulus.net\/index.php?rest_route=\/wp\/v2\/media\/83903"}],"wp:attachment":[{"href":"https:\/\/haberulus.net\/index.php?rest_route=%2Fwp%2Fv2%2Fmedia&parent=83902"}],"wp:term":[{"taxonomy":"category","embeddable":true,"href":"https:\/\/haberulus.net\/index.php?rest_route=%2Fwp%2Fv2%2Fcategories&post=83902"},{"taxonomy":"post_tag","embeddable":true,"href":"https:\/\/haberulus.net\/index.php?rest_route=%2Fwp%2Fv2%2Ftags&post=83902"}],"curies":[{"name":"wp","href":"https:\/\/api.w.org\/{rel}","templated":true}]}}