{"id":83926,"date":"2023-04-30T21:19:33","date_gmt":"2023-04-30T21:19:33","guid":{"rendered":"https:\/\/haberulus.net\/?p=83926"},"modified":"2023-04-30T21:19:33","modified_gmt":"2023-04-30T21:19:33","slug":"ak-partili-binali-yildirim-bati-ve-abd-14-mayis-secimlerini-cok-onemsiyor","status":"publish","type":"post","link":"https:\/\/haberulus.net\/?p=83926","title":{"rendered":"AK Partili Binali Y\u0131ld\u0131r\u0131m: Bat\u0131 ve ABD 14 May\u0131s se\u00e7imlerini \u00e7ok \u00f6nemsiyor"},"content":{"rendered":"<p>AK Parti Genel Ba\u015fkanvekili Binali Y\u0131ld\u0131r\u0131m, A  <strong>Haber<\/strong> canl\u0131 yay\u0131n\u0131nda g\u00fcndeme ili\u015fkin a\u00e7\u0131klamalarda bulundu. 14 May\u0131s&#8217;ta yap\u0131lacak se\u00e7imlerin milat oldu\u011funu Binali Y\u0131ld\u0131r\u0131m, Millet \u0130ttifak\u0131&#8217;n\u0131 sert s\u00f6zlerle hedef ald\u0131.<\/p>\n<p><b>&#8220;M\u0130LLET\u0130M\u0130Z BAS\u0130RETL\u0130D\u0130R&#8221;<\/b><\/p>\n<p>AK Partili Y\u0131ld\u0131r\u0131m \u015funlar\u0131 s\u00f6yledi: &#8220;HDP Meclis&#8217;tedir. Kapatma davas\u0131 da vard\u0131r. HDP ilk olarak &#8216;Biz aday \u00e7\u0131karaca\u011f\u0131z&#8217; dedi. K\u0131l\u0131\u00e7daro\u011flu adayl\u0131\u011f\u0131n\u0131 a\u00e7\u0131klay\u0131nca bu karardan vazge\u00e7tiler. Ter\u00f6r \u00f6rg\u00fctlerinin \u00f6nemli isimleri bu konuda a\u00e7\u0131klama yapt\u0131lar. &#8217;14 May\u0131s bir milatt\u0131r. Kap\u0131lar a\u00e7\u0131lacak, Apo \u00e7\u0131kacak, S\u0130HA, \u0130HA&#8217;lar bize nefes ald\u0131rm\u0131yor, bunlar \u00fczerimizden \u00e7ekilecek.&#8217; diyorlar. Ama Millet \u0130ttifak\u0131&#8217;nda yer alan isimler bu duruma ses \u00e7\u0131karam\u0131yor. Milletimiz basiretlidir. Halk hak etti\u011fine hak etti\u011fini sand\u0131kta veriyor.&#8221;<\/p>\n<p><b>&#8220;BATI VE ABD 14 MAYIS SE\u00c7\u0130MLER\u0130N\u0130 \u00c7OK \u00d6NEMS\u0130YOR&#8221;<\/b><\/p>\n<p>Bat\u0131 ve ABD&#8217;nin se\u00e7imlere \u00f6nem verdi\u011fini savunan Y\u0131ld\u0131r\u0131m, &#8220;Bu se\u00e7imde ilk defa Bat\u0131 ve ABD, geli\u015fmi\u015f diye tabir edilen \u00fclkeler &#8216;T\u00fcrkiye&#8217;deki se\u00e7im \u00f6nemli&#8217; diyor. Bizi \u00e7ok sevip merak ettiklerinden de\u011fil. Burada bu se\u00e7im ilk defa b\u00f6l\u00fcc\u00fc \u00f6rg\u00fctlerin PKK&#8217;n\u0131n FET\u00d6&#8217;n\u00fcn me\u015frula\u015ft\u0131rmaya \u00e7al\u0131\u015f\u0131ld\u0131\u011f\u0131 se\u00e7imdir. Sand\u0131\u011fa dolayl\u0131 olarak getirilmeye \u00e7al\u0131\u015f\u0131l\u0131yor.&#8221; ifadelerini kulland\u0131.<\/p>\n<p><b>&#8220;CHP ATAT\u00dcRK \u00c7\u0130ZG\u0130S\u0130NDEN \u00c7IKTI\u011eI \u0130\u00c7\u0130N ECEV\u0130T DSP&#8217;Y\u0130 KURDU&#8221;<\/b><\/p>\n<p>CHP&#8217;nin Atat\u00fcrk \u00e7izgisinden \u00e7\u0131kt\u0131\u011f\u0131n\u0131 s\u00f6yleyen Y\u0131ld\u0131r\u0131m, &#8220;CHP, Atat\u00fcrk \u00e7izgisinden \u00e7\u0131kt\u0131\u011f\u0131 i\u00e7in B\u00fclent Ecevit, DSP&#8217;yi kurdu. Vesayet unsurlar\u0131 hep devreye girdi. Ekim 2007&#8217;de referandum yapt\u0131k. Ve dedik ki her se\u00e7im sonras\u0131 bunlar ya\u015fanmas\u0131n.&#8221; \u015feklinde konu\u015ftu.<\/p>\n<p><b>&#8220;FET\u00d6&#8217;N\u00dcN \u00d6N\u00dc A\u00c7ILINCA GEZ\u0130 VE 17-25 ARALIK OLDU&#8221;<\/b><\/p>\n<p>FET\u00d6&#8217;c\u00fclerin \u00f6n\u00fcn\u00fcn a\u00e7\u0131lmas\u0131ndan sonra Gezi olaylar\u0131n\u0131n ve 17-25 Aral\u0131k&#8217;\u0131n meydana geldi\u011fini vurgulayan Y\u0131ld\u0131r\u0131m konu\u015fmas\u0131na \u015f\u00f6yle devam etti: &#8220;Biz yerli vesayet ortaklar\u0131n\u0131 devre d\u0131\u015f\u0131 b\u0131rak\u0131nca FET\u00d6&#8217;c\u00fclerin \u00f6n\u00fc a\u00e7\u0131ld\u0131. Ard\u0131ndan 17-25 Aral\u0131k, Gezi olaylar\u0131 vesaire geldi. Bizim \u015feytan ta\u015flamaktan arda kalan b\u00f6l\u00fcmde hizmet yapma f\u0131rsat\u0131m\u0131z kald\u0131. Ve diyorlar ki; &#8216;Karde\u015fim Orta Do\u011fu, Balkanlar, Kafkaslar di\u011fer b\u00f6lgelerdeki konularla ilgilenmeyin&#8217; diyorlar. &#8216;Biz s\u00f6m\u00fcr\u00fcyoruz&#8217; diyorlar! &#8216;Niye ses \u00e7\u0131kar\u0131yorsunuz&#8217; diyorlar.&#8221;<\/p>\n<p><b>&#8220;7&#8217;L\u0130 KOAL\u0130SYONA MENFAAT \u0130TT\u0130FAKI D\u0130YORUM&#8221;<\/b><\/p>\n<p>Binali Y\u0131ld\u0131r\u0131m, 6&#8217;l\u0131 masay\u0131 &#8216;7&#8217;li koalisyon&#8217; olarak nitelendirerek Millet \u0130ttifak\u0131&#8217;n\u0131 \u015fu s\u00f6zlerle ele\u015ftirdi: &#8220;Yedili koalisyona ben &#8216;Menfaat ittifak\u0131&#8217; diyorum. Bunlar daha \u015fimdiden vatanda\u015f\u0131n oyunu cebine koymu\u015f. Cumhurba\u015fkan\u0131 yard\u0131mc\u0131s\u0131 ve bakan vesaire se\u00e7iyorlar.&#8221;<\/p>\n","protected":false},"excerpt":{"rendered":"<p>AK Parti Genel Ba\u015fkanvekili Binali Y\u0131ld\u0131r\u0131m kat\u0131ld\u0131\u011f\u0131 canl\u0131 yay\u0131nda 14 May\u0131s&#8217;ta yap\u0131lacak se\u00e7imlerle ilgili \u00e7arp\u0131c\u0131 a\u00e7\u0131klamalarda bulundu. Bat\u0131 ve ABD&#8217;nin se\u00e7imleri \u00e7ok \u00f6nemsedi\u011fini s\u00f6yleyen Y\u0131ld\u0131r\u0131m, &#8220;Bizi \u00e7ok sevip merak ettiklerinden de\u011fil. Burada bu se\u00e7im ilk defa b\u00f6l\u00fcc\u00fc \u00f6rg\u00fctlerin PKK&#8217;n\u0131n FET\u00d6&#8217;n\u00fcn me\u015frula\u015ft\u0131rmaya \u00e7al\u0131\u015f\u0131ld\u0131\u011f\u0131 se\u00e7imdir. Sand\u0131\u011fa dolayl\u0131 olarak getirilmeye \u00e7al\u0131\u015f\u0131l\u0131yor.&#8221; ifadelerini kulland\u0131.<\/p>\n","protected":false},"author":1,"featured_media":0,"comment_status":"closed","ping_status":"open","sticky":false,"template":"","format":"standard","meta":{"footnotes":""},"categories":[28],"tags":[11446,5385,484,320,321],"class_list":["post-83926","post","type-post","status-publish","format-standard","hentry","category-politika","tag-diyorlar","tag-ittifaki","tag-millet","tag-secim","tag-yildirim"],"_links":{"self":[{"href":"https:\/\/haberulus.net\/index.php?rest_route=\/wp\/v2\/posts\/83926","targetHints":{"allow":["GET"]}}],"collection":[{"href":"https:\/\/haberulus.net\/index.php?rest_route=\/wp\/v2\/posts"}],"about":[{"href":"https:\/\/haberulus.net\/index.php?rest_route=\/wp\/v2\/types\/post"}],"author":[{"embeddable":true,"href":"https:\/\/haberulus.net\/index.php?rest_route=\/wp\/v2\/users\/1"}],"replies":[{"embeddable":true,"href":"https:\/\/haberulus.net\/index.php?rest_route=%2Fwp%2Fv2%2Fcomments&post=83926"}],"version-history":[{"count":1,"href":"https:\/\/haberulus.net\/index.php?rest_route=\/wp\/v2\/posts\/83926\/revisions"}],"predecessor-version":[{"id":83927,"href":"https:\/\/haberulus.net\/index.php?rest_route=\/wp\/v2\/posts\/83926\/revisions\/83927"}],"wp:attachment":[{"href":"https:\/\/haberulus.net\/index.php?rest_route=%2Fwp%2Fv2%2Fmedia&parent=83926"}],"wp:term":[{"taxonomy":"category","embeddable":true,"href":"https:\/\/haberulus.net\/index.php?rest_route=%2Fwp%2Fv2%2Fcategories&post=83926"},{"taxonomy":"post_tag","embeddable":true,"href":"https:\/\/haberulus.net\/index.php?rest_route=%2Fwp%2Fv2%2Ftags&post=83926"}],"curies":[{"name":"wp","href":"https:\/\/api.w.org\/{rel}","templated":true}]}}