{"id":84061,"date":"2023-05-01T08:21:04","date_gmt":"2023-05-01T08:21:04","guid":{"rendered":"https:\/\/haberulus.net\/?p=84061"},"modified":"2023-05-01T08:21:04","modified_gmt":"2023-05-01T08:21:04","slug":"hak-is-taksim-cumhuriyet-anitina-celenk-birakti","status":"publish","type":"post","link":"https:\/\/haberulus.net\/?p=84061","title":{"rendered":"HAK-\u0130\u015e Taksim Cumhuriyet An\u0131t\u0131\u2019na \u00e7elenk b\u0131rakt\u0131"},"content":{"rendered":"<p>Hak \u0130\u015f\u00e7i Sendikalar\u0131 Konfederasyonu (HAK-\u0130\u015e) \u00fcyeleri 1 May\u0131s Emek ve Dayan\u0131\u015fma g\u00fcn\u00fc nedeniyle Taksim Meydan\u0131\u2019na geldi. \u00dcyeler, meydandaki Cumhuriyet An\u0131t\u0131na \u00e7elenk b\u0131rakt\u0131.<\/p>\n<p>Ard\u0131ndan, HAK-\u0130\u015e ad\u0131na, \u00d6z Ta\u015f\u0131ma \u0130\u015f Sendikas\u0131 Genel Ba\u015fkanvekili Avukat Mehmet Ali Kayaba\u015f\u0131 bas\u0131n a\u00e7\u0131klamas\u0131 yapt\u0131. A\u00e7\u0131klamalar\u0131n ard\u0131ndan \u00fcyeler, Kazanc\u0131 Yoku\u015funda 1 May\u0131s 1977\u2019de \u00f6lenlerin an\u0131s\u0131na karanfil b\u0131rakt\u0131.<\/p>\n<p>\u00d6z Ta\u015f\u0131ma \u0130\u015f Sendikas\u0131 Genel Ba\u015fkanvekili Avukat Mehmet Ali Kayaba\u015f\u0131, konu\u015fmas\u0131nda \u015funlar\u0131 s\u00f6yledi:<\/p>\n<p>1 May\u0131s Uluslararas\u0131 Birlik, M\u00fccadele ve Dayan\u0131\u015fma G\u00fcn\u00fc\u2019nde HAK-\u0130\u015e olarak alanlarday\u0131z. 1 May\u0131s T\u00fcrkiye emek hareketi i\u00e7in, \u00f6rg\u00fctl\u00fc i\u015f g\u00fc\u00e7leri i\u00e7in \u00e7ok \u00f6nemli bir g\u00fcn.<\/p>\n<p>Co\u015fkulu bir \u015fekilde 1 May\u0131s kutlamalar\u0131na haz\u0131rlan\u0131rken maalesef 6 \u015eubat tarihinde meydana gelen Hatay ve Kahramanmara\u015f merkezli 11 ilimizi de i\u00e7erisine alan deprem felaketi nedeniyle bu y\u0131l da yine 1 May\u0131s co\u015fkusunu dayan\u0131\u015fmaya b\u0131rakarak 1 May\u0131s\u0131 Kahramanmara\u015f merkezde kutlayaca\u011f\u0131z. Yaralar\u0131m\u0131z\u0131 birlikte saraca\u011f\u0131z diyerek, depremden etkilenen karde\u015flerimize dayan\u0131\u015fma duygular\u0131m\u0131z\u0131 ifade ediyoruz.<\/p>\n<p>\u0130nsan onuruna yara\u015fan, i\u015f, \u00e7al\u0131\u015fma ko\u015fullar\u0131 ve \u00fccret talep ediyoruz. Emek\u00e7ilerin enflasyona kar\u015f\u0131 korunmas\u0131n\u0131 istiyoruz. \u0130\u015fsizlik, yoksulluk ve kay\u0131t d\u0131\u015f\u0131n\u0131n son bulmas\u0131n\u0131 istiyoruz. \u0130\u015f kazalar\u0131 ve meslek hastal\u0131klar\u0131n\u0131n \u00f6nlenmesini istiyoruz.<\/p>\n<p>\u0130nsan\u0131 ve \u00e7al\u0131\u015fan\u0131 \u00f6nceleyen ekonomi politikalar\u0131 istiyoruz. Daha fazla demokrasi, daha fazla \u00f6zg\u00fcrl\u00fck, daha fazla adalet, daha fazla sosyal koruma, daha g\u00fc\u00e7l\u00fc T\u00fcrkiye taleplerimizi meydanlardan bir kez daha hayk\u0131r\u0131yoruz. Sendikas\u0131z b\u00fct\u00fcn i\u015f\u00e7ileri HAK-\u0130\u015e\u2019e ba\u011fl\u0131 sendikalar\u0131m\u0131za \u00f6rg\u00fctlenmeye, haklar\u0131m\u0131z i\u00e7in birlikte m\u00fccadele etmeye davet ediyoruz\u201d<\/p>\n<p>Konfederasyonun 1 May\u0131s Bildirgesini ise, HAK-\u0130\u015e \u0130stanbul \u0130l Ba\u015fkan\u0131 Mustafa \u0130luk ve beraberindeki 6 ki\u015fi okudu. (DHA)<\/p>\n","protected":false},"excerpt":{"rendered":"<p>HAK \u0130\u015f\u00e7i Sendikalar\u0131 Konfederasyonu (HAK-\u0130\u015e) \u00fcyeleri, Taksim Meydan\u0131ndaki Cumhuriyet An\u0131t\u0131&#8217;na \u00e7elenk b\u0131rakt\u0131 ard\u0131ndan da bas\u0131n a\u00e7\u0131klamas\u0131 yapt\u0131.<\/p>\n","protected":false},"author":1,"featured_media":84062,"comment_status":"closed","ping_status":"open","sticky":false,"template":"","format":"standard","meta":{"footnotes":""},"categories":[26],"tags":[11154,170,83],"class_list":["post-84061","post","type-post","status-publish","format-standard","has-post-thumbnail","hentry","category-gundem","tag-1-mayis","tag-hak","tag-is"],"_links":{"self":[{"href":"https:\/\/haberulus.net\/index.php?rest_route=\/wp\/v2\/posts\/84061","targetHints":{"allow":["GET"]}}],"collection":[{"href":"https:\/\/haberulus.net\/index.php?rest_route=\/wp\/v2\/posts"}],"about":[{"href":"https:\/\/haberulus.net\/index.php?rest_route=\/wp\/v2\/types\/post"}],"author":[{"embeddable":true,"href":"https:\/\/haberulus.net\/index.php?rest_route=\/wp\/v2\/users\/1"}],"replies":[{"embeddable":true,"href":"https:\/\/haberulus.net\/index.php?rest_route=%2Fwp%2Fv2%2Fcomments&post=84061"}],"version-history":[{"count":1,"href":"https:\/\/haberulus.net\/index.php?rest_route=\/wp\/v2\/posts\/84061\/revisions"}],"predecessor-version":[{"id":84063,"href":"https:\/\/haberulus.net\/index.php?rest_route=\/wp\/v2\/posts\/84061\/revisions\/84063"}],"wp:featuredmedia":[{"embeddable":true,"href":"https:\/\/haberulus.net\/index.php?rest_route=\/wp\/v2\/media\/84062"}],"wp:attachment":[{"href":"https:\/\/haberulus.net\/index.php?rest_route=%2Fwp%2Fv2%2Fmedia&parent=84061"}],"wp:term":[{"taxonomy":"category","embeddable":true,"href":"https:\/\/haberulus.net\/index.php?rest_route=%2Fwp%2Fv2%2Fcategories&post=84061"},{"taxonomy":"post_tag","embeddable":true,"href":"https:\/\/haberulus.net\/index.php?rest_route=%2Fwp%2Fv2%2Ftags&post=84061"}],"curies":[{"name":"wp","href":"https:\/\/api.w.org\/{rel}","templated":true}]}}