{"id":84094,"date":"2023-05-01T09:05:03","date_gmt":"2023-05-01T09:05:03","guid":{"rendered":"https:\/\/haberulus.net\/?p=84094"},"modified":"2023-05-01T09:05:03","modified_gmt":"2023-05-01T09:05:03","slug":"epdk-baskani-yilmazdan-ucretsiz-dogalgaz-aciklamasi","status":"publish","type":"post","link":"https:\/\/haberulus.net\/?p=84094","title":{"rendered":"EPDK Ba\u015fkan\u0131 Y\u0131lmaz\u2019dan \u00fccretsiz do\u011falgaz a\u00e7\u0131klamas\u0131"},"content":{"rendered":"<p>Zonguldak Filyos\u2019ta Karadeniz Do\u011fal Gaz\u0131 Devreye Alma T\u00f6reni&#8217;nde konu\u015fan Cumhurba\u015fkan\u0131 Erdo\u011fan \u201c\u00d6n\u00fcm\u00fczdeki 1 ay boyunca konutlar\u0131m\u0131zda \u0131s\u0131nma d\u00e2hil t\u00fcm do\u011falgaz t\u00fcketiminden \u00fccret almayaca\u011f\u0131z\u201d demi\u015f ve 1 y\u0131l boyunca da 25 metrek\u00fcpe denk gelen mutfak ve s\u0131cak su t\u00fcketimi i\u00e7in gereken do\u011falgaz\u0131n bedelinin 1 y\u0131l boyunca faturalardan d\u00fc\u015f\u00fcr\u00fclece\u011fini duyurmu\u015ftu.<\/p>\n<p>Do\u011falgaz kullan\u0131m\u0131na ili\u015fkin Cumhurba\u015fkan\u0131 Kararnamesi, bug\u00fcn Resmi Gazete\u2019de yay\u0131mland\u0131.<\/p>\n<p>Erdo\u011fan&#8217;\u0131n imzas\u0131yla yay\u0131mlanan kararnameye g\u00f6re, da\u011f\u0131t\u0131m \u015firketlerinden do\u011falgaz temin eden konut, ibadethane ve cemevi abonelerinden, do\u011falgaz t\u00fcketimleri i\u00e7in 24 Nisan 2023 tarihinden 31 May\u0131s 2023 tarihine kadar tahakkuk edecek ilk faturadan do\u011falgaz bedeli al\u0131nmayacak.<\/p>\n<p><b>TAHS\u0130L ED\u0130LEN FATURALAR \u0130PTAL ED\u0130LECEK<\/b><\/p>\n<p>Enerji Piyasas\u0131 D\u00fczenleme Kurumu Ba\u015fkan\u0131 (EPDK) bir ayl\u0131k \u00fccretsiz do\u011falgaz uygulamas\u0131 hakk\u0131nda a\u00e7\u0131klama yapt\u0131.<\/p>\n<p>EPDK Ba\u015fkan\u0131 Mustafa Y\u0131lmaz, \u201cBedava do\u011falgaz ve akabinde yap\u0131lacak indirim ile ilgili vatanda\u015flar\u0131m\u0131z\u0131n herhangi bir teredd\u00fcd\u00fc olmas\u0131n. Usul ve esaslar\u0131 belirledik. Da\u011f\u0131t\u0131m \u015firketleri ile g\u00f6r\u00fc\u015ft\u00fck, gerekli yaz\u0131y\u0131 g\u00f6nderdik. Kesinlikle hi\u00e7bir t\u00fcketicimizin hakki zayi olmayacak. Tahsil edilen faturalar varsa iptal edilecek ve vatanda\u015flar\u0131m\u0131za iade edilecek\u201d dedi.<\/p>\n<p><b>\u00d6N \u00d6DEMEL\u0130 SAYA\u00c7 KULLANICILARI<\/b><\/p>\n<p>\u00d6n \u00f6demeli saya\u00e7 kullan\u0131c\u0131lar\u0131n\u0131n da uygulamadan faydalanaca\u011f\u0131n\u0131 ifade eden Y\u0131lmaz, \u201c\u00d6n \u00f6demeli saya\u00e7 kullan\u0131c\u0131lar\u0131 da uygulamadan yararlanacak. Bir ayl\u0131k t\u00fcketim tespit edilecek ve sonraki ay o miktar do\u011falgaz kart\u0131na \u00fccretsiz y\u00fcklenecek\u201d dedi. (DHA)<\/p>\n","protected":false},"excerpt":{"rendered":"<p>Enerji Piyasas\u0131 D\u00fczenleme Kurumu Ba\u015fkan\u0131 Mustafa Y\u0131lmaz, bir ayl\u0131k \u00fccretsiz do\u011falgaz uygulamas\u0131 hakk\u0131nda a\u00e7\u0131klama yapt\u0131. Buna g\u00f6re, tahsil edilen faturalar iade edilecek ve uygulamadan \u00f6n \u00f6demeli saya\u00e7 kullan\u0131c\u0131lar\u0131 da faydalanacak.<\/p>\n","protected":false},"author":1,"featured_media":84095,"comment_status":"closed","ping_status":"open","sticky":false,"template":"","format":"standard","meta":{"footnotes":""},"categories":[25],"tags":[2364],"class_list":["post-84094","post","type-post","status-publish","format-standard","has-post-thumbnail","hentry","category-ekonomi","tag-dogal"],"_links":{"self":[{"href":"https:\/\/haberulus.net\/index.php?rest_route=\/wp\/v2\/posts\/84094","targetHints":{"allow":["GET"]}}],"collection":[{"href":"https:\/\/haberulus.net\/index.php?rest_route=\/wp\/v2\/posts"}],"about":[{"href":"https:\/\/haberulus.net\/index.php?rest_route=\/wp\/v2\/types\/post"}],"author":[{"embeddable":true,"href":"https:\/\/haberulus.net\/index.php?rest_route=\/wp\/v2\/users\/1"}],"replies":[{"embeddable":true,"href":"https:\/\/haberulus.net\/index.php?rest_route=%2Fwp%2Fv2%2Fcomments&post=84094"}],"version-history":[{"count":1,"href":"https:\/\/haberulus.net\/index.php?rest_route=\/wp\/v2\/posts\/84094\/revisions"}],"predecessor-version":[{"id":84096,"href":"https:\/\/haberulus.net\/index.php?rest_route=\/wp\/v2\/posts\/84094\/revisions\/84096"}],"wp:featuredmedia":[{"embeddable":true,"href":"https:\/\/haberulus.net\/index.php?rest_route=\/wp\/v2\/media\/84095"}],"wp:attachment":[{"href":"https:\/\/haberulus.net\/index.php?rest_route=%2Fwp%2Fv2%2Fmedia&parent=84094"}],"wp:term":[{"taxonomy":"category","embeddable":true,"href":"https:\/\/haberulus.net\/index.php?rest_route=%2Fwp%2Fv2%2Fcategories&post=84094"},{"taxonomy":"post_tag","embeddable":true,"href":"https:\/\/haberulus.net\/index.php?rest_route=%2Fwp%2Fv2%2Ftags&post=84094"}],"curies":[{"name":"wp","href":"https:\/\/api.w.org\/{rel}","templated":true}]}}