{"id":8478,"date":"2022-07-16T08:21:05","date_gmt":"2022-07-16T08:21:05","guid":{"rendered":"https:\/\/haberulus.net\/?p=8478"},"modified":"2022-07-16T08:21:05","modified_gmt":"2022-07-16T08:21:05","slug":"kenan-karaman-besiktasta-hayallerim-var-birincisi-sampiyon-olmak","status":"publish","type":"post","link":"https:\/\/haberulus.net\/?p=8478","title":{"rendered":"Kenan Karaman: Be\u015fikta\u015f\u2019ta hayallerim var, birincisi \u015fampiyon olmak"},"content":{"rendered":"<p><b>Ge\u00e7en sezon Be\u015fikta\u015f&#8217;a gelen ve son ma\u00e7lara kadar h\u00fccumda beklentileri kar\u015f\u0131layamayan Kenan Karaman, Valerien Ismael&#8217;le birlikte ligin bitimine bir ka\u00e7 ma\u00e7 kala sa\u011f kanat-bek pozisyonunda oynamaya ba\u015flam\u0131\u015ft\u0131. Bu mevkideki performans\u0131yla sezon boyu ald\u0131\u011f\u0131 ele\u015ftirileri \u00f6vg\u00fcye d\u00f6n\u00fc\u015ft\u00fcren Kenan, Avusturya kamp\u0131nda Demir\u00f6ren Haber Ajans\u0131&#8217;na (DHA) \u00f6zel a\u00e7\u0131klamalarda bulunarak hem kendi hem de tak\u0131m\u0131n ya\u015fad\u0131klar\u0131n\u0131 anlatt\u0131.<\/b><\/p>\n<p>Ge\u00e7en sezon beklentilerin \u00e7ok y\u00fcksek oldu\u011funu ancak \u015eampiyonlar Ligi\u2019ndeki ba\u015far\u0131s\u0131zl\u0131\u011f\u0131n ve sakatl\u0131klar\u0131n moral bozuklu\u011fuyla bir t\u00fcrli dengeyi sa\u011flayamad\u0131klar\u0131n\u0131 s\u00f6yleyen tecr\u00fcbeli futbolcu, kendi performans\u0131 i\u00e7in de taraftarlar\u0131n tepkisini normal kar\u015f\u0131lad\u0131\u011f\u0131n\u0131 belirtti.<\/p>\n<p>Antrenmanlar\u0131n olduk\u00e7a yo\u011fun ge\u00e7ti\u011fini ifade eden Kenan Karaman, \u201cAntrenmanlar olduk\u00e7a yo\u011fun ge\u00e7iyor. Ger\u00e7ekten baya s\u0131k\u0131 \u00e7al\u0131\u015f\u0131yoruz. B\u00fct\u00fcn tak\u0131m olduk\u00e7a fit \u015fekilde geldi kampa. Hoca da oradan devam etti. Bizim fit oldu\u011fumuzu g\u00f6rd\u00fc. Daha \u00e7ok kondisyon a\u011f\u0131rl\u0131kl\u0131 idmanlar oluyor. Bir sonraki kampta da daha detayl\u0131 \u00e7al\u0131\u015fmalara ge\u00e7ece\u011fiz. Zaten hoca sezon sonunda bizi tembihlemi\u015fti. Fit gelmemiz y\u00f6n\u00fcnde bizi uyarm\u0131\u015ft\u0131. A\u011f\u0131r bir kamp d\u00f6nemi oluyor. Herkes kendine iyi bakm\u0131\u015f. Herkes hem tatilini yapm\u0131\u015f hem de iyi \u00e7al\u0131\u015fm\u0131\u015f. Olduk\u00e7a y\u00fcksek tempolu antrenmanlar yapt\u0131k. Hemen hemen herkes idmanlar\u0131 \u00e7ok iyi \u00e7\u0131kard\u0131\u201d diye konu\u015ftu<\/p>\n<p><b>\u201cYEN\u0130 GELENLER\u0130N TAKIMA \u0130Y\u0130 ADAPTE OLMASINI SA\u011eLAMAYA \u00c7ALI\u015eIYORUZ\u201d<\/b><\/p>\n<p>Tak\u0131m olarak \u00e7ok iyi anla\u015ft\u0131klar\u0131n\u0131 ifade eden Kenan Karaman, \u201cOrtam ger\u00e7ekten \u00e7ok g\u00fczel, e\u011flenceli. Tak\u0131m arkada\u015flar\u0131m\u0131zla, aram\u0131zda \u00e7ok iyi anla\u015f\u0131yoruz. Yeni gelen oyuncular\u0131n da tak\u0131ma iyi adapte olmas\u0131n\u0131 sa\u011flamaya \u00e7al\u0131\u015f\u0131yoruz. Onlar da rahat bir \u015fekilde kendilerini huzurlu hissetsinler, tak\u0131ma en k\u0131sa d\u00f6nemde iyi katk\u0131lar versinler diye aram\u0131za al\u0131yoruz. Yeni gelen arkada\u015flar\u0131m\u0131z olacak. Onlar\u0131 da bekliyoruz\u201d ifadelerini kulland\u0131.<\/p>\n<p><b>\u201cGE\u00c7EN SEZON B\u0130ZDEN BEKLENT\u0130LER \u00c7OK Y\u00dcKSEKT\u0130 BA\u015eARAMAYINCA MORALLER BOZULDU\u201d<\/b><\/p>\n<p>Siyah-beyazl\u0131 ekipte ge\u00e7en sene beklentilerin olduk\u00e7a y\u00fcksek oldu\u011funu ancak \u015fanss\u0131z d\u00f6nemlerden ge\u00e7tiklerini belirten Kenan Karaman, \u201cGe\u00e7en sene beklentiler baya y\u00fcksekti. Bizde kendi beklentilerimizi y\u00fcksek tuttuk. Bunlar\u0131 ba\u015faramay\u0131nca tabi ki moraller baya bozuldu. Avrupa\u2019da ald\u0131\u011f\u0131m\u0131z sonu\u00e7lar tak\u0131m\u0131n moralini baya a\u015fa\u011f\u0131 \u00e7ekmi\u015fti. Biraz \u015fans\u0131zl\u0131k da oldu. Koronavir\u00fcs vakalar\u0131 ve ilk haflarda ya\u015fanan sakatl\u0131klar oldu. Bir t\u00fcrl\u00fc istedi\u011fimiz dengeyi sa\u011flayamad\u0131k. Neredeyse tam kadro olarak hi\u00e7 sahaya \u00e7\u0131kamad\u0131k. Ben de dahil \u00e7o\u011fu oyuncunun ba\u015fka mevkilerde g\u00f6rev almas\u0131 gerekiyordu. Ge\u00e7en sezon tak\u0131ma gen\u00e7 oyuncular kazand\u0131rd\u0131k ki, bu bir avantajd\u0131. Ancak tabii ki Be\u015fikta\u015f\u2019\u0131n hedefi her zaman \u015fampiyonluktur. Avrupa\u2019da da iyi sonu\u00e7lar almakt\u0131r. Onlar\u0131 maalesef ba\u015faramad\u0131k. \u0130n\u015fallah onu bu sezon telafi edece\u011fiz\u201d \u015feklinde konu\u015ftu.<\/p>\n<p><b>\u201cDUYGUSAL VE Z\u0130H\u0130NSEL B\u0130R \u00c7\u00d6K\u00dc\u015e VARDI\u201d<\/b><\/p>\n<p>Ge\u00e7ti\u011fimiz sezon g\u00f6sterdi\u011fi performansla taraftarlardan tepki g\u00f6ren Kenan Karaman, beklenti y\u00fcksek oldu\u011fu i\u00e7in g\u00f6sterilen tepkinin de normal oldu\u011funu dile getirdi. Avrupa \u015eampiyonas\u0131 nedeniyle ge\u00e7en sezon tak\u0131mla birlikte kamp d\u00f6nemi ge\u00e7iremedi\u011fine dikkat \u00e7eken 28 ya\u015f\u0131ndaki kanat oyuncusu, \u201cGe\u00e7ti\u011fimiz sezon Be\u015fikta\u015f\u2019ta tam bir kamp d\u00f6nemi ge\u00e7iremedim. Avrupa \u015eampiyonas\u0131 vard\u0131. Onun da etkisi vard\u0131. Milli tak\u0131mla Avrupa \u015eampiyonas\u0131 k\u00f6t\u00fc ge\u00e7ince hem duygusal hem de zihinsel olarak bir \u00e7\u00f6k\u00fc\u015f vard\u0131 bende. Sonras\u0131nda tak\u0131mda da iyi gitmeyince bu ister istemez benim performans\u0131ma da yans\u0131d\u0131. Burada taraftarlar\u0131n tepkisi gayet normal. \u00c7\u00fcnk\u00fc, Be\u015fikta\u015f\u2019ta oynuyorsun. Beklentiler var. Forvet oynad\u0131\u011f\u0131n zaman insanlar gol bekliyor. Gol atamay\u0131nca da tabii ki ele\u015ftiriler olacak. Ben ger\u00e7ekten t\u00fcm kariyerim boyuncu kendime \u00e7ok iyi bakm\u0131\u015f\u0131md\u0131r. Hep ekstra \u00e7al\u0131\u015fmalar yapt\u0131m. Kendime g\u00fcvenim her zaman sonsuzdur. Son haftalarda da taraftarla bir samimiyet oldu. Sezonu \u00f6yle kapatt\u0131\u011f\u0131m i\u00e7in de \u00e7ok mutluyum. \u0130n\u015fallah bu sezon iyi bir kamp d\u00f6nemi ge\u00e7irip, daha ba\u015fka bir performans g\u00f6sterece\u011fime inan\u0131yorum.\u201d dedi.<\/p>\n<p><b>\u201cSANTRFORDA TEK BA\u015eINA OYNAMAK ALI\u015eTI\u011eIM B\u0130R POZ\u0130SYON DE\u011e\u0130LD\u0130\u201d<\/b><\/p>\n<p>Sezon ba\u015flar\u0131nda ileri u\u00e7ta tek ba\u015f\u0131na g\u00f6rev yapt\u0131\u011f\u0131 belirten Kenan Karaman, \u015f\u00f6yle konu\u015ftu: \u201c\u00d6nde tek ba\u015f\u0131na oynamak, al\u0131\u015ft\u0131\u011f\u0131m bir pozisyon de\u011fildi. Onun da etkisi oldu tabi. Ancak hoca \u00f6yle g\u00f6rev verdi. Ben her g\u00f6revi en iyi \u015fekilde tamamlamaya \u00e7al\u0131\u015f\u0131yorum. Milli tak\u0131mda daha \u00e7ok sa\u011f tarafta oynad\u0131m. Ancak sol a\u00e7\u0131kta da g\u00f6rev alm\u0131\u015ft\u0131m. Bunun da etkisi olmu\u015ftur ancak sadece buna ba\u011flamak do\u011fru olmaz.\u201d<\/p>\n<p><b>\u201cHOCA FENERBAH\u00c7E MA\u00c7INDAN \u00d6NCE BEN\u0130 \u00c7A\u011eIRDI VE SA\u011e KANAT \u0130\u00c7\u0130N BANA G\u00dcVEND\u0130\u011e\u0130N\u0130 S\u00d6YLED\u0130\u201d<\/b><\/p>\n<p>Ge\u00e7ti\u011fimiz sezonun son haftalar\u0131nda kanat bek olarak g\u00f6rev yapan Kenan Karaman, bu b\u00f6lgede oynamas\u0131n\u0131n kendi kariyer geli\u015fimi i\u00e7in iyi oldu\u011funu s\u00f6yledi. Son ma\u00e7larda iyi performans sergiledi\u011fini belirten Karaman, \u015fu ifadeleri kulland\u0131:<\/p>\n<p>\u201cO pozisyonu tam sa\u011f bek olarak de\u011ferlendirmek yanl\u0131\u015f olur. Klasik bir sa\u011f bek de\u011fil. Daha \u00f6nce a\u00e7\u0131kta oynad\u0131\u011f\u0131m pozisyonlar\u0131n farkl\u0131 bir tarz\u0131 diyebilirim. \u00c7\u00fcnk\u00fc hem ofansif hem de defansif olarak g\u00f6rev yap\u0131yorsunuz. Benim akl\u0131ma yoktu b\u00f6yle bir pozisyon. Ancak hoca Fenerbah\u00e7e ma\u00e7\u0131ndan \u00f6nce beni odas\u0131na \u00e7a\u011f\u0131rd\u0131. Orada aram\u0131zda bir konu\u015fma ge\u00e7ti. Benim orada oynayabilece\u011fimi d\u00fc\u015f\u00fcnd\u00fc. Bana g\u00fcvendi ve orada oynamak ister misin diye sordu. Bende tabi ki b\u00f6yle \u00f6nemli bir derbi ma\u00e7ta, \u2018elimden geleni yapar\u0131m\u2019 dedim. Benim i\u00e7in yeni pozisyon olsa bile en iyi \u015fekilde de\u011ferlendirmeye \u00e7al\u0131\u015ft\u0131m. Ger\u00e7ekten Fenerbah\u00e7e kar\u015f\u0131la\u015fmas\u0131 da dahil son ma\u00e7larda iyi bir performans sergiledi\u011fimi d\u00fc\u015f\u00fcn\u00fcyorum. Benim i\u00e7in de iyi oldu. Geli\u015fimim i\u00e7in yeni pozisyonlar ke\u015ffetmek geli\u015fimim i\u00e7in g\u00fczel bir \u015fey. Onun i\u00e7in ben orada oynamam gibisinden bir tavr\u0131m olmad\u0131.\u201d<\/p>\n<p><b>\u201c3-4-3 DAHA FAYDALI BU S\u0130STEM\u0130 OYNAYACA\u011eIZ\u201d<\/b><\/p>\n<p>Hoca 3\u2019l\u00fc sistemde beni orada d\u00fc\u015f\u00fcn\u00fcyor. Kanat bek olarak ge\u00e7iyor o pozisyon. Hocam\u0131n g\u00f6rev vermesi halinde son ma\u00e7larda oldu\u011fu gibi Be\u015fikta\u015f\u2019\u0131 en iyi \u015fekilde temsil edece\u011fim. Ben Almanya\u2019da, Bundesliga\u2019da daha \u00f6nce oynam\u0131\u015ft\u0131m orada. O sistemi kullanan hocalar vard\u0131. T\u00fcrkiye\u2019de \u00e7ok fazla g\u00f6r\u00fcnmeyen bir sistem. Baz\u0131 tak\u0131mlar yeni yeni denemeye \u00e7al\u0131\u015f\u0131yor. Ger\u00e7ekten zor bir sistem. \u00a0Zor demek istedi\u011fim \u015fey sistemin detaylar\u0131. Herkesin ne yapaca\u011f\u0131n\u0131 bilmesi gerekiyor. Hocam\u0131z\u0131n geldi\u011fi d\u00f6nemde bu sistemi hemen uygulamas\u0131 ve bununla birlikte hemen iyi sonu\u00e7lar almam\u0131z beni a\u00e7\u0131k\u00e7as\u0131 \u015fa\u015f\u0131rtt\u0131. \u015eimdi zaman\u0131m\u0131z oldu\u011fu i\u00e7in daha detayl\u0131 \u00e7al\u0131\u015f\u0131yoruz. Kim nereye gidecek, kimin nerede bask\u0131 yapmas\u0131 gerekiyor. Birisi \u00f6nde bask\u0131 yap\u0131nca di\u011ferlerinin nas\u0131l pozisyon almas\u0131 gerekiyor ger\u00e7ekten detayl\u0131 bir \u00e7al\u0131\u015fma oluyor. Bu bizi, bu sisteme daha ba\u011fl\u0131 k\u0131lacakt\u0131r. Daha faydal\u0131 bu sistemi oynayaca\u011f\u0131m\u0131za inan\u0131yorum\u201d diye konu\u015ftu.<\/p>\n<p><b>\u201cSA\u011e TARAFA GE\u00c7MEMLE HEM BEN\u0130M HEM ROS\u0130ER\u2019\u0130N PERFORMANSI ARTTI\u201d<\/b><\/p>\n<p>Rosier ile aralar\u0131ndaki rekabetin tak\u0131ma olumlu yans\u0131yaca\u011f\u0131n\u0131 ifade eden Kenan Karaman, \u201cBen bunu \u00e7ok olumlu, pozitif g\u00f6r\u00fcyorum. Ondan \u00f6nce Rosier\u2019in o pozisyonda pek alternatifi yoktu. Benim de orada iyi bir performans sergilemem Rosier ile ikimizi bir rekabete s\u00fcr\u00fckleyecektir. Rekabet her zaman tak\u0131m i\u00e7inde \u00e7ok iyidir. Hem benim hem de Rosier\u2019in performans\u0131 artar. Bu rekabetin ikimizi de \u00e7ok olumlu etkileyece\u011fine, ikimizin de orada iyi performans verece\u011fine inan\u0131yorum\u201d dedi.<\/p>\n<p><b>\u201cBE\u015e\u0130KTA\u015e\u2019TA HAYALLER\u0130M VAR. B\u0130R\u0130NC\u0130S\u0130 \u015eAMP\u0130YON OLMAK\u201d<\/b><\/p>\n<p>Yeni sezonda kendisine gol ya da asist hedefi koymad\u0131\u011f\u0131 dile getiren Kenan Karaman hedefinin ge\u00e7en sezondan daha iyi olmak oldu\u011funu s\u00f6yledi. Kenan Karaman s\u00f6zlerini \u015f\u00f6yle s\u00fcrd\u00fcrd\u00fc: \u201dKafamda bir say\u0131 belirlemedim. Ancak \u00f6ncelikle ge\u00e7en seneden daha iyi olmak istiyorum. Bu formay\u0131 giydi\u011fim her ma\u00e7ta ger\u00e7ekten \u00e7ok gururluyum. Benim de Be\u015fikta\u015f\u2019ta hayallerim var. Birincisi \u015fampiyon olmak, Be\u015fikta\u015f ile bunu ya\u015famak. Bu sene buna \u00e7ok odakland\u0131m. Bu sene kendimi ona g\u00f6re haz\u0131rlad\u0131m. Hem kamp \u00f6ncesi hem de \u015fimdi kampta \u00e7ok konsantreyim. Hedefim \u00f6ncelikle bu.\u201d<\/p>\n<p><b>\u201c3 B\u00dcY\u00dcK TAKIMDAN DA TEKL\u0130F ALDIM\u201d<\/b><\/p>\n<p>3 b\u00fcy\u00fck tak\u0131mdan teklif ald\u0131\u011f\u0131n\u0131 s\u00f6yleyen Kenan Karaman, \u201cAvrupa \u015eampiyonas\u0131\u2019nda g\u00f6rev ald\u0131\u011f\u0131m d\u00f6nemde 3 b\u00fcy\u00fck tak\u0131mdan da teklif ald\u0131m. Ancak bana en s\u0131cak davranan, en \u00e7ok ilgilenen Be\u015fikta\u015f\u2019t\u0131. En g\u00fczel hissi bana Be\u015fikta\u015f verdi. Benim de tercihim ger\u00e7ekten \u00e7ok kolay oldu. Be\u015fikta\u015f\u2019\u0131 tercih ettim ve in\u015fallah bu tercihimle hayallerimi de ger\u00e7ekle\u015ftiririm\u201d ifadelerini kulland\u0131.<\/p>\n<p><b>\u201c\u0130N\u015eALLAH M\u0130LL\u0130 FORMAYI YEN\u0130DEN G\u0130YER\u0130M\u201d<\/b><\/p>\n<p>Tekrardan milli tak\u0131ma d\u00f6nmeyi hedefledi\u011fini de belirten Kenan Karaman, \u201cSon 2 kampta, milli tak\u0131ma \u00e7a\u011f\u0131r\u0131lmad\u0131m. 4 sene boyunca hep gittim ancak son 2 kamp olmad\u0131. Kuntz hoca ile en son Riva\u2019da idman sonras\u0131nda g\u00f6r\u00fc\u015fm\u00fc\u015ft\u00fck. G\u00fczel bir sohbetimiz oldu. O da ekibiyle birlikte bizleri takip ediyor. Be\u015fikta\u015f\u2019ta iyi bir performans g\u00f6sterip, in\u015fallah milli formay\u0131 tekrardan giyerim\u201d diye konu\u015ftu.<\/p>\n<p><b>\u201c3-0 YEN\u0130LD\u0130\u011e\u0130M\u0130Z MA\u00c7TAN SONRA B\u0130Z\u0130 TR\u0130B\u00dcNLERE \u00c7A\u011eIRDILAR, ORADA \u00c7OK DUYGULANDIM\u201d<\/b><\/p>\n<p>Gelecek sezon i\u00e7in taraftarlara mesaj\u0131 sorulan Kenan Karaman, s\u00f6zlerini \u015f\u00f6yle noktalad\u0131: \u201cTaraftarlar\u0131m\u0131z ge\u00e7en sene bizi inan\u0131lmaz \u015fekilde iyi destekledi. K\u00f6t\u00fc oynad\u0131\u011f\u0131m\u0131z ma\u00e7larda bile inan\u0131lmaz \u015fekilde arkam\u0131zda durdular. \u00c7ok iyi hat\u0131rl\u0131yorum, Kas\u0131mpa\u015fa\u2019ya i\u00e7 sahada 3-0 yenildi\u011fimiz ma\u00e7tan sonra bizi trib\u00fcnlere \u00e7a\u011f\u0131rd\u0131lar. Orada \u00e7ok duyguland\u0131m ve ben ger\u00e7ekten \u00e7ok d\u00fc\u015f\u00fcnd\u00fcrd\u00fc. O y\u00fczden kendimi o kadar odaklad\u0131m ki bu sene taraftarlar\u0131m\u0131za g\u00fczel \u015feyler ya\u015fatmak istiyoruz. Be\u015fikta\u015f taraftar\u0131 her zaman tak\u0131m\u0131n\u0131n arkas\u0131nda. \u0130yi bir performans g\u00f6sterip, onlarla beraber in\u015fallah g\u00fczel bir sezon ge\u00e7irece\u011fiz.\u201d<\/p>\n","protected":false},"excerpt":{"rendered":"<p>Ge\u00e7en sezon Be\u015fikta\u015f&#8217;a gelen ve son ma\u00e7lara kadar h\u00fccumda beklentileri kar\u015f\u0131layamayan Kenan Karaman, Valerien Ismael&#8217;le birlikte ligin bitimine &#8230;<\/p>\n","protected":false},"author":1,"featured_media":8479,"comment_status":"open","ping_status":"open","sticky":false,"template":"","format":"standard","meta":{"footnotes":""},"categories":[31],"tags":[322,290,1698,201,192],"class_list":["post-8478","post","type-post","status-publish","format-standard","has-post-thumbnail","hentry","category-spor","tag-kamp","tag-mac","tag-orada","tag-sezon","tag-takim"],"_links":{"self":[{"href":"https:\/\/haberulus.net\/index.php?rest_route=\/wp\/v2\/posts\/8478","targetHints":{"allow":["GET"]}}],"collection":[{"href":"https:\/\/haberulus.net\/index.php?rest_route=\/wp\/v2\/posts"}],"about":[{"href":"https:\/\/haberulus.net\/index.php?rest_route=\/wp\/v2\/types\/post"}],"author":[{"embeddable":true,"href":"https:\/\/haberulus.net\/index.php?rest_route=\/wp\/v2\/users\/1"}],"replies":[{"embeddable":true,"href":"https:\/\/haberulus.net\/index.php?rest_route=%2Fwp%2Fv2%2Fcomments&post=8478"}],"version-history":[{"count":1,"href":"https:\/\/haberulus.net\/index.php?rest_route=\/wp\/v2\/posts\/8478\/revisions"}],"predecessor-version":[{"id":8480,"href":"https:\/\/haberulus.net\/index.php?rest_route=\/wp\/v2\/posts\/8478\/revisions\/8480"}],"wp:featuredmedia":[{"embeddable":true,"href":"https:\/\/haberulus.net\/index.php?rest_route=\/wp\/v2\/media\/8479"}],"wp:attachment":[{"href":"https:\/\/haberulus.net\/index.php?rest_route=%2Fwp%2Fv2%2Fmedia&parent=8478"}],"wp:term":[{"taxonomy":"category","embeddable":true,"href":"https:\/\/haberulus.net\/index.php?rest_route=%2Fwp%2Fv2%2Fcategories&post=8478"},{"taxonomy":"post_tag","embeddable":true,"href":"https:\/\/haberulus.net\/index.php?rest_route=%2Fwp%2Fv2%2Ftags&post=8478"}],"curies":[{"name":"wp","href":"https:\/\/api.w.org\/{rel}","templated":true}]}}