{"id":85032,"date":"2023-05-02T18:23:03","date_gmt":"2023-05-02T18:23:03","guid":{"rendered":"https:\/\/haberulus.net\/?p=85032"},"modified":"2023-05-02T18:23:03","modified_gmt":"2023-05-02T18:23:03","slug":"istanbul-buyukada-edebiyat-muze-kutuphanesi-acildi","status":"publish","type":"post","link":"https:\/\/haberulus.net\/?p=85032","title":{"rendered":"\u0130stanbul B\u00fcy\u00fckada Edebiyat M\u00fcze K\u00fct\u00fcphanesi a\u00e7\u0131ld\u0131"},"content":{"rendered":"<p>\u0130stanbul B\u00fcy\u00fckada\u2019da yer alan tarihi Hacopoulos K\u00f6\u015fk\u00fc restore edildi. K\u00f6\u015fk, \u0130stanbul B\u00fcy\u00fckada Edebiyat M\u00fcze K\u00fct\u00fcphanesi olarak vatanda\u015flarla bulu\u015ftu.<\/p>\n<p>Re\u015fat Nuri G\u00fcntekin, Melih Cevdet Anday, Zeyyat Selimo\u011flu, Sait Faik Abas\u0131yan\u0131k gibi \u00f6nemli isimlerin hayat\u0131ndan kesitler, eserleri ve hayat hikayelerinin yer ald\u0131\u011f\u0131 k\u00fct\u00fcphanenin a\u00e7\u0131l\u0131\u015f\u0131na K\u00fclt\u00fcr ve Turizm Bakan Yard\u0131mc\u0131s\u0131 \u00d6zg\u00fcl \u00d6zkan Yavuz, \u0130stanbul Milletvekili Belma Sat\u0131r, Adalar Kaymakam\u0131 Mustafa Ayhan ile sanatseverler kat\u0131ld\u0131.<\/p>\n<p><img decoding=\"async\" src=\"https:\/\/i01.sozcucdn.com\/wp-content\/uploads\/2023\/05\/02\/22-sergi.jpg\" alt=\"\" title=\"\"><\/p>\n<p>A\u00e7\u0131l\u0131\u015fta konu\u015fan Yavuz, Adalar\u2019\u0131n bir\u00e7ok sanat\u00e7\u0131n\u0131n eserlerine ilham kayna\u011f\u0131 oldu\u011fundan bahsederek, \u201cCumhuriyetimizin 100. y\u0131l\u0131nda 100 yeni k\u00fct\u00fcphane a\u00e7ma hedefimizi ger\u00e7ekle\u015ftirmenin gururunu ya\u015f\u0131yoruz. Bug\u00fcn a\u00e7\u0131l\u0131\u015f\u0131n\u0131 ger\u00e7ekle\u015ftirdi\u011fimiz B\u00fcy\u00fckada Edebiyat M\u00fcze K\u00fct\u00fcphanemizle birlikte, \u0130stanbul\u2019da Bakanl\u0131\u011f\u0131m\u0131za ba\u011fl\u0131 k\u00fct\u00fcphanelerimizin say\u0131s\u0131 70\u2019e y\u00fckseldi.\u201d dedi.<\/p>\n<p>K\u00fclt\u00fcr ve Turizm Bakanl\u0131\u011f\u0131na ba\u011fl\u0131 hizmet veren k\u00fct\u00fcphane say\u0131s\u0131n\u0131n bin 275\u2019e ula\u015ft\u0131\u011f\u0131n\u0131 belirten Yavuz, \u201c253 halk k\u00fct\u00fcphanemizi yeniden yap\u0131land\u0131rd\u0131k, yeni 68 halk k\u00fct\u00fcphanemizde de iyile\u015ftirme \u00e7al\u0131\u015fmalar\u0131na devam ediyoruz. Yerle\u015fik k\u00fct\u00fcphane hizmetlerinden yararlanamayan kullan\u0131c\u0131lar\u0131m\u0131za \u00e7a\u011fda\u015f ara\u00e7 ve gere\u00e7lerle donat\u0131lm\u0131\u015f 75 gezici k\u00fct\u00fcphane ile \u00fclkemizin d\u00f6rt bir yan\u0131nda, \u00f6zellikle de deprem b\u00f6lgesinde hizmet veriyoruz.\u201d diye konu\u015ftu.<\/p>\n<p>Yavuz, vatanda\u015flar\u0131n oldu\u011fu her yerde k\u00fct\u00fcphane kurduklar\u0131n\u0131 aktararak, yurt genelinde 18 bebek, 11 AVM, 2 gar, 2 havaliman\u0131 k\u00fct\u00fcphanesi ve cezaevlerinde kurduklar\u0131 4 adalet k\u00fct\u00fcphanesini vatanda\u015flarla bulu\u015fturduklar\u0131n\u0131 ifade etti.<\/p>\n<p><img decoding=\"async\" src=\"https:\/\/i01.sozcucdn.com\/wp-content\/uploads\/2023\/05\/02\/33-sergi.jpg\" alt=\"\" title=\"\"><\/p>\n<p><strong>\u201cYAZARLARA A\u0130T \u00d6ZEL ODALAR, SERG\u0130 ALANLARI DA MEVCUT\u201d<\/strong><\/p>\n<p>\u0130stanbul B\u00fcy\u00fckada Edebiyat M\u00fcze K\u00fct\u00fcphanesi ile edebiyat m\u00fcze k\u00fct\u00fcphanelerinin say\u0131s\u0131n\u0131n 11\u2019e ula\u015ft\u0131\u011f\u0131n\u0131 a\u00e7\u0131klayan \u00d6zg\u00fcl \u00d6zkan Yavuz, \u015funlar\u0131 s\u00f6yledi:<\/p>\n<p>* \u201cBu k\u00fct\u00fcphanelerle, \u015fehirlerimizle aidiyet ba\u011flar\u0131 kurmu\u015f \u015fair ve yazarlar\u0131m\u0131z\u0131n hat\u0131ras\u0131n\u0131 ya\u015fatmay\u0131 ve okurlarla ba\u011f\u0131n\u0131 g\u00fc\u00e7lendirmeyi ama\u00e7l\u0131yoruz. Edebiyat m\u00fcze k\u00fct\u00fcphanelerimizin bulunduklar\u0131 ilin k\u00fclt\u00fcrel dokusunu ve mimari \u00f6zelliklerini yans\u0131tmas\u0131na \u00f6zen g\u00f6steriyoruz.<\/p>\n<p>* Koleksiyonda, Adalar\u2019da ya\u015fam\u0131\u015f ya da eserlerinde Adalar\u2019a yer vermi\u015f 92 yazar\u0131n eserleri, hayatlar\u0131 ve eserleriyle ilgili \u00e7al\u0131\u015fmalar, m\u00fcze k\u00fct\u00fcphanecili\u011fine uygun kitap ve yazma eserler bulunuyor. K\u00fct\u00fcphanemizde, okuma salonlar\u0131na ilaveten edebiyat s\u00f6yle\u015filerine ve sanatsal etkinliklere uygun salonlar, yazarlara ait \u00f6zel odalar, sergi alanlar\u0131 da mevcut.\u201d<\/p>\n<p><img decoding=\"async\" src=\"https:\/\/i01.sozcucdn.com\/wp-content\/uploads\/2023\/05\/02\/44-sergi.jpg\" alt=\"\" title=\"\"><\/p>\n<p>Yazar Zeyyat Selimo\u011flu\u2019na ait eserleri k\u00fct\u00fcphaneye ba\u011f\u0131\u015flayan ye\u011feni \u015eule Kulein de k\u00fct\u00fcphane m\u00fcze konseptini be\u011feniyle kar\u015f\u0131lad\u0131klar\u0131n\u0131 dile getirerek, \u201cZeyyat Selimo\u011flu, gen\u00e7lik hayat\u0131n\u0131 Heybeliada\u2019da ge\u00e7irmi\u015f bir yazar ve \u00e7evirmen. Kendisinin hikayelerinde adalar\u0131n b\u00fcy\u00fck bir etkisi vard\u0131r. Bize de b\u00f6yle bir teklif geldi\u011finde hi\u00e7 yay\u0131nlanmayan bir \u00f6yk\u00fcs\u00fcn\u00fcn birinci sayfas\u0131 ve birka\u00e7 \u00f6zel foto\u011fraf\u0131n\u0131 ba\u011f\u0131\u015flad\u0131k\u201d diye konu\u015ftu.<\/p>\n<p>K\u00fct\u00fcphaneye ayr\u0131ca Melih Cevdet Anday\u2019\u0131n e\u015fi Suna Anday, Bekir S\u0131tk\u0131 Erdo\u011fan\u2019\u0131n k\u0131z\u0131 Sahil Dural ve Sait Faik Abas\u0131yan\u0131k\u2019a ait hat\u0131ra e\u015fyalar\u0131n\u0131 Dar\u00fc\u015f\u015fafaka Cemiyeti, sergilenmesi ad\u0131na ba\u011f\u0131\u015flad\u0131. AA<\/p>\n<p><img decoding=\"async\" src=\"https:\/\/i01.sozcucdn.com\/wp-content\/uploads\/2023\/05\/02\/5-sergi.jpg\" alt=\"\" title=\"\"><\/p>\n","protected":false},"excerpt":{"rendered":"<p>\u0130stanbul B\u00fcy\u00fckada&#8217;da yer alan tarihi Hacopoulos K\u00f6\u015fk\u00fc, restorasyonun ard\u0131ndan \u0130stanbul B\u00fcy\u00fckada Edebiyat M\u00fcze K\u00fct\u00fcphanesi olarak kitapseverlerle bulu\u015ftu.<\/p>\n","protected":false},"author":1,"featured_media":85033,"comment_status":"closed","ping_status":"open","sticky":false,"template":"","format":"standard","meta":{"footnotes":""},"categories":[27],"tags":[2118,9893,4952,2464,5557],"class_list":["post-85032","post","type-post","status-publish","format-standard","has-post-thumbnail","hentry","category-kultur-sanat","tag-adalar","tag-eserleri","tag-kutuphane","tag-yavuz","tag-yazar"],"_links":{"self":[{"href":"https:\/\/haberulus.net\/index.php?rest_route=\/wp\/v2\/posts\/85032","targetHints":{"allow":["GET"]}}],"collection":[{"href":"https:\/\/haberulus.net\/index.php?rest_route=\/wp\/v2\/posts"}],"about":[{"href":"https:\/\/haberulus.net\/index.php?rest_route=\/wp\/v2\/types\/post"}],"author":[{"embeddable":true,"href":"https:\/\/haberulus.net\/index.php?rest_route=\/wp\/v2\/users\/1"}],"replies":[{"embeddable":true,"href":"https:\/\/haberulus.net\/index.php?rest_route=%2Fwp%2Fv2%2Fcomments&post=85032"}],"version-history":[{"count":1,"href":"https:\/\/haberulus.net\/index.php?rest_route=\/wp\/v2\/posts\/85032\/revisions"}],"predecessor-version":[{"id":85034,"href":"https:\/\/haberulus.net\/index.php?rest_route=\/wp\/v2\/posts\/85032\/revisions\/85034"}],"wp:featuredmedia":[{"embeddable":true,"href":"https:\/\/haberulus.net\/index.php?rest_route=\/wp\/v2\/media\/85033"}],"wp:attachment":[{"href":"https:\/\/haberulus.net\/index.php?rest_route=%2Fwp%2Fv2%2Fmedia&parent=85032"}],"wp:term":[{"taxonomy":"category","embeddable":true,"href":"https:\/\/haberulus.net\/index.php?rest_route=%2Fwp%2Fv2%2Fcategories&post=85032"},{"taxonomy":"post_tag","embeddable":true,"href":"https:\/\/haberulus.net\/index.php?rest_route=%2Fwp%2Fv2%2Ftags&post=85032"}],"curies":[{"name":"wp","href":"https:\/\/api.w.org\/{rel}","templated":true}]}}