{"id":85047,"date":"2023-05-02T19:35:04","date_gmt":"2023-05-02T19:35:04","guid":{"rendered":"https:\/\/haberulus.net\/?p=85047"},"modified":"2023-05-02T19:35:04","modified_gmt":"2023-05-02T19:35:04","slug":"mersinde-akpli-belediyenin-meclis-toplantisinda-feto-ve-pkk-gerginligi","status":"publish","type":"post","link":"https:\/\/haberulus.net\/?p=85047","title":{"rendered":"Mersin\u2019de AKP\u2019li belediyenin meclis toplant\u0131s\u0131nda FET\u00d6 ve PKK gerginli\u011fi"},"content":{"rendered":"<p>Mersin&#8217;de AKP&#8217;li Akdeniz Belediye Meclisi&#8217;ne, FET\u00d6 ve PKK tart\u0131\u015fmas\u0131 damga vurdu. AKP&#8217;li Ba\u015fkan Mustafa G\u00fcltak, belediyeye ait bir araziyi satmak istemesine kar\u015f\u0131 \u00e7\u0131karak izin vermeyen HDP meclis \u00fcyelerine \u2018PKK\u2019 su\u00e7lamas\u0131 y\u00f6neltti. Su\u00e7lanan HDP&#8217;li \u00fcyeler de AKP&#8217;ye y\u00f6nelik \u2018FET\u00d6\u2019 su\u00e7lamas\u0131nda bulununca mecliste gerginlik ya\u015fand\u0131.<\/p>\n<p>Akdeniz Belediye Ba\u015fkan\u0131 Mustafa G\u00fcltak, m\u00fclkiyeti Akdeniz Belediye Ba\u015fkanl\u0131\u011f\u0131\u2019na ait, Karacailyas Mahallesi\u2019ndeki 3 bin metrekare y\u00fcz \u00f6l\u00e7\u00fcm\u00fcndeki arsa niteli\u011findeki ta\u015f\u0131nmaz\u0131n sat\u0131\u015f\u0131n\u0131 yeniden meclise iade etti. G\u00fcltak, karar\u0131 yeniden oylamaya sundu. CHP&#8217;li meclis \u00fcyeleri karar\u0131n yeniden meclise getirilmesinin demokrasiye uygun olmad\u0131\u011f\u0131n\u0131 s\u00f6yledi.<\/p>\n<p><strong>KAR\u015eILIKLI SU\u00c7LAMALARDA BULUNDULAR<\/strong><\/p>\n<p>Yap\u0131lan oylama sonucunda arsa sat\u0131\u015f\u0131 konusunda ret \u00e7\u0131kt\u0131. Sat\u0131\u015fa ret oyu verilmesi \u00fczerine konu\u015fan Ba\u015fkan Mustafa G\u00fcltak, \u2018\u0130stiklal Mar\u015f\u0131\u2019 ve \u2018PKK\u2019 \u00fczerinden HDP&#8217;li meclis \u00fcyelerine y\u00fcklendi. G\u00fcltak, \u201cDemokrasiyi \u00e7ok seviyorsan\u0131z, silah\u0131 elinizden b\u0131rak\u0131n. Bir kere PKK&#8217;ya ter\u00f6r \u00f6rg\u00fct\u00fc demeyi \u00f6\u011frenin ya. Diyebiliyor musunuz? \u0130stiklal Mar\u015f\u0131&#8217;n\u0131 okuyabiliyor musunuz? Ben FET\u00d6&#8217;ye FET\u00d6\u015e diyorum. Siz PKK ter\u00f6r \u00f6rg\u00fct\u00fc diyemezsiniz. G\u00f6bekten ba\u011fl\u0131s\u0131n\u0131z\u201d ifadelerini kulland\u0131.<\/p>\n<p>HDP&#8217;li Meclis \u00dcyesi \u00d6zg\u00fcr \u00c7a\u011flar ise \u201cHer s\u0131k\u0131\u015ft\u0131\u011f\u0131n\u0131zda bu konular\u0131 a\u00e7\u0131yorsunuz. Biz de girelim o zaman, Cumhurba\u015fkan\u0131&#8217;n\u0131n yaveri FET\u00d6&#8217;c\u00fc \u00e7\u0131kmad\u0131 m\u0131, FET\u00d6&#8217;c\u00fc \u00e7\u0131kt\u0131. Yan\u0131ndaki adam FET\u00d6&#8217;c\u00fc \u00e7\u0131kmad\u0131 m\u0131, FET\u00d6&#8217;c\u00fc \u00e7\u0131kt\u0131. Y\u0131llard\u0131r beraber y\u00fcr\u00fcd\u00fcn\u00fcz, birlikte \u0131sland\u0131n\u0131z bu yollarda, bu \u015fark\u0131lar\u0131 s\u00f6ylediniz, ondan sonra aran\u0131z k\u00f6t\u00fc oldu bitti\u201d\u00a0diye kar\u015f\u0131l\u0131k verdi.<\/p>\n<p><strong>\u201cYILLARDIR BERABER Y\u00dcR\u00dcD\u00dcN\u00dcZ\u201d<\/strong><\/p>\n<p>G\u00fcltak&#8217;a cevap veren HDP&#8217;li Meclis \u00dcyesi \u00d6zg\u00fcr \u00c7a\u011flar,\u00a0\u201c\u0130stiklal Mar\u015f\u0131 \u00fczerinden s\u0131k\u0131\u015ft\u0131\u011f\u0131n\u0131zda bu konular\u0131 a\u00e7\u0131yorsunuz. Biz de girelim o zaman, Cumhurba\u015fkan\u0131&#8217;n\u0131n yaveri FET\u00d6&#8217;c\u00fc \u00e7\u0131kmad\u0131 m\u0131, FET\u00d6&#8217;c\u00fc \u00e7\u0131kt\u0131. Yan\u0131ndaki adam FET\u00d6&#8217;c\u00fc \u00e7\u0131kmad\u0131 m\u0131, FET\u00d6&#8217;c\u00fc \u00e7\u0131kt\u0131. Y\u0131llard\u0131r beraber y\u00fcr\u00fcd\u00fcn\u00fcz, birlikte \u0131sland\u0131n\u0131z bu yollarda, bu \u015fark\u0131lar\u0131 s\u00f6ylediniz, ondan sonra aran\u0131z k\u00f6t\u00fc oldu bitti. Gere\u011fini yapt\u0131n\u0131z, \u00fclkeyi de bu hale getirdiniz. Darbe giri\u015fimleri, insanlar \u00f6ld\u00fc, onlardan da biz bahsetmiyoruz. Siz her s\u0131k\u0131\u015ft\u0131\u011f\u0131n\u0131zda ayn\u0131 konuya giriyorsunuz, gerek yok yani. Daha \u00f6nce burada tart\u0131\u015fmalar ya\u015fand\u0131, bitirdik, t\u00fckettik. Recep Tayyip Erdo\u011fan Hoca Efendi diyordu. Okyanus \u00f6tesine Fettullah G\u00fclen&#8217;e hocam gel diyordunuz. Hocam milyonlar sizi bekliyor demiyor muydunuz?\u201d diye konu\u015ftu.<\/p>\n<p><strong>\u201cM\u0130T\u0130NGE BELED\u0130YE PERSONELLER\u0130N\u0130 G\u00d6T\u00dcRMEN\u0130ZDEK\u0130 AMA\u00c7 NED\u0130R?\u201d<\/strong><\/p>\n<p>1 May\u0131s Emek ve Dayan\u0131\u015fma g\u00fcn\u00fcn\u00fc kutlayan \u00c7a\u011flar, belediye personellerine mitinglere kat\u0131lmas\u0131 i\u00e7in bask\u0131 yap\u0131ld\u0131\u011f\u0131n\u0131 iddia etti. \u00c7a\u011flar, \u015funlar\u0131 s\u00f6yledi:<\/p>\n<p>* \u201cNureddin Nebati buraya geliyor t\u00fcm belediye personellerini Nureddin Nebati&#8217;nin kat\u0131l\u0131m\u0131na sa\u011flamak i\u00e7in belediye \u00f6n\u00fcnde topluyorsunuz. Zafer \u00c7a\u011flayan geliyor b\u00fct\u00fcn birimlere elemanlar\u0131n\u0131z\u0131 g\u00f6nderiyorsunuz. Personel \u00fczerinde bask\u0131 kuruyorsunuz. B\u00f6yle bir \u015fey var m\u0131 yok mu? bunu da cevaplaman\u0131z\u0131 istiyoruz. B\u00f6yle bir \u015fey varsa bunu yapman\u0131zdaki ama\u00e7 nedir?<\/p>\n<p>* Bakanlar\u0131n, milletvekili adaylar\u0131m\u0131z\u0131n mitinglerine toplant\u0131lar\u0131na belediye personellerini g\u00f6t\u00fcrmenizdeki amac\u0131n\u0131z nedir? B\u00f6yle bir hakk\u0131n\u0131z var m\u0131? soru \u00f6nergesi olarak da bunu soruyorum. Zafer \u00c7a\u011flayan&#8217;\u0131n, Nureddin Nebati&#8217;nin neden belediye personellerini g\u00f6t\u00fcr\u00fcyorsunuz? Neden belediye birimlerine insanlar\u0131 g\u00f6nderip kat\u0131lacaks\u0131n\u0131z \u015feklinde diyorsunuz?\u201d<\/p>\n<p><strong>\u201cGE\u00c7M\u0130\u015eTE S\u0130Z\u0130N BA\u015eKASINA PE\u015eKE\u015e \u00c7EKT\u0130\u011e\u0130N\u0130Z ARAZ\u0130Y\u0130, BUG\u00dcN BELED\u0130YEM\u0130ZE KAZANDIRAN ADAMIM\u201d<\/strong><\/p>\n<p>Akdeniz Belediye Ba\u015fkan\u0131 Mustafa G\u00fcltak, Karacailyas Mahallesi&#8217;nde, m\u00fclkiyeti belediyeye ait 3 bin metrekare y\u00fcz\u00f6l\u00e7\u00fcm\u00fcne sahip arsa niteli\u011findeki arazinin sat\u0131\u015f\u0131yla ilgili muhalif meclis \u00fcyelerinin ele\u015ftirilerine sert tondan yan\u0131t verdi.<\/p>\n<p>\u201c\u015eaibenin kimin \u00fczerinde oldu\u011fu bellidir. Akdeniz&#8217;de 2010 y\u0131l\u0131nda kim g\u00f6revde ise, kim o arsan\u0131n bu hale gelmesiyle, hangi meclis \u00fcyeleri el kald\u0131rd\u0131ysa, onlar gitsin kendilerini temizlesin\u201d diyen G\u00fcltak \u201c\u00d6nce kendi ge\u00e7mi\u015finize bak\u0131n. \u00c7amur atmakla G\u00fcltak&#8217;\u0131 kirletemezsiniz. Sizin d\u00f6neminizde bu arsa g\u00fcmb\u00fcrt\u00fcye gidiyordu. Bizim d\u00f6nemimizde kurtar\u0131ld\u0131. Sizlerin 2010&#8217;de pe\u015fke\u015f \u00e7ekti\u011finiz araziyi bu d\u00f6nemde biz kurtard\u0131k ve belediyemize kazand\u0131rd\u0131k\u201d yan\u0131t\u0131n\u0131 verdi.<\/p>\n","protected":false},"excerpt":{"rendered":"<p>Mersin\u2019de AKP\u2019li Akdeniz Belediyesi&#8217;nin meclis toplant\u0131s\u0131nda, HDP\u2019li meclis \u00fcyeleri ve Cumhur \u0130ttifak\u0131&#8217;na mensup meclis \u00fcyeleri aras\u0131nda tart\u0131\u015fma \u00e7\u0131kt\u0131. Meclis \u00fcyeleri birbirlerine &#8216;PKK&#8217; ve &#8216;FET\u00d6&#8217; \u00fczerinden y\u00fcklendi.<\/p>\n","protected":false},"author":1,"featured_media":85048,"comment_status":"closed","ping_status":"open","sticky":false,"template":"","format":"standard","meta":{"footnotes":""},"categories":[26],"tags":[417,1044,581,919,690],"class_list":["post-85047","post","type-post","status-publish","format-standard","has-post-thumbnail","hentry","category-gundem","tag-belediye","tag-feto","tag-meclis","tag-personel","tag-pkk"],"_links":{"self":[{"href":"https:\/\/haberulus.net\/index.php?rest_route=\/wp\/v2\/posts\/85047","targetHints":{"allow":["GET"]}}],"collection":[{"href":"https:\/\/haberulus.net\/index.php?rest_route=\/wp\/v2\/posts"}],"about":[{"href":"https:\/\/haberulus.net\/index.php?rest_route=\/wp\/v2\/types\/post"}],"author":[{"embeddable":true,"href":"https:\/\/haberulus.net\/index.php?rest_route=\/wp\/v2\/users\/1"}],"replies":[{"embeddable":true,"href":"https:\/\/haberulus.net\/index.php?rest_route=%2Fwp%2Fv2%2Fcomments&post=85047"}],"version-history":[{"count":1,"href":"https:\/\/haberulus.net\/index.php?rest_route=\/wp\/v2\/posts\/85047\/revisions"}],"predecessor-version":[{"id":85049,"href":"https:\/\/haberulus.net\/index.php?rest_route=\/wp\/v2\/posts\/85047\/revisions\/85049"}],"wp:featuredmedia":[{"embeddable":true,"href":"https:\/\/haberulus.net\/index.php?rest_route=\/wp\/v2\/media\/85048"}],"wp:attachment":[{"href":"https:\/\/haberulus.net\/index.php?rest_route=%2Fwp%2Fv2%2Fmedia&parent=85047"}],"wp:term":[{"taxonomy":"category","embeddable":true,"href":"https:\/\/haberulus.net\/index.php?rest_route=%2Fwp%2Fv2%2Fcategories&post=85047"},{"taxonomy":"post_tag","embeddable":true,"href":"https:\/\/haberulus.net\/index.php?rest_route=%2Fwp%2Fv2%2Ftags&post=85047"}],"curies":[{"name":"wp","href":"https:\/\/api.w.org\/{rel}","templated":true}]}}