{"id":85587,"date":"2023-05-05T08:50:03","date_gmt":"2023-05-05T08:50:03","guid":{"rendered":"https:\/\/haberulus.net\/?p=85587"},"modified":"2023-05-05T08:50:03","modified_gmt":"2023-05-05T08:50:03","slug":"davutoglundan-muharrem-incenin-chpye-yonelik-teklifine-sert-tepki-bu-sozlere-zavalli-derim","status":"publish","type":"post","link":"https:\/\/haberulus.net\/?p=85587","title":{"rendered":"Davuto\u011flu&#8217;ndan Muharrem \u0130nce&#8217;nin CHP&#8217;ye y\u00f6nelik teklifine sert tepki: Bu s\u00f6zlere zavall\u0131 derim"},"content":{"rendered":"<p>Memleket Partisi Genel Ba\u015fkan\u0131 Muharrem \u0130nce ge\u00e7ti\u011fimiz g\u00fcnlerde CHP y\u00f6netimine bir teklifte bulunmu\u015f ve &#8220;Y\u00fczde 1 oyu bile olmayan Gelecek ve DEVA Partilerini kenara b\u0131rak\u0131n, kay\u0131ts\u0131z destek verece\u011fim. Benim meselem memleket, Cumhurba\u015fkanl\u0131\u011f\u0131 yard\u0131mc\u0131l\u0131\u011f\u0131 ya da bakanl\u0131k filan istemiyorum hi\u00e7bir \u015fey istemiyorum&#8221; ifadelerini kullanm\u0131\u015ft\u0131.<\/p>\n<p><b>CHP&#8217;DEN TEKL\u0130FE YANIT GELD\u0130<\/b><\/p>\n<p>\u0130nce&#8217;nin se\u00e7imle ilgili teklifine CHP&#8217;nin ne yan\u0131t verece\u011fi merak konusu olurken, d\u00fcn ak\u015fam canl\u0131 yay\u0131na kat\u0131lan Grup Ba\u015fkanvekili Engin \u00d6zko\u00e7 &#8220;Biz kesinlikle sizinle yar\u0131\u015fm\u0131yoruz. Asl\u0131nda sizin de bizimle beraber s\u00f6yledikleriniz farkl\u0131 \u015feyler de\u011fil. Sizinle bizim istedi\u011fimiz \u015fey e\u011fer Cumhurba\u015fkanl\u0131\u011f\u0131 sisteminin yerine parlamenter sistemi getirmekse birlikte yol y\u00fcr\u00fcmeliyiz. Biz milletin her sesinin Meclis&#8217;te yank\u0131lanmas\u0131n\u0131 istiyoruz&#8221; ifadelerini kulland\u0131.<\/p>\n<p><b>\u0130NCE&#8217;N\u0130N HEDEF\u0130NDEK\u0130 DAVUTO\u011eLU SESS\u0130ZL\u0130\u011e\u0130N\u0130 BOZDU<\/b><\/p>\n<p>Muharrem \u0130nce&#8217;nin hedefindeki iki isimden biri olan Gelecek Partisi Genel Ba\u015fkan\u0131 Ahmet Davuto\u011flu ise bu sabah kat\u0131ld\u0131\u011f\u0131 programda sert ifadeler kulland\u0131. \u0130nce&#8217;nin teklifini &#8220;Zavall\u0131 s\u00f6zler&#8221; olarak yorumlayan Davuto\u011flu s\u00f6zlerini \u015f\u00f6yle s\u00fcrd\u00fcrd\u00fc; &#8220;Muharrem \u0130nce Erdo\u011fan&#8217;dan iyi ders al\u0131yor. Siyasi nezaketsizli\u011fi Erdo\u011fan&#8217;la yar\u0131\u015f\u0131yor. Gayet yak\u0131\u015f\u0131yorlar birbirlerine. Yan yana dursalar iyi bir ekip olurlar. Yani siyasi nezaketsizlikle Erdo\u011fan&#8217;la yar\u0131\u015f\u0131yor. Muharrem \u0130nce&#8217;ye \u015funu soray\u0131m ben 18 May\u0131s 2022, Muharrem \u0130nce Gelecek Partisi Genel Merkezi&#8217;ni ziyarete geldi. &#8216;At onlar\u0131 kenara&#8217; dedi\u011fi Davuto\u011flu&#8217;nu ziyarete geldi. \u0130kramda bulunduk, pasta da kestik \u00e7\u00fcnk\u00fc partisinin kurulu\u015funun ikinci y\u0131l d\u00f6n\u00fcm\u00fcyd\u00fc. Ve gayet iltifatk\u00e2r c\u00fcmlelerle birbirimize bas\u0131n toplant\u0131s\u0131 yapt\u0131k. Ne de\u011fi\u015fti? Neden biliyor musunuz? O haftadan sonraki tabii 29 May\u0131s&#8217;ta bizim ev sahipli\u011fimizde alt\u0131l\u0131 masa topland\u0131. Ben bu g\u00f6r\u00fc\u015fme \u00f6ncesinde, aram\u0131zdaki fark bu i\u015fte. <\/p>\n<p><b>&#8220;H\u0130\u00c7 \u00dcZ\u00dcLMED\u0130M, BU NEZAKETS\u0130ZL\u0130KLERE ALI\u015eTIK&#8221;<\/b><\/p>\n<p>Anlam\u0131yor bunu Muharrem \u0130nce gibi kafalar. \u00c7\u0131k\u0131\u015f yolu bulmaya \u00e7al\u0131\u015f\u0131yor. K\u00f6t\u00fc bir \u00e7\u0131k\u0131\u015f yolu bulmu\u015f, tavsiye etmem. K\u00f6pr\u00fcden \u00f6nce son \u00e7\u0131k\u0131\u015f. (Siz \u00fcz\u00fcld\u00fcn\u00fcz m\u00fc?) Yok hi\u00e7 \u00fcz\u00fclmedim, \u00e7\u00fcnk\u00fc bu nezaketsizliklere al\u0131\u015ft\u0131k. Bu ziyaret \u00f6ncesinde ben Say\u0131n K\u0131l\u0131\u00e7daro\u011flu&#8217;na s\u00f6yledim .Bak\u0131n bizim siyaset anlay\u0131\u015f\u0131m\u0131z bu. Ben K\u0131l\u0131\u00e7daro\u011flu&#8217;nun haberi olmadan veya onunla isti\u015fare etmeden herhangi bir Cumhuriyet Halk Parti ile ge\u00e7mi\u015fi olan biriyle g\u00f6r\u00fc\u015fmedim. Say\u0131n K\u0131l\u0131\u00e7daro\u011flu&#8217;na dedim, &#8216;Say\u0131n Muharrem \u0130nce ziyaret etmek istiyor, sizce mahsuru var m\u0131?&#8217; Memnuniyetle dedi. Hi\u00e7bir sak\u0131ncas\u0131 yok diye. Bizimle K\u0131l\u0131\u00e7daro\u011flu aras\u0131ndaki hukuk bu, kendisiyle K\u0131l\u0131\u00e7daro\u011flu aras\u0131ndaki hukuk da bu. Gelip bize sayg\u0131yla gelecek, sayg\u0131 da g\u00f6recek. Bug\u00fcn kap\u0131m\u0131 \u00e7alsa Erdo\u011fan veya Bah\u00e7eli gelse, kim olursa olsun kap\u0131y\u0131 ayn\u0131 \u015fekilde a\u00e7ar\u0131m. Bu s\u00f6zlere zavall\u0131 derim.&#8221;<\/p>\n","protected":false},"excerpt":{"rendered":"<p>Gelecek Partisi Genel Ba\u015fkan\u0131 Ahmet Davuto\u011flu, Memleket Partisi lideri ve cumhurba\u015fkan\u0131 aday\u0131 Muharrem \u0130nce&#8217;nin CHP&#8217;ye yapt\u0131\u011f\u0131 &#8220;Babacan ve Davuto\u011flu&#8217;nu ittifaktan \u00e7\u0131kar\u0131n, o zaman destek verece\u011fim&#8221; \u00e7a\u011fr\u0131s\u0131 i\u00e7in &#8220;Zavall\u0131 s\u00f6zler&#8221; ifadesini kulland\u0131. Davuto\u011flu, &#8220;Siyasi nezaketsizli\u011fi Erdo\u011fan&#8217;la yar\u0131\u015f\u0131yor. Gayet yak\u0131\u015f\u0131yorlar birbirlerine. Yan yana dursalar iyi bir ekip olurlar&#8221; diye konu\u015ftu.<\/p>\n","protected":false},"author":1,"featured_media":0,"comment_status":"closed","ping_status":"open","sticky":false,"template":"","format":"standard","meta":{"footnotes":""},"categories":[28],"tags":[1973,1496,4478,442,342],"class_list":["post-85587","post","type-post","status-publish","format-standard","hentry","category-politika","tag-bizim","tag-kilicdaroglu","tag-muharrem-ince","tag-parti","tag-yan"],"_links":{"self":[{"href":"https:\/\/haberulus.net\/index.php?rest_route=\/wp\/v2\/posts\/85587","targetHints":{"allow":["GET"]}}],"collection":[{"href":"https:\/\/haberulus.net\/index.php?rest_route=\/wp\/v2\/posts"}],"about":[{"href":"https:\/\/haberulus.net\/index.php?rest_route=\/wp\/v2\/types\/post"}],"author":[{"embeddable":true,"href":"https:\/\/haberulus.net\/index.php?rest_route=\/wp\/v2\/users\/1"}],"replies":[{"embeddable":true,"href":"https:\/\/haberulus.net\/index.php?rest_route=%2Fwp%2Fv2%2Fcomments&post=85587"}],"version-history":[{"count":1,"href":"https:\/\/haberulus.net\/index.php?rest_route=\/wp\/v2\/posts\/85587\/revisions"}],"predecessor-version":[{"id":85588,"href":"https:\/\/haberulus.net\/index.php?rest_route=\/wp\/v2\/posts\/85587\/revisions\/85588"}],"wp:attachment":[{"href":"https:\/\/haberulus.net\/index.php?rest_route=%2Fwp%2Fv2%2Fmedia&parent=85587"}],"wp:term":[{"taxonomy":"category","embeddable":true,"href":"https:\/\/haberulus.net\/index.php?rest_route=%2Fwp%2Fv2%2Fcategories&post=85587"},{"taxonomy":"post_tag","embeddable":true,"href":"https:\/\/haberulus.net\/index.php?rest_route=%2Fwp%2Fv2%2Ftags&post=85587"}],"curies":[{"name":"wp","href":"https:\/\/api.w.org\/{rel}","templated":true}]}}