{"id":85634,"date":"2023-05-05T09:49:33","date_gmt":"2023-05-05T09:49:33","guid":{"rendered":"https:\/\/haberulus.net\/?p=85634"},"modified":"2023-05-05T09:49:33","modified_gmt":"2023-05-05T09:49:33","slug":"aksenerin-ocalan-iddiasi-sonrasi-bakan-bozdag-resti-cekti-o-belgeleri-yayinlamazsa-ben-servis-edecegim","status":"publish","type":"post","link":"https:\/\/haberulus.net\/?p=85634","title":{"rendered":"Ak\u015fener&#8217;in &#8220;\u00d6calan&#8221; iddias\u0131 sonras\u0131 Bakan Bozda\u011f resti \u00e7ekti: O belgeleri yay\u0131nlamazsa ben servis edece\u011fim"},"content":{"rendered":"<p>\u0130Y\u0130 Parti Genel Ba\u015fkan\u0131 Meral Ak\u015fener, ge\u00e7ti\u011fimiz g\u00fcnlerde kat\u0131ld\u0131\u011f\u0131 bir canl\u0131 yay\u0131nda PKK eleba\u015f\u0131 Abdullah \u00d6calan&#8217;la g\u00f6r\u00fc\u015f\u00fclmesi i\u00e7in \u0130mral\u0131&#8217;ya heyet g\u00f6nderildi\u011fini \u00f6ne s\u00fcrerek &#8220;Daha yeni \u0130mral\u0131&#8217;ya adam g\u00f6nderdiler, yard\u0131m istediler. Kimin g\u00f6nderildi\u011fini biliyorum. Siyaset\u00e7i olsa ad\u0131n\u0131 hemen s\u00f6ylerim. Yarg\u0131dan birini g\u00f6nderdiler&#8221; dedi.<\/p>\n<p><b>BOZDA\u011e&#8217;DAN REST: YAYINLAMAZSA BEN SERV\u0130S EDECE\u011e\u0130M<\/b><\/p>\n<p>B\u00fcy\u00fck ses getiren bu iddia hakk\u0131nda Adalet Bakan\u0131 Bekir Bozda\u011f&#8217;dan bir a\u00e7\u0131klama geldi. CNN T\u00fcrk canl\u0131 yay\u0131n\u0131nda s\u00f6z konusu iddiaya yan\u0131t veren Bakan Bozda\u011f, &#8220;Yalan s\u00f6yl\u00fcyorlar. Ellerinde belge var dedikleri k\u0131s\u0131mlar oraya zaman zaman teknik heyetler gider. B\u00f6yle bir g\u00f6revlendirme ile ilgili yap\u0131lan \u00e7al\u0131\u015fmalar\u0131 \u00e7arp\u0131t\u0131yorlar. \u00d6calan ile alakas\u0131 olmayan \u00e7al\u0131\u015fmay\u0131, teknik g\u00f6revlendirmeleri, yaz\u0131\u015fmalar\u0131 al\u0131p \u00d6calan ile g\u00f6r\u00fc\u015ft\u00fcler diye \u00e7arp\u0131t\u0131yorlar. O belgelerde ne yazd\u0131\u011f\u0131n\u0131 ben biliyorum. Bu bir ahlak meselesi. Orada bir s\u00fcr\u00fc teknik anlamda sorun oluyor. Oraya teknik ekip gidiyor. Bunun \u00d6calan ile hi\u00e7 alakas\u0131 yok. O hakimin ad\u0131n\u0131 a\u00e7\u0131klay\u0131n. O belgeleri yay\u0131nlamazlarsa yar\u0131n ben b\u00fct\u00fcn bas\u0131na verece\u011fim. Yay\u0131nlamalar\u0131 \u00e7a\u011fr\u0131s\u0131nda bulunuyorum&#8221; dedi. <\/p>\n<p><strong>Bakan Bozda\u011f&#8217;\u0131n konu\u015fmas\u0131ndan \u00f6ne \u00e7\u0131kanlar \u015f\u00f6yle:<\/strong> <\/p>\n<p>&#8220;T\u00fcrkiye&#8217;deki se\u00e7imler sadece T\u00fcrk halk\u0131 taraf\u0131ndan de\u011ferlendirilmiyor. Ayn\u0131 zamanda yurt d\u0131\u015f\u0131nda da yak\u0131ndan takip ediliyor. Pek \u00e7ok \u00e7evre m\u00fcdahale i\u00e7in de\u011fi\u015fik davran\u0131\u015flar ortaya koyuyor. The Economist onlardan biri. Ama\u00e7 T\u00fcrkiye&#8217;nin tercihine m\u00fcdahale giri\u015fimi. T\u00fcrkiye&#8217;nin se\u00e7imini yapmayacak. Cumhurba\u015fkan\u0131n\u0131 ya da vekilleri Washington se\u00e7meyecek, milletimiz se\u00e7ecek.<\/p>\n<p><b>&#8220;\u015eANLIURFA&#8217;NIN B\u0130R\u0130NC\u0130 TERC\u0130H\u0130 AK PART\u0130&#8221;<\/b><\/p>\n<p>\u015eanl\u0131urfa&#8217;daki K\u00fcrt karde\u015flerimizin birinci tercihi AK Parti, Cumhurba\u015fkan\u0131m\u0131z Erdo\u011fan. \u015eanl\u0131urfa&#8217;da herhangi bir sorun, s\u0131k\u0131nt\u0131 yok. Buradaki herkesin birinci partisi AK Parti, cumhurba\u015fkan\u0131 aday\u0131 da say\u0131n Erdo\u011fan. Emek ve \u00d6zg\u00fcrl\u00fck \u0130ttifak\u0131&#8217;n\u0131n K\u0131l\u0131\u00e7daro\u011flu&#8217;nu desteklemesi onlar\u0131n birlik i\u00e7inde oldu\u011funu g\u00f6steriyor. Mithat Sancar da &#8216;Hedeflerimiz ortak&#8217; dedi. Baz\u0131 s\u00f6zler verdikleri o a\u00e7\u0131klamalarda \u00e7\u0131k\u0131yor. Onlar da K\u0131l\u0131\u00e7daro\u011flu&#8217;na \u00e7a\u011fr\u0131 yap\u0131yor, bize verdi\u011fin s\u00f6zleri a\u00e7\u0131kla, diyorlar. Buradan K\u0131l\u0131\u00e7daro\u011flu&#8217;na hedef birli\u011fi etti\u011finiz konular, taahh\u00fctleriniz nelerdir diye \u00e7a\u011fr\u0131da bulunuyorum.<\/p>\n<p><b>SIRRI S\u00dcREYYA \u00d6NDER&#8217;\u0130N A\u00c7IKLAMALARI<\/b><\/p>\n<p>Tecr\u00fcbesi olan biri, CHP&#8217;nin kodlar\u0131n\u0131 bilir. Orada cesur bir irade olmad\u0131\u011f\u0131n\u0131 en iyi o bilir. Leyla Zana&#8217;lara, Hatip Dicle&#8217;lere herkes \u015fahit. Yan yana HDP ile foto\u011fraf \u00e7ektirmekten korkan CHP \u015fimdi \u00e7\u0131km\u0131\u015f \u015fimdi \u00e7\u0131km\u0131\u015f taahh\u00fctlerde bulunuyor ve a\u00e7\u0131klamaktan korkuyor. \u015eimdi \u00d6nder&#8217;e seslenmek isterim, taahh\u00fctlerini a\u00e7\u0131klamayan biri \u00e7\u00f6z\u00fcm s\u00fcrecini ba\u015flatma cesaretini g\u00f6sterebilir mi? Cumhurba\u015fkan\u0131m\u0131z milli birlik s\u00fcrecini ba\u015flat\u0131rken de biz bald\u0131ran zehrini i\u00e7tik dedi ve \u00f6yle y\u00fcr\u00fctt\u00fc. \u00d6nder biliyor ki K\u0131l\u0131\u00e7daro\u011flu&#8217;nda \u00f6yle bir cesaret yok. Kendilerine kapal\u0131 kap\u0131lar ard\u0131nda verdi\u011fi s\u00f6zleri K\u0131l\u0131\u00e7daro\u011flu \u00e7\u0131ks\u0131n a\u00e7\u0131klas\u0131n. HDP, kendi kendilerine cumhurba\u015fkan\u0131m\u0131za duyduklar\u0131 nefreti kamufle etmek i\u00e7in ba\u015fka ba\u015fka \u015feyler s\u00f6yl\u00fcyorlar.<\/p>\n<p><b>KILI\u00c7DARO\u011eLU&#8217;NUN 17-25 ARALIK S\u00d6ZLER\u0130<\/b><\/p>\n<p>Y\u0131llar sonra da olsa cumhurba\u015fkan\u0131m\u0131za kumpas kuruldu\u011funu, o kasetlerin kurmaca oldu\u011funu itiraf etmi\u015f oldu. Kendisinin de o kumpasa destek vermi\u015f oldu\u011funu itiraf etti. Soru\u015fturmalar vard\u0131, onlar\u0131 if\u015fa etmek su\u00e7ken K\u0131l\u0131\u00e7daro\u011flu o kasetleri getirip grupta dinletti ki millete hakikatmi\u015f gibi g\u00f6sterdi. Vaktiyle T\u00fcrk halk\u0131n\u0131 aldatt\u0131\u011f\u0131n\u0131 g\u00f6steriyor bu. Say\u0131n K\u0131l\u0131\u00e7daro\u011flu&#8217;nu aldatt\u0131\u011f\u0131 T\u00fcrk halk\u0131ndan \u00f6z\u00fcr dilemeye davet ediyorum. \u00d6z\u00fcr dilemesi asgari ahlak kurallar\u0131n\u0131n gere\u011fidir.<\/p>\n<p><b>SES KAYDI \u0130DD\u0130ALARI<\/b><\/p>\n<p>S\u00fcleyman beyin dedikleri ayr\u0131 bir konu. Bunu ona sorarsan\u0131z daha do\u011fru olur. K\u0131l\u0131\u00e7daro\u011flu&#8217;nun b\u00fcy\u00fckel\u00e7iliklerle g\u00f6r\u00fc\u015ft\u00fc\u011f\u00fc s\u0131r de\u011fil. Sadece b\u00fcy\u00fck el\u00e7ilerle de\u011fil, yurt d\u0131\u015f\u0131na gitti oralarda a\u00e7\u0131k g\u00f6r\u00fc\u015fmeler yapt\u0131\u011f\u0131 gibi kay\u0131p saatleri var. G\u00f6r\u00fcnen k\u0131s\u0131m var g\u00f6r\u00fcnmeyen k\u0131s\u0131m var. CHP&#8217;den b\u00fcy\u00fckel\u00e7ilere ziyaret oldu\u011fu s\u0131r de\u011fil. Belediye ba\u015fkanlar\u0131 bal\u0131k\u00e7\u0131da Yemek yediler. G\u00f6r\u00fc\u015fmeler normal ama g\u00f6r\u00fc\u015fmelerdeki konular normal mi de\u011fil mi buna bak\u0131lmal\u0131. Biden&#8217;\u0131n kendi kampanyas\u0131 s\u0131ras\u0131nda T\u00fcrkiye&#8217;deki se\u00e7ime m\u00fcdahale edece\u011finden sonra bunlar\u0131n ne anlama geldi\u011fini g\u00f6r\u00fcyoruz. The Economist&#8217;in man\u015feti ortada. Kimi temsilcileri ABD&#8217;nin kendi se\u00e7imi gibi g\u00f6r\u00fcyor, do\u011fal m\u00fcttefiki gibi CHP. Bu se\u00e7im bizim se\u00e7imimiz size ne, demeleri laz\u0131m. G\u00f6r\u00fc\u015ft\u00fck, se\u00e7imle bir \u015fey konu\u015fmad\u0131k, demeleri laz\u0131m. T\u00fcrkiye&#8217;nin se\u00e7imlerine m\u00fcdahil olmaya \u00e7al\u0131\u015fan el\u00e7iler oldu\u011fu a\u00e7\u0131k.&#8221;<\/p>\n","protected":false},"excerpt":{"rendered":"<p>\u0130Y\u0130 Parti lideri Ak\u015fener&#8217;in &#8220;H\u00fck\u00fcmet, \u00d6calan ile g\u00f6r\u00fc\u015f\u00fcyor. Bunun i\u00e7in bir yarg\u0131 mensubu g\u00f6revlendirdi&#8221; iddias\u0131na yan\u0131t veren Adalet Bakan\u0131 Bozda\u011f, &#8220;Ak\u015fener&#8217;in yapt\u0131\u011f\u0131 ahlaks\u0131zl\u0131kt\u0131r. E\u011fer o a\u00e7\u0131klamazsa yaz\u0131\u015fmalar\u0131 ben yar\u0131n a\u00e7\u0131klayaca\u011f\u0131m&#8221; dedi.<\/p>\n","protected":false},"author":1,"featured_media":0,"comment_status":"closed","ping_status":"open","sticky":false,"template":"","format":"standard","meta":{"footnotes":""},"categories":[28],"tags":[481,1496,320,77,87],"class_list":["post-85634","post","type-post","status-publish","format-standard","hentry","category-politika","tag-cumhurbaskani","tag-kilicdaroglu","tag-secim","tag-soz","tag-turk"],"_links":{"self":[{"href":"https:\/\/haberulus.net\/index.php?rest_route=\/wp\/v2\/posts\/85634","targetHints":{"allow":["GET"]}}],"collection":[{"href":"https:\/\/haberulus.net\/index.php?rest_route=\/wp\/v2\/posts"}],"about":[{"href":"https:\/\/haberulus.net\/index.php?rest_route=\/wp\/v2\/types\/post"}],"author":[{"embeddable":true,"href":"https:\/\/haberulus.net\/index.php?rest_route=\/wp\/v2\/users\/1"}],"replies":[{"embeddable":true,"href":"https:\/\/haberulus.net\/index.php?rest_route=%2Fwp%2Fv2%2Fcomments&post=85634"}],"version-history":[{"count":1,"href":"https:\/\/haberulus.net\/index.php?rest_route=\/wp\/v2\/posts\/85634\/revisions"}],"predecessor-version":[{"id":85635,"href":"https:\/\/haberulus.net\/index.php?rest_route=\/wp\/v2\/posts\/85634\/revisions\/85635"}],"wp:attachment":[{"href":"https:\/\/haberulus.net\/index.php?rest_route=%2Fwp%2Fv2%2Fmedia&parent=85634"}],"wp:term":[{"taxonomy":"category","embeddable":true,"href":"https:\/\/haberulus.net\/index.php?rest_route=%2Fwp%2Fv2%2Fcategories&post=85634"},{"taxonomy":"post_tag","embeddable":true,"href":"https:\/\/haberulus.net\/index.php?rest_route=%2Fwp%2Fv2%2Ftags&post=85634"}],"curies":[{"name":"wp","href":"https:\/\/api.w.org\/{rel}","templated":true}]}}