{"id":85687,"date":"2023-05-05T11:05:32","date_gmt":"2023-05-05T11:05:32","guid":{"rendered":"https:\/\/haberulus.net\/?p=85687"},"modified":"2023-05-05T11:05:32","modified_gmt":"2023-05-05T11:05:32","slug":"kilicdaroglundan-kendisini-hedef-alan-erdogana-baris-mancolu-yanit-iste-hendek-iste-deve","status":"publish","type":"post","link":"https:\/\/haberulus.net\/?p=85687","title":{"rendered":"K\u0131l\u0131\u00e7daro\u011flu&#8217;ndan kendisini hedef alan Erdo\u011fan&#8217;a Bar\u0131\u015f Man\u00e7o&#8217;lu yan\u0131t: \u0130\u015fte hendek, i\u015fte deve"},"content":{"rendered":"<p>Cumhuriyet Halk Partisi (CHP) Genel Ba\u015fkan\u0131 ve Millet \u0130ttifak\u0131&#8217;n\u0131n ortak cumhurba\u015fkan\u0131 aday\u0131 Kemal K\u0131l\u0131\u00e7daro\u011flu, kendisini Twitter&#8217;dan yapt\u0131\u011f\u0131 payla\u015f\u0131mla hedef alan Cumhurba\u015fkan\u0131 Erdo\u011fan&#8217;a yan\u0131t verdi.<\/p>\n<p><b>GEN\u00c7LERE SESLEND\u0130<\/b><\/p>\n<p>Erdo\u011fan&#8217;\u0131n s\u00f6z konusu payla\u015f\u0131m\u0131n\u0131 al\u0131nt\u0131layan ve mesaj\u0131nda gen\u00e7lere seslelen K\u0131l\u0131\u00e7daro\u011flu, &#8220;Sevgili gen\u00e7ler i\u015fte sizinle ge\u00e7ece\u011fimiz e\u015fik budur. Bu rezaletleri bir daha bu \u00fclke ya\u015famas\u0131n istiyorsan, gerekeni yapacaks\u0131n. Gen\u00e7ler, Halep Oradaysa Ar\u015f\u0131n Buradad\u0131r&#8221; ifadelerini kulland\u0131.<\/p>\n<p><img decoding=\"async\" src=\"https:\/\/i.hbrcdn.com\/haber\/2023\/05\/05\/kilicdaroglu-ndan-kendisini-hedef-alan-erdogan-a-15866194_8178_m.jpg\" alt=\"\" title=\"\"><\/p>\n<p><b>BARI\u015e MAN\u00c7O&#8217;NUN \u015eARKISINI PAYLA\u015eTI<\/b><\/p>\n<p>CHP lideri, payla\u015f\u0131m\u0131n\u0131n devam\u0131nda ise Bar\u0131\u015f Man\u00e7o&#8217;nun &#8216;\u0130\u015fte Hendek \u0130\u015fte Deve&#8217; \u015fark\u0131s\u0131n\u0131 payla\u015ft\u0131. K\u0131l\u0131\u00e7daro\u011flu&#8217;nun payla\u015f\u0131m\u0131 binlerce be\u011feni ald\u0131.<\/p>\n<p><img decoding=\"async\" src=\"https:\/\/i.hbrcdn.com\/haber\/2023\/05\/05\/kilicdaroglu-ndan-kendisini-hedef-alan-erdogan-a-15866194_2958_m.jpg\" alt=\"\" title=\"\"><\/p>\n<p><b>CUMHURBA\u015eKANI ERDO\u011eAN NE DEM\u0130\u015eT\u0130?<\/b><\/p>\n<p>Cumhurba\u015fkan\u0131 Erdo\u011fan, K\u0131l\u0131\u00e7daro\u011flu&#8217;nu hedef ald\u0131\u011f\u0131 payla\u015f\u0131m\u0131nda \u015fu ifadeleri kullanm\u0131\u015ft\u0131; &#8220;Bay Bay Kemal&#8217;in kimlerle ne i\u015fler \u00e7evirdi\u011fi, bebek katillerine ne s\u00f6zler verdi\u011fi, bat\u0131l\u0131 b\u00fcy\u00fckel\u00e7ilere neleri taahh\u00fct etti\u011fi yava\u015f yava\u015f ortaya \u00e7\u0131k\u0131yor. Her g\u00fcn konu\u015fuyor, olur olmaz her konuda yorum yap\u0131yor ama kendisi b\u00f6l\u00fcc\u00fc \u00f6rg\u00fct\u00fcn siyasi uzant\u0131lar\u0131na hangi s\u00f6zleri verdi\u011fini s\u00f6ylemiyor. Kandil&#8217;deki ter\u00f6r baronlar\u0131n\u0131n ni\u00e7in kendisini destekledi\u011fini a\u00e7\u0131klam\u0131yor. Pensilvanya&#8217;daki hamburgercide 8 saat kimlerle neyin pazarl\u0131\u011f\u0131n\u0131 yapt\u0131\u011f\u0131ndan bahsetmiyor. Yerli ve mill\u00ee projelerimizden, milletin gelece\u011fini garanti alt\u0131na alacak eser ve hizmetlerimizden ni\u00e7in rahats\u0131z oldu\u011funu konu\u015fmuyor.<\/p>\n<p>G\u00fcya teknoloji g\u00f6rmek i\u00e7in 10 bin kilometre uza\u011fa giderken ni\u00e7in Togg&#8217;un fabrikas\u0131n\u0131 ziyaret etmedi\u011fini a\u00e7\u0131klayam\u0131yor. LGBT&#8217;ye ni\u00e7in arka \u00e7\u0131kt\u0131\u011f\u0131, Selo&#8217;nun kap\u0131s\u0131nda milletvekillerine ni\u00e7in n\u00f6bet tutturdu\u011fu konusuna hi\u00e7 girmiyor. Muhatab\u0131 da\u011fdaki ter\u00f6ristler olan ifadelerimizi ni\u00e7in \u00fcst\u00fcne al\u0131nd\u0131\u011f\u0131n\u0131, bunlardan ni\u00e7in rahats\u0131zl\u0131k duydu\u011funu anlatam\u0131yor. Vars\u0131n Bay Bay Kemal konu\u015fmas\u0131n, hakk\u0131 ve hakikati s\u00f6ylemesin\u2026 Hakikat g\u00fcne\u015fi bal\u00e7\u0131kla, \u00e7amurla, k\u0131rk dereden k\u0131rk kova su getirerek \u00f6rt\u00fclemez. Samsun&#8217;da vatan-millet deyip Van&#8217;da Selo&#8217;ya \u00f6zg\u00fcrl\u00fck isteyenlerin maskesini in\u015fallah 14 May\u0131s&#8217;ta hep birlikte indirece\u011fiz. \u0130n\u015fallah 14 May\u0131s&#8217;ta bu maskeli baloya hep beraber son verece\u011fiz.&#8221;<\/p>\n<p><img decoding=\"async\" src=\"https:\/\/i.hbrcdn.com\/haber\/2023\/05\/05\/kilicdaroglu-ndan-kendisini-hedef-alan-erdogan-a-15866194_5917_m.jpg\" alt=\"\" title=\"\"><\/p><\/p>\n","protected":false},"excerpt":{"rendered":"<p>Millet \u0130ttifak\u0131&#8217;n\u0131n aday\u0131 Kemal K\u0131l\u0131\u00e7daro\u011flu kendisini hedef alan Cumhurba\u015fkan\u0131 Erdo\u011fan&#8217;a Twitter hesab\u0131ndan yapt\u0131\u011f\u0131 payla\u015f\u0131mla yan\u0131t verdi. &#8220;Sevgili gen\u00e7ler i\u015fte sizinle ge\u00e7ece\u011fimiz e\u015fik budur. Bu rezaletleri bir daha bu \u00fclke ya\u015famas\u0131n istiyorsan, gerekeni yapacaks\u0131n. Gen\u00e7ler, Halep Oradaysa Ar\u015f\u0131n Buradad\u0131r&#8221; diyen K\u0131l\u0131\u00e7daro\u011flu, Bar\u0131\u015f Man\u00e7o&#8217;nun &#8220;\u0130\u015fte Hendek \u0130\u015fte Deve&#8221; \u015fark\u0131s\u0131n\u0131 da payla\u015ft\u0131.<\/p>\n","protected":false},"author":1,"featured_media":0,"comment_status":"closed","ping_status":"open","sticky":false,"template":"","format":"standard","meta":{"footnotes":""},"categories":[28],"tags":[],"class_list":["post-85687","post","type-post","status-publish","format-standard","hentry","category-politika"],"_links":{"self":[{"href":"https:\/\/haberulus.net\/index.php?rest_route=\/wp\/v2\/posts\/85687","targetHints":{"allow":["GET"]}}],"collection":[{"href":"https:\/\/haberulus.net\/index.php?rest_route=\/wp\/v2\/posts"}],"about":[{"href":"https:\/\/haberulus.net\/index.php?rest_route=\/wp\/v2\/types\/post"}],"author":[{"embeddable":true,"href":"https:\/\/haberulus.net\/index.php?rest_route=\/wp\/v2\/users\/1"}],"replies":[{"embeddable":true,"href":"https:\/\/haberulus.net\/index.php?rest_route=%2Fwp%2Fv2%2Fcomments&post=85687"}],"version-history":[{"count":1,"href":"https:\/\/haberulus.net\/index.php?rest_route=\/wp\/v2\/posts\/85687\/revisions"}],"predecessor-version":[{"id":85688,"href":"https:\/\/haberulus.net\/index.php?rest_route=\/wp\/v2\/posts\/85687\/revisions\/85688"}],"wp:attachment":[{"href":"https:\/\/haberulus.net\/index.php?rest_route=%2Fwp%2Fv2%2Fmedia&parent=85687"}],"wp:term":[{"taxonomy":"category","embeddable":true,"href":"https:\/\/haberulus.net\/index.php?rest_route=%2Fwp%2Fv2%2Fcategories&post=85687"},{"taxonomy":"post_tag","embeddable":true,"href":"https:\/\/haberulus.net\/index.php?rest_route=%2Fwp%2Fv2%2Ftags&post=85687"}],"curies":[{"name":"wp","href":"https:\/\/api.w.org\/{rel}","templated":true}]}}