{"id":85731,"date":"2023-05-05T11:49:34","date_gmt":"2023-05-05T11:49:34","guid":{"rendered":"https:\/\/haberulus.net\/?p=85731"},"modified":"2023-05-05T11:49:34","modified_gmt":"2023-05-05T11:49:34","slug":"kilicdarogluna-nispet-yapan-selahattin-demirtas-1-saniyelik-video-paylasti","status":"publish","type":"post","link":"https:\/\/haberulus.net\/?p=85731","title":{"rendered":"K\u0131l\u0131\u00e7daro\u011flu&#8217;na nispet yapan Selahattin Demirta\u015f 1 saniyelik video payla\u015ft\u0131"},"content":{"rendered":"<p>Millet \u0130ttifak\u0131&#8217;n\u0131n cumhurba\u015fkan\u0131 aday\u0131 ve CHP Genel Ba\u015fkan\u0131 Kemal K\u0131l\u0131\u00e7daro\u011flu&#8217;nun 2 g\u00fcn \u00f6nce &#8220;En k\u0131sa video&#8221; ba\u015fl\u0131\u011f\u0131yla ba\u015flatt\u0131\u011f\u0131 ak\u0131ma tutuklu bulunan eski HDP E\u015f Genel Ba\u015fkan\u0131 Selahattin Demirta\u015f da kat\u0131ld\u0131.<\/p>\n<p><b>&#8220;YAPTIRMAYACA\u011eIZ&#8221;<\/b><\/p>\n<p>Demirta\u015f da sosyal medya hesab\u0131ndan 1 saniyelik bir video payla\u015ft\u0131. G\u00f6r\u00fcnt\u00fcde, Demirta\u015f&#8217;\u0131n me\u015fhur &#8220;Seni ba\u015fkan yapt\u0131rmayaca\u011f\u0131z&#8221; ifadesinin sadece &#8220;Yapt\u0131rmayaca\u011f\u0131z&#8221; k\u0131sm\u0131 yer ald\u0131. Payla\u015f\u0131m, &#8220;En en k\u0131sa video&#8221; notu ile servis edildi.<\/p>\n<p><img decoding=\"async\" src=\"https:\/\/i.hbrcdn.com\/haber\/2023\/05\/05\/kilicdaroglu-na-nispet-yapan-selahattin-demirtas-15866260_3398_m.jpg\" alt=\"\" title=\"\"><\/p>\n<p><b>KILI\u00c7DARO\u011eLU BA\u015eLATTI<\/b><\/p>\n<p>S\u0131k s\u0131k sosyal medya payla\u015f\u0131mlar\u0131 yapan ve videolar \u00e7eken K\u0131l\u0131\u00e7daro\u011flu, 2 g\u00fcn \u00f6nce &#8220;En k\u0131sa video&#8221; ba\u015fl\u0131\u011f\u0131 ile bir payla\u015f\u0131m yapm\u0131\u015ft\u0131. Bir c\u00fcmle kuran CHP lideri, &#8220;Bug\u00fcn d\u00fcnden daha fakirsen, tek sebebi Erdo\u011fan&#8221; ifadelerini kullanm\u0131\u015ft\u0131.<\/p>\n<p><img decoding=\"async\" src=\"https:\/\/i.hbrcdn.com\/haber\/2023\/05\/05\/kilicdaroglu-na-nispet-yapan-selahattin-demirtas-15866260_8639_m.jpg\" alt=\"\" title=\"\"><\/p><\/p>\n","protected":false},"excerpt":{"rendered":"<p>Millet \u0130ttifak\u0131&#8217;n\u0131n cumhurba\u015fkan\u0131 aday\u0131 Kemal K\u0131l\u0131\u00e7daro\u011flu&#8217;nun ard\u0131ndan tutuklu bulunan eski HDP E\u015f Genel Ba\u015fkan\u0131 Selahattin Demirta\u015f da &#8220;en k\u0131sa video&#8221; notuyla bir payla\u015f\u0131m yapt\u0131. Payla\u015f\u0131mda Demirta\u015f&#8217;\u0131n &#8220;Seni ba\u015fkan yapt\u0131rmayaca\u011f\u0131z&#8221; s\u00f6z\u00fcn\u00fcn sadece &#8220;Yapt\u0131rmayaca\u011f\u0131z&#8221; b\u00f6l\u00fcm\u00fc yer ald\u0131.<\/p>\n","protected":false},"author":1,"featured_media":0,"comment_status":"closed","ping_status":"open","sticky":false,"template":"","format":"standard","meta":{"footnotes":""},"categories":[28],"tags":[140],"class_list":["post-85731","post","type-post","status-publish","format-standard","hentry","category-politika","tag-video"],"_links":{"self":[{"href":"https:\/\/haberulus.net\/index.php?rest_route=\/wp\/v2\/posts\/85731","targetHints":{"allow":["GET"]}}],"collection":[{"href":"https:\/\/haberulus.net\/index.php?rest_route=\/wp\/v2\/posts"}],"about":[{"href":"https:\/\/haberulus.net\/index.php?rest_route=\/wp\/v2\/types\/post"}],"author":[{"embeddable":true,"href":"https:\/\/haberulus.net\/index.php?rest_route=\/wp\/v2\/users\/1"}],"replies":[{"embeddable":true,"href":"https:\/\/haberulus.net\/index.php?rest_route=%2Fwp%2Fv2%2Fcomments&post=85731"}],"version-history":[{"count":1,"href":"https:\/\/haberulus.net\/index.php?rest_route=\/wp\/v2\/posts\/85731\/revisions"}],"predecessor-version":[{"id":85732,"href":"https:\/\/haberulus.net\/index.php?rest_route=\/wp\/v2\/posts\/85731\/revisions\/85732"}],"wp:attachment":[{"href":"https:\/\/haberulus.net\/index.php?rest_route=%2Fwp%2Fv2%2Fmedia&parent=85731"}],"wp:term":[{"taxonomy":"category","embeddable":true,"href":"https:\/\/haberulus.net\/index.php?rest_route=%2Fwp%2Fv2%2Fcategories&post=85731"},{"taxonomy":"post_tag","embeddable":true,"href":"https:\/\/haberulus.net\/index.php?rest_route=%2Fwp%2Fv2%2Ftags&post=85731"}],"curies":[{"name":"wp","href":"https:\/\/api.w.org\/{rel}","templated":true}]}}