{"id":85810,"date":"2023-05-05T13:07:04","date_gmt":"2023-05-05T13:07:04","guid":{"rendered":"https:\/\/haberulus.net\/?p=85810"},"modified":"2023-05-05T13:07:04","modified_gmt":"2023-05-05T13:07:04","slug":"abdde-tarim-disi-istihdam-beklentiyi-asti","status":"publish","type":"post","link":"https:\/\/haberulus.net\/?p=85810","title":{"rendered":"ABD\u2019de tar\u0131m d\u0131\u015f\u0131 istihdam beklentiyi a\u015ft\u0131"},"content":{"rendered":"<p>ABD\u2019de nisan ay\u0131nda tar\u0131m d\u0131\u015f\u0131 istihdam 253 bin ile beklentilerin \u00fczerinde art\u0131\u015f g\u00f6sterdi.\u200b<\/p>\n<p>Ge\u00e7en ay 236,000 olarak a\u00e7\u0131klanan veri 165 bin seviyesine revize edildi. \u200b<\/p>\n<p>Reuters anketine kat\u0131lan ekonomistler tar\u0131m d\u0131\u015f\u0131 istihdam\u0131n Nisan ay\u0131nda 180 bin seviyesine y\u00fckselmesini bekliyorlard\u0131.<\/p>\n<p>\u0130\u015f g\u00fcc\u00fcne kat\u0131l\u0131m Nisan ay\u0131nda y\u00fczde 62.6 seviyesinde de\u011fi\u015fiklik g\u00f6stermedi.\u200b<\/p>\n<p><b>\u0130\u015eS\u0130ZL\u0130K Y\u00dcZDE 3,4\u2019E \u0130ND\u0130<\/b><\/p>\n<p>ABD \u00c7al\u0131\u015fma Bakanl\u0131\u011f\u0131 nisan ay\u0131 i\u015fsizlik oran\u0131n\u0131n y\u00fczde 3.4 seviyesine geriledi\u011fini a\u00e7\u0131klad\u0131.\u200b\u200b<\/p>\n<p>Ge\u00e7ti\u011fimiz ay i\u015fsizlik oran\u0131 y\u00fczde 3.5\u200b\u200b olarak a\u00e7\u0131klanm\u0131\u015ft\u0131.<\/p>\n<p>Reuters anketine kat\u0131lan ekonomistler i\u015fsizlik oran\u0131n\u0131n y\u00fczde 3.6 seviyesine y\u00fckselece\u011fini tahmin ediyorlard\u0131.<\/p>\n<p>ABD\u2019de ortalama saatlik \u00fccretler nisan ay\u0131nda y\u00fczde 0.5 seviyesine y\u00fckseldi.\u200b Beklentiler saatlik \u00fccretlerin y\u00fczde 0.3 artaca\u011f\u0131 y\u00f6n\u00fcndeydi.<\/p>\n<p>Ortalama saatlik \u00fccretlerdeki y\u0131ll\u0131k art\u0131\u015f \u00f6nceki ayki y\u00fczde 4.3 seviyesinden y\u00fczde 4.4 seviyesine y\u00fckseldi. (REUTERS)<\/p>\n","protected":false},"excerpt":{"rendered":"<p>ABD&#8217;de tar\u0131m d\u0131\u015f\u0131 istihdam nisanda 253 bin ki\u015fi artarak beklentileri a\u015ft\u0131, i\u015fsizlik oran\u0131 y\u00fczde 3,5&#8217;ten y\u00fczde 3,4&#8217;e indi.<\/p>\n","protected":false},"author":1,"featured_media":85811,"comment_status":"closed","ping_status":"open","sticky":false,"template":"","format":"standard","meta":{"footnotes":""},"categories":[25],"tags":[11591,11590],"class_list":["post-85810","post","type-post","status-publish","format-standard","has-post-thumbnail","hentry","category-ekonomi","tag-nisan-ayi","tag-seviyesine"],"_links":{"self":[{"href":"https:\/\/haberulus.net\/index.php?rest_route=\/wp\/v2\/posts\/85810","targetHints":{"allow":["GET"]}}],"collection":[{"href":"https:\/\/haberulus.net\/index.php?rest_route=\/wp\/v2\/posts"}],"about":[{"href":"https:\/\/haberulus.net\/index.php?rest_route=\/wp\/v2\/types\/post"}],"author":[{"embeddable":true,"href":"https:\/\/haberulus.net\/index.php?rest_route=\/wp\/v2\/users\/1"}],"replies":[{"embeddable":true,"href":"https:\/\/haberulus.net\/index.php?rest_route=%2Fwp%2Fv2%2Fcomments&post=85810"}],"version-history":[{"count":1,"href":"https:\/\/haberulus.net\/index.php?rest_route=\/wp\/v2\/posts\/85810\/revisions"}],"predecessor-version":[{"id":85812,"href":"https:\/\/haberulus.net\/index.php?rest_route=\/wp\/v2\/posts\/85810\/revisions\/85812"}],"wp:featuredmedia":[{"embeddable":true,"href":"https:\/\/haberulus.net\/index.php?rest_route=\/wp\/v2\/media\/85811"}],"wp:attachment":[{"href":"https:\/\/haberulus.net\/index.php?rest_route=%2Fwp%2Fv2%2Fmedia&parent=85810"}],"wp:term":[{"taxonomy":"category","embeddable":true,"href":"https:\/\/haberulus.net\/index.php?rest_route=%2Fwp%2Fv2%2Fcategories&post=85810"},{"taxonomy":"post_tag","embeddable":true,"href":"https:\/\/haberulus.net\/index.php?rest_route=%2Fwp%2Fv2%2Ftags&post=85810"}],"curies":[{"name":"wp","href":"https:\/\/api.w.org\/{rel}","templated":true}]}}