{"id":86011,"date":"2023-05-05T19:23:04","date_gmt":"2023-05-05T19:23:04","guid":{"rendered":"https:\/\/haberulus.net\/?p=86011"},"modified":"2023-05-05T19:23:04","modified_gmt":"2023-05-05T19:23:04","slug":"4-ulkenin-katilacagi-suriye-toplantisinin-tarihi-belli-oldu","status":"publish","type":"post","link":"https:\/\/haberulus.net\/?p=86011","title":{"rendered":"4 \u00fclkenin kat\u0131laca\u011f\u0131 Suriye toplant\u0131s\u0131n\u0131n tarihi belli oldu"},"content":{"rendered":"<p>Suriye konulu geli\u015fmelere de\u011finen \u00c7avu\u015fo\u011flu, T\u00fcrkiye, Rusya, \u0130ran ve Suriye aras\u0131nda ilk kez yap\u0131lacak 4\u2019l\u00fc d\u0131\u015fi\u015fleri bakanlar\u0131 toplant\u0131s\u0131n\u0131n 10 May\u0131s\u2019ta Moskova\u2019da d\u00fczenlenmesi konusunda Moskova y\u00f6netiminin tarihi teyit etti\u011fini s\u00f6yledi.<\/p>\n<p>\u00c7avu\u015fo\u011flu, yaln\u0131zca \u0130ran\u2019dan kimin kat\u0131laca\u011f\u0131n\u0131n net olmad\u0131\u011f\u0131n\u0131, \u0130ran D\u0131\u015fi\u015fleri Bakan\u0131 H\u00fcseyin Emir Abdullahiyan\u2019\u0131n \u0130ran Cumhurba\u015fkan\u0131 \u0130brahim Reisi ile Afrika turuna gitmesi durumunda bir ba\u015fka yetkilinin Moskova\u2019ya gelece\u011fini aktard\u0131.<\/p>\n<p>T\u00fcrkiye\u2019deki muhalefetin, Suriye meselesine ili\u015fkin a\u00e7\u0131klamalar\u0131na de\u011finen \u00c7avu\u015fo\u011flu, \u015fu ifadeleri kulland\u0131:<\/p>\n<p>\u201cSay\u0131n (Kemal) K\u0131l\u0131\u00e7daro\u011flu, \u2018YPG, ter\u00f6r \u00f6rg\u00fct\u00fc de\u011fildir\u2019 diyor. ABD\u2019nin resmi ve askeri kay\u0131tlar\u0131nda ne diyor? YPG, PKK\u2019n\u0131n uzant\u0131s\u0131d\u0131r. Her ne kadar destek verseler de kay\u0131tlarda var, NATO\u2019da var, her yerde var. Herkes biliyor bunu. K\u0131l\u0131\u00e7daro\u011flu, \u2018biz Suriye\u2019den \u00e7ekilece\u011fiz, ne i\u015fimiz var\u2019 diyor. Orada, \u2018Irak\u2019ta operasyonlar\u0131 durduraca\u011f\u0131z\u2019 diyor. Sonu\u00e7ta bizim buralardan \u00e7ekilmemiz demek, ter\u00f6r tehdidinin s\u0131n\u0131r\u0131m\u0131za, kap\u0131m\u0131za dayanmas\u0131 demek. Ayn\u0131 zamanda b\u00fcy\u00fck bir g\u00f6\u00e7 dalgas\u0131n\u0131n da kap\u0131m\u0131za gelmesi demek.\u201d<\/p>\n<p><strong>\u201cULUSAL G\u00dcVENL\u0130\u011eE \u00c7OK C\u0130DD\u0130 B\u0130R TEHD\u0130T OLUR\u201d<\/strong><\/p>\n<p>\u00c7avu\u015fo\u011flu, Suriye\u2019nin bu b\u00f6lgeleri y\u00f6netme kabiliyetinin olmad\u0131\u011f\u0131n\u0131 belirterek, \u015funlar\u0131 kaydetti:<\/p>\n<p>\u201cT\u00fcrkiye oradan \u00e7ekilse bile rejimin bu b\u00f6lgelere girebilmesi i\u00e7in \u0131l\u0131ml\u0131 muhalefet, e\u011fitilmi\u015f g\u00fc\u00e7ler, Suriye ordusu ve muhalefet-herkes taraf\u0131ndan me\u015fru olarak da tan\u0131nd\u0131 ABD dahil- sonu\u00e7ta bunlarla \u00e7at\u0131\u015fmak durumunda. \u2018Ben kimyasal silah kullan\u0131r\u0131m, gene \u015funu kullan\u0131r\u0131m. Herkesi katlederim\u2019 derse o ba\u015fka bir \u015fey. Ama bu ciddi bir katliama yol a\u00e7ar. Bu ne demek? G\u00f6\u00e7 dalgas\u0131. Diyelim ki b\u00f6yle oldu, ter\u00f6r \u00f6rg\u00fctleri buray\u0131, bu bo\u015flu\u011fu doldurdu. Ter\u00f6r \u00f6rg\u00fctleri de herkese zulmediyor, kendisine biat etmeyen herkesi s\u00fcrg\u00fcne g\u00f6nderiyor. O da bizim kap\u0131m\u0131za do\u011fru bir g\u00f6\u00e7 dalgas\u0131 demek. Daha da \u00f6nemlisi bizim ulusal g\u00fcvenli\u011fe \u00e7ok ciddi bir tehdit olur. Biz neden bedel \u00f6d\u00fcyoruz orada, \u015fehit de verdik.\u201d<\/p>\n<p>Arap d\u00fcnyas\u0131n\u0131n, Suriye\u2019nin angajmana girmesinin yerinden edilen Suriyelilerin \u00fclkelerine d\u00f6nebilmeleri a\u00e7\u0131s\u0131ndan \u00f6nemli oldu\u011funu belirten \u00c7avu\u015fo\u011flu, buna kar\u015f\u0131n \u00e7o\u011fu \u00fclkenin Suriye\u2019nin Arap Birli\u011fine hi\u00e7bir \u015fey olmam\u0131\u015f gibi geri d\u00f6nmesine a\u00e7\u0131k \u00e7ek vermek istemedi\u011fini dile getirdi.<\/p>\n<p><strong>\u201cBELK\u0130 ORTAK A\u00c7IKLAMA OLUR\u201d<\/strong><\/p>\n<p>\u00c7avu\u015fo\u011flu, s\u00f6zlerini \u015f\u00f6yle s\u00fcrd\u00fcrd\u00fc:<\/p>\n<p>\u201cSiyasi s\u00fcre\u00e7le ilgili rejim de ad\u0131m ats\u0131n istiyorlar. Suriye\u2019yi birle\u015ftirmenin yolu budur. Aksi takdirde YPG\/PKK ter\u00f6r \u00f6rg\u00fct\u00fc daha da g\u00fc\u00e7lenecek. E\u011fitim al\u0131yor, silah al\u0131yor. Bunu m\u00fcttefikimiz ABD veriyor. \u0130leride \u00e7ok karma\u015f\u0131k zor bir tablo olacak. Suriye rejimiyle, y\u00f6netimiyle angajmana girdik, \u015fimdilik i\u015fliyor. Bakal\u0131m 10\u2019unda d\u0131\u015fi\u015fleri bakanlar\u0131 toplant\u0131s\u0131nda belki bas\u0131n toplant\u0131s\u0131 yapar\u0131z, belki ortak a\u00e7\u0131klama olur. O g\u00fcnk\u00fc g\u00f6r\u00fc\u015fmelerimizde hangi konuda mutab\u0131k kal\u0131r\u0131z, \u00f6nceden net s\u00f6ylemek m\u00fcmk\u00fcn de\u011fil.\u201d<\/p>\n<p>Suriye\u2019nin politikalar\u0131na dikkati \u00e7eken \u00c7avu\u015fo\u011flu, \u201cSuriye y\u00f6netiminin \u015fu soruyu net bir \u015fekilde cevaplamas\u0131 laz\u0131m. Askeri \u00e7\u00f6z\u00fcme mi inan\u0131yorsun halen yoksa siyasi \u00e7\u00f6z\u00fcm m\u00fcmk\u00fcn m\u00fc? Bu ikisinin ortas\u0131 olmaz. Askeri \u00e7\u00f6z\u00fcm m\u00fcmk\u00fcn de\u011fil. Y\u00f6netim, siyasi \u00e7\u00f6z\u00fcmden yana tav\u0131r al\u0131rsa olas\u0131l\u0131k y\u00fckselir. Yok ben ne olursa olsun herkesle sava\u015fmaya devam edece\u011fim derse, on y\u0131llar s\u00fcrer. O zaman Suriye\u2019nin b\u00f6l\u00fcnme riski var, insanlar\u0131n g\u00f6\u00e7 etme riski fazla \u00e7\u00fcnk\u00fc i\u00e7eride ekonomik durumda o kadar iyi de\u011fil.\u201d diye konu\u015ftu. (AA)<\/p>\n","protected":false},"excerpt":{"rendered":"<p>D\u0131\u015fi\u015fleri Bakan\u0131 Mevl\u00fct \u00c7avu\u015fo\u011flu, T\u00fcrkiye, Rusya, \u0130ran ve Suriye aras\u0131nda Moskova&#8217;da d\u0131\u015fi\u015fleri bakanlar\u0131 d\u00fczeyinde ger\u00e7ekle\u015fecek toplant\u0131 i\u00e7in 10 May\u0131s tarihinin teyit edildi\u011fini a\u00e7\u0131klad\u0131.<\/p>\n","protected":false},"author":1,"featured_media":86012,"comment_status":"closed","ping_status":"open","sticky":false,"template":"","format":"standard","meta":{"footnotes":""},"categories":[24],"tags":[1469,3913,44,262],"class_list":["post-86011","post","type-post","status-publish","format-standard","has-post-thumbnail","hentry","category-dunya","tag-cavusoglu","tag-cek","tag-suriye","tag-teror"],"_links":{"self":[{"href":"https:\/\/haberulus.net\/index.php?rest_route=\/wp\/v2\/posts\/86011","targetHints":{"allow":["GET"]}}],"collection":[{"href":"https:\/\/haberulus.net\/index.php?rest_route=\/wp\/v2\/posts"}],"about":[{"href":"https:\/\/haberulus.net\/index.php?rest_route=\/wp\/v2\/types\/post"}],"author":[{"embeddable":true,"href":"https:\/\/haberulus.net\/index.php?rest_route=\/wp\/v2\/users\/1"}],"replies":[{"embeddable":true,"href":"https:\/\/haberulus.net\/index.php?rest_route=%2Fwp%2Fv2%2Fcomments&post=86011"}],"version-history":[{"count":1,"href":"https:\/\/haberulus.net\/index.php?rest_route=\/wp\/v2\/posts\/86011\/revisions"}],"predecessor-version":[{"id":86013,"href":"https:\/\/haberulus.net\/index.php?rest_route=\/wp\/v2\/posts\/86011\/revisions\/86013"}],"wp:featuredmedia":[{"embeddable":true,"href":"https:\/\/haberulus.net\/index.php?rest_route=\/wp\/v2\/media\/86012"}],"wp:attachment":[{"href":"https:\/\/haberulus.net\/index.php?rest_route=%2Fwp%2Fv2%2Fmedia&parent=86011"}],"wp:term":[{"taxonomy":"category","embeddable":true,"href":"https:\/\/haberulus.net\/index.php?rest_route=%2Fwp%2Fv2%2Fcategories&post=86011"},{"taxonomy":"post_tag","embeddable":true,"href":"https:\/\/haberulus.net\/index.php?rest_route=%2Fwp%2Fv2%2Ftags&post=86011"}],"curies":[{"name":"wp","href":"https:\/\/api.w.org\/{rel}","templated":true}]}}