{"id":86379,"date":"2023-05-06T16:08:22","date_gmt":"2023-05-06T16:08:22","guid":{"rendered":"https:\/\/haberulus.net\/?p=86379"},"modified":"2023-05-06T16:08:22","modified_gmt":"2023-05-06T16:08:22","slug":"tolunay-kafkas-hicbir-sey-gozyaslarina-degmez","status":"publish","type":"post","link":"https:\/\/haberulus.net\/?p=86379","title":{"rendered":"Tolunay Kafkas: Hi\u00e7bir \u015fey g\u00f6zya\u015flar\u0131na de\u011fmez"},"content":{"rendered":"<p>MKE Ankarag\u00fcc\u00fc, Spor Toto S\u00fcper Lig\u2019in 33. haftas\u0131nda Trabzonspor ile oynayaca\u011f\u0131 ma\u00e7\u0131n haz\u0131rl\u0131klar\u0131na ba\u015flad\u0131.<\/p>\n<p>Ziraat T\u00fcrkiye Kupas\u0131\u2019n\u0131n yar\u0131 final ilk ma\u00e7\u0131nda Medipol Ba\u015fak\u015fehir\u2019e 1-0 ma\u011flup olan MKE Ankarag\u00fcc\u00fc\u2019nde teknik direkt\u00f6r Tolunay Kafkas, yap\u0131lan ele\u015ftirilere cevap verdi. Kafkas, \u201c\u0130kinci ma\u00e7 i\u00e7in her \u015feyimizi ortaya koyaca\u011f\u0131z. Ben bu tak\u0131m\u0131n sadece teknik direkt\u00f6r\u00fc de\u011filim, ben bu tak\u0131m\u0131n taraftar\u0131y\u0131m\u201d dedi.<\/p>\n<p>\u201c\u00d6zellikle oynad\u0131\u011f\u0131m\u0131z son ma\u00e7 ile ilgili bir a\u00e7\u0131klama gere\u011fi duydum\u201d diyen Tolunay Kafkas, \u201cBeklentinin alt\u0131nda oynad\u0131k. Ben ne yapt\u0131\u011f\u0131m\u0131 biliyorum, bu camiay\u0131 biliyorum. Belli nedenleri var, oyun ve taktikle ilgili ama bu konulara \u00e7ok girmek istemiyorum. Burada bir hata varsa bu hata benim. Biz geldi\u011fimizden beri belli bir oyun konsepti kurduk. Bu oyun konseptinde de \u0131srarla devam etmeye \u00e7al\u0131\u015f\u0131yoruz. Ankarag\u00fcc\u00fc b\u00fcy\u00fck bir camia ve bu tak\u0131m bu camiaya yak\u0131\u015f\u0131r bir oyun oynayacak. Son ma\u00e7 beklentilerin alt\u0131nda kald\u0131k, bunun fark\u0131nday\u0131m. Burada bir hata varsa b\u00fct\u00fcn sorumluluk bana ait. \u0130kinci bir ma\u00e7\u0131m\u0131z var. Ben taraftara \u015funu s\u00f6ylemek istiyorum: \u0130kinci ma\u00e7ta her \u015feyimizi ortaya koyaca\u011f\u0131z. Ligde bulundu\u011fumuz konum da belli, o y\u00fczden bir an \u00f6nce puan ve puanlar almam\u0131z gerekiyor, biraz daha \u00fcste \u00e7\u0131kmam\u0131z gerekiyor\u201d diye konu\u015ftu.<\/p>\n<p><b>\u201cHADD\u0130M\u0130 VE YER\u0130M\u0130 B\u0130L\u0130YORUM\u201d<\/b><\/p>\n<p>T\u00fcm sorumlulu\u011fun kendisinde oldu\u011fu belirten Tolunay Kafkas, \u201cBen bu tak\u0131m\u0131n sadece teknik direkt\u00f6r\u00fc de\u011filim ayn\u0131 zamanda taraftar\u0131y\u0131m. Ben bir Hayati Soyda\u015f de\u011filim, bir Sad\u0131k a\u011fabey de\u011filim, bir Nazmi de\u011filim, bir Hakan Kutlu hi\u00e7 de\u011filim. Haddimi ve yerimi biliyorum ama ben bu trib\u00fcnlerden \u00e7\u0131kt\u0131m, gen\u00e7 ve y\u0131ld\u0131z tam\u0131nda oynad\u0131m, dinamiklerini \u00e7ok iyi biliyorum. Buralar kitle, taraftar tak\u0131m\u0131. Kimseye \u015firin g\u00f6z\u00fckmek i\u00e7in bir \u015fey s\u00f6ylemiyorum \u00f6yle bir yap\u0131m da yok. Bu tak\u0131m onlar\u0131n \u00f6zledi\u011fi gibi bir futbol oynayacak. Son ma\u00e7ta bir d\u00fc\u015f\u00fc\u015f ya\u015fad\u0131k, bunlar olabilir. Ma\u00e7larda bazen deplasman fobisi oluyor ama bu iki ayakl\u0131 bir ma\u00e7, ma\u00e7\u0131 buraya ta\u015f\u0131yal\u0131m gibi \u015feyler var. Ankarag\u00fcc\u00fc tak\u0131m\u0131 benim burada oldu\u011fum s\u00fcrece nas\u0131l oynamas\u0131 gerekti\u011fini biliyor ve o \u015fekilde oynayacak. E\u011fer ben bu \u015fekilde oynatamazsam b\u0131rak\u0131n sonu\u00e7lar\u0131 gere\u011fini de yapabilecek karaktere ve yap\u0131ya sahibim. \u00d6nemli olan bu tak\u0131m\u0131n iyi futbol oynamas\u0131. \u015eimdiye kadar oynad\u0131k bundan sonra da bu tak\u0131m i\u00e7eride ve d\u0131\u015far\u0131da oynayacak. Taraftar da rahat olsun bir hata bir sorun varsa b\u00fct\u00fcn sorumluluk bende\u201d dedi.<\/p>\n<p><b>\u201cBAZI OYUNCULARIN \u00dcST\u00dcNE \u00c7OK Y\u00dcK B\u0130ND\u0130\u201d<\/b><\/p>\n<p>Kafkas, Trabzonspor ma\u00e7\u0131n\u0131n sorulmas\u0131 \u00fczerine ise, \u201cBiliyorsunuz bunlar b\u00fcy\u00fck tak\u0131mlar. Bu tak\u0131mlarla iyi oynamak i\u00e7in en az onlar kadar i\u00e7eride ve d\u0131\u015far\u0131da oyun anlay\u0131\u015f\u0131m\u0131z\u0131 ortaya koymam\u0131z laz\u0131m. Bizim oyun anlay\u0131\u015f\u0131m\u0131z kolay bir oyun anlay\u0131\u015f\u0131 de\u011fil. Baz\u0131 oyuncular\u0131m\u0131z\u0131n \u00fcst\u00fcne \u00e7ok y\u00fck binmi\u015f durumda. Baz\u0131 b\u00f6lgelerde alternatif oyuncu s\u0131k\u0131nt\u0131m\u0131z var. Baz\u0131 oyuncular\u0131m\u0131z da peyderpey kullanmaya \u00e7al\u0131\u015f\u0131yoruz. Sezonun sonuna geldik, bunu b\u00f6yle devam ettirece\u011fiz. Kendi i\u00e7imizde baz\u0131 durumlar\u0131m\u0131z var. Mesela Hanousek, Sowe, Kitsiou gibi oyunculara \u00e7ok y\u00fck binmi\u015f durumday\u0131z, Hasan Ali\u2019nin sakatl\u0131\u011f\u0131 var, Okunun ayak bile\u011finde bir problem var. Herkes fedakarl\u0131k yap\u0131p bir \u015feyler yap\u0131yor. Ben kendi ad\u0131ma \u015funu s\u00f6yl\u00fcyorum; bu camiaya yak\u0131\u015f\u0131r bir futbol oynatmak zorunday\u0131m. Buralar k\u00fc\u00e7\u00fck camialar de\u011fil\u201d cevab\u0131n\u0131 verdi.<\/p>\n<div><img decoding=\"async\" src=\"https:\/\/i01.sozcucdn.com\/wp-content\/uploads\/2023\/05\/06\/tolunay-kafkas-23452_22947492.jpg\" alt=\"\" title=\"\"><\/p>\n<p>Foto\u011fraf: DHA<\/p>\n<\/div>\n<p><b>\u201cH\u0130\u00c7B\u0130R \u015eEY G\u00d6ZYA\u015eLARINA DE\u011eMEZ\u201d<\/b><\/p>\n<p>\u201cHi\u00e7bir \u015fey g\u00f6zya\u015flar\u0131na de\u011fmez\u201d diyerek Ba\u015fak\u015fehir ma\u00e7\u0131n\u0131n ard\u0131ndan a\u011flayan taraftar\u0131 sosyal medyada g\u00f6r\u00fcnce duyguland\u0131\u011f\u0131n\u0131 ifade eden 55 ya\u015f\u0131ndaki teknik adam, \u201cDaha ikinci ma\u00e7 var. Biz bu i\u015fi hallederiz. Bizim tak\u0131m\u0131m\u0131z ve ba\u015fkan\u0131m\u0131z g\u00fc\u00e7l\u00fc, ben g\u00fc\u00e7l\u00fcy\u00fcm, oyuncular\u0131m \u00e7ok g\u00fc\u00e7l\u00fc. Onun i\u00e7in bu i\u015fi biz hallederiz. Amcam\u0131n g\u00f6zya\u015flar\u0131na de\u011fmez yani. Biz gerekeni yapar\u0131z. Onu \u00e7ok seviyoruz, t\u00fcm taraftarlar\u0131m\u0131z\u0131 \u00e7ok seviyoruz. \u015eimdi de buraya geldi, bir pasta keselim istedik. Biz b\u00fcy\u00fck bir aileyiz, bir b\u00fct\u00fcn\u00fcz, zaman zaman bu t\u00fcr ma\u00e7lar olur ama telafi ederiz in\u015fallah\u201d s\u00f6zlerini sarf etti.<\/p>\n<p>A\u011flayan taraftar Abdullah Naci A\u015f\u0131k, MKE Ankarag\u00fcc\u00fc\u2019n\u00fcn Ziraat T\u00fcrkiye Kupas\u0131\u2019nda Ba\u015fak\u015fehir ile oynad\u0131\u011f\u0131 ma\u00e7\u0131n ard\u0131ndan tesislerde a\u011f\u0131rland\u0131. Do\u011fum g\u00fcn\u00fc olan taraftara pasta kesildi ve futbolcular forma hediye etti. Abdullah Naci A\u015f\u0131k ise 1981 y\u0131l\u0131nda Nazmi Erdener\u2019in kendisine pasta kesti\u011fi ve kupa getirdi\u011fi sahay\u0131 hat\u0131rlatt\u0131. Tolunay Kafkas\u2019tan kupa istedi\u011fini belirten Abdullah Naci A\u015f\u0131k, tak\u0131ma ba\u015far\u0131lar diledi..<\/p>\n","protected":false},"excerpt":{"rendered":"<p>Ankarag\u00fcc\u00fc taraftar\u0131 Abdullah Naci A\u015f\u0131k&#8217;\u0131n Ba\u015fak\u015fehir ma\u00e7\u0131n\u0131n ard\u0131ndan g\u00f6zya\u015flar\u0131na hakim olamamas\u0131, teknik direkt\u00f6r Tolunay Kafkas&#8217;\u0131 duyguland\u0131rd\u0131. Kafkas, &#8220;Hi\u00e7bir \u015fey g\u00f6zya\u015flar\u0131na de\u011fmez. Biz bu i\u015fi hallederiz&#8221; diyerek tak\u0131m\u0131na g\u00fcvencesini dile getirdi. A\u015f\u0131k tesislerde a\u011f\u0131rland\u0131 ve do\u011fum g\u00fcn\u00fc kutland\u0131.<\/p>\n","protected":false},"author":1,"featured_media":86380,"comment_status":"closed","ping_status":"open","sticky":false,"template":"","format":"standard","meta":{"footnotes":""},"categories":[31],"tags":[11636,290,203,192,4125],"class_list":["post-86379","post","type-post","status-publish","format-standard","has-post-thumbnail","hentry","category-spor","tag-degilim","tag-mac","tag-oyun","tag-takim","tag-taraftar"],"_links":{"self":[{"href":"https:\/\/haberulus.net\/index.php?rest_route=\/wp\/v2\/posts\/86379","targetHints":{"allow":["GET"]}}],"collection":[{"href":"https:\/\/haberulus.net\/index.php?rest_route=\/wp\/v2\/posts"}],"about":[{"href":"https:\/\/haberulus.net\/index.php?rest_route=\/wp\/v2\/types\/post"}],"author":[{"embeddable":true,"href":"https:\/\/haberulus.net\/index.php?rest_route=\/wp\/v2\/users\/1"}],"replies":[{"embeddable":true,"href":"https:\/\/haberulus.net\/index.php?rest_route=%2Fwp%2Fv2%2Fcomments&post=86379"}],"version-history":[{"count":1,"href":"https:\/\/haberulus.net\/index.php?rest_route=\/wp\/v2\/posts\/86379\/revisions"}],"predecessor-version":[{"id":86381,"href":"https:\/\/haberulus.net\/index.php?rest_route=\/wp\/v2\/posts\/86379\/revisions\/86381"}],"wp:featuredmedia":[{"embeddable":true,"href":"https:\/\/haberulus.net\/index.php?rest_route=\/wp\/v2\/media\/86380"}],"wp:attachment":[{"href":"https:\/\/haberulus.net\/index.php?rest_route=%2Fwp%2Fv2%2Fmedia&parent=86379"}],"wp:term":[{"taxonomy":"category","embeddable":true,"href":"https:\/\/haberulus.net\/index.php?rest_route=%2Fwp%2Fv2%2Fcategories&post=86379"},{"taxonomy":"post_tag","embeddable":true,"href":"https:\/\/haberulus.net\/index.php?rest_route=%2Fwp%2Fv2%2Ftags&post=86379"}],"curies":[{"name":"wp","href":"https:\/\/api.w.org\/{rel}","templated":true}]}}