{"id":86580,"date":"2023-05-07T08:51:04","date_gmt":"2023-05-07T08:51:04","guid":{"rendered":"https:\/\/haberulus.net\/?p=86580"},"modified":"2023-05-07T08:51:04","modified_gmt":"2023-05-07T08:51:04","slug":"beyaz-saray-yapay-zeka-zirvesi-icin-mark-zuckerbergi-istemedi","status":"publish","type":"post","link":"https:\/\/haberulus.net\/?p=86580","title":{"rendered":"Beyaz Saray, yapay zek\u00e2 zirvesi i\u00e7in Mark Zuckerberg\u2019i istemedi"},"content":{"rendered":"<p>Joe Biden y\u00f6netimi, yapay zek\u00e2 alan\u0131nda \u00f6nde gelen \u015firketlerin CEO\u2019lar\u0131yla bir araya geldi. OpenAI, Alphabet, Anthropic ve Microsoft gibi birbirinden \u00fcnl\u00fc \u015firketler toplant\u0131 i\u00e7in Beyaz Saray\u2019\u0131n listesine girdi. Ancak bir Beyaz Saray yetkilisi CNN\u2019e bu toplant\u0131ya Meta\u2019n\u0131n davet edilmedi\u011fini s\u00f6yledi.<\/p>\n<p>Yetkili, \u201cPer\u015fembe g\u00fcnk\u00fc toplant\u0131 \u015fu anda lider olan \u015firketlere odakland\u0131. \u00d6zellikle de t\u00fcketiciye y\u00f6nelik \u00fcr\u00fcn a\u00e7\u0131s\u0131ndan\u201d diyerek a\u00e7\u0131klad\u0131.<\/p>\n<p>OpenAI\u2019nin ChatGPT\u2019sinin kas\u0131m ay\u0131nda piyasaya s\u00fcr\u00fcld\u00fc, ard\u0131ndan da \u015fubat ay\u0131nda Google sohbet robotu Bard\u2019\u0131 yay\u0131nlad\u0131. Meta, ise sadece mart ay\u0131nda CEO Mark Zuckerberg\u2019in \u015firketin en b\u00fcy\u00fck yat\u0131r\u0131m\u0131n\u0131n yapay zek\u00e2y\u0131 ilerletmek oldu\u011funu s\u00f6yledi.<\/p>\n<p>\u015eubat ay\u0131nda \u015firket, OpenAI\u2019nin sohbet botunun temelini olu\u015fturan GPT-4 modeline benzer b\u00fcy\u00fck bir dil modeli olan LLaMA ile tan\u0131\u015ft\u0131rd\u0131 teknoloji merakl\u0131lar\u0131n\u0131.<\/p>\n<p>Zuckerberg ayr\u0131ca son zamanlarda yapay zek\u00e2ya yapt\u0131\u011f\u0131 yat\u0131r\u0131mla da dikkat \u00e7ekiyor. Hatta baz\u0131 yat\u0131r\u0131mc\u0131lar bu yat\u0131r\u0131mlar konusunda endi\u015felerini de s\u0131k s\u0131k dile getiriyorlar.<\/p>\n<p>Ba\u015fkan Joe Biden da kat\u0131lan CEO\u2019lara \u00fcr\u00fcnlerinin konu\u015fland\u0131r\u0131lmadan veya halka a\u00e7\u0131klanmadan \u00f6nce g\u00fcvenli ve emniyetli oldu\u011fundan emin olmak gibi temel bir sorumluluklar\u0131 oldu\u011funu s\u00f6yledi.<\/p>\n","protected":false},"excerpt":{"rendered":"<p>Beyaz Saray, teknoloji liderleriyle yapaca\u011f\u0131 yapay zek\u00e2 zirvesi i\u00e7in Mark Zuckerberg&#8217;i listeden \u00e7\u0131kard\u0131.<\/p>\n","protected":false},"author":1,"featured_media":86581,"comment_status":"closed","ping_status":"open","sticky":false,"template":"","format":"standard","meta":{"footnotes":""},"categories":[32],"tags":[],"class_list":["post-86580","post","type-post","status-publish","format-standard","has-post-thumbnail","hentry","category-teknoloji"],"_links":{"self":[{"href":"https:\/\/haberulus.net\/index.php?rest_route=\/wp\/v2\/posts\/86580","targetHints":{"allow":["GET"]}}],"collection":[{"href":"https:\/\/haberulus.net\/index.php?rest_route=\/wp\/v2\/posts"}],"about":[{"href":"https:\/\/haberulus.net\/index.php?rest_route=\/wp\/v2\/types\/post"}],"author":[{"embeddable":true,"href":"https:\/\/haberulus.net\/index.php?rest_route=\/wp\/v2\/users\/1"}],"replies":[{"embeddable":true,"href":"https:\/\/haberulus.net\/index.php?rest_route=%2Fwp%2Fv2%2Fcomments&post=86580"}],"version-history":[{"count":1,"href":"https:\/\/haberulus.net\/index.php?rest_route=\/wp\/v2\/posts\/86580\/revisions"}],"predecessor-version":[{"id":86582,"href":"https:\/\/haberulus.net\/index.php?rest_route=\/wp\/v2\/posts\/86580\/revisions\/86582"}],"wp:featuredmedia":[{"embeddable":true,"href":"https:\/\/haberulus.net\/index.php?rest_route=\/wp\/v2\/media\/86581"}],"wp:attachment":[{"href":"https:\/\/haberulus.net\/index.php?rest_route=%2Fwp%2Fv2%2Fmedia&parent=86580"}],"wp:term":[{"taxonomy":"category","embeddable":true,"href":"https:\/\/haberulus.net\/index.php?rest_route=%2Fwp%2Fv2%2Fcategories&post=86580"},{"taxonomy":"post_tag","embeddable":true,"href":"https:\/\/haberulus.net\/index.php?rest_route=%2Fwp%2Fv2%2Ftags&post=86580"}],"curies":[{"name":"wp","href":"https:\/\/api.w.org\/{rel}","templated":true}]}}