{"id":86604,"date":"2023-05-07T09:37:04","date_gmt":"2023-05-07T09:37:04","guid":{"rendered":"https:\/\/haberulus.net\/?p=86604"},"modified":"2023-05-07T09:37:04","modified_gmt":"2023-05-07T09:37:04","slug":"google-binasinda-gizemli-olum","status":"publish","type":"post","link":"https:\/\/haberulus.net\/?p=86604","title":{"rendered":"Google binas\u0131nda gizemli \u00f6l\u00fcm"},"content":{"rendered":"<p>Google, yine \u00f6l\u00fcm haberleriyle g\u00fcndemde. Polis, \u015firketin Manhattan\u2019daki ofis binas\u0131n\u0131n oldu\u011fu yerde bir ki\u015finin bilin\u00e7siz bir \u015fekilde yatt\u0131\u011f\u0131 bilgisinin geldi\u011fini s\u00f6yledi.<\/p>\n<p>Hayat\u0131n\u0131 kaybeden m\u00fchendisin ad\u0131 hen\u00fcz a\u00e7\u0131klanmad\u0131. \u00c7al\u0131\u015fan\u0131n, Bellevue Hastanesi\u2019ne kald\u0131r\u0131ld\u0131\u011f\u0131 ve burada \u00f6ld\u00fc\u011f\u00fc a\u00e7\u0131kland\u0131.<\/p>\n<p>Google \u0130leti\u015fim M\u00fcd\u00fcr\u00fc Alex Joseph yapt\u0131\u011f\u0131 a\u00e7\u0131klamada, \u201c\u00c7al\u0131\u015fanlar\u0131m\u0131zdan birinin dahil oldu\u011fu bu trajik olaydan dolay\u0131 \u00e7ok \u00fczg\u00fcn\u00fcz. D\u00fc\u015f\u00fcncelerimiz ailesiyle birlikte ve mahremiyetlerine sayg\u0131m\u0131zdan dolay\u0131 daha fazla yorum yapm\u0131yoruz\u201d dedi.<\/p>\n<p>\u015eubat ay\u0131nda da ba\u015fka bir Google \u00e7al\u0131\u015fan\u0131n\u0131n, ofise yak\u0131n bir apartman dairesinde intihar ederek \u00f6ld\u00fc\u011f\u00fc bildirilmi\u015fti.<\/p>\n<p>Jacob Pratt isimli \u00e7al\u0131\u015fan\u0131n \u00f6l\u00fcm ilan\u0131nda yakla\u015f\u0131k d\u00f6rt y\u0131l \u00e7al\u0131\u015ft\u0131\u011f\u0131 Google\u2019da \u201cmuhasebe m\u00fcd\u00fcr\u00fc\u201d oldu\u011fu yaz\u0131yordu.<\/p>\n<p>ABD \u0130statistik B\u00fcrosu\u2019na g\u00f6re, 2019\u2019da 307 i\u015f yeri ba\u011flant\u0131l\u0131 intihar meydana geldi ve bu, \u015fimdiye kadarki en y\u00fcksek seviye.<\/p>\n<p>Son aylarda teknoloji end\u00fcstrisinde ya\u015fanan i\u015ften \u00e7\u0131karmalardan Google \u00e7al\u0131\u015fanlar\u0131 da etkilendi. Google ana \u015firketi Alphabet CEO\u2019su Sundar Pichai, 20 Ocak\u2019ta \u015firketin i\u015f g\u00fcc\u00fcn\u00fcn y\u00fczde 6\u2019s\u0131n\u0131, yani 12 bin \u00e7al\u0131\u015fan\u0131 i\u015ften \u00e7\u0131kard\u0131\u011f\u0131n\u0131 duyurdu.<\/p>\n<p>Hatta etkilenen y\u00fczlerce \u00e7al\u0131\u015fan, duygular\u0131n\u0131 ifade etmek i\u00e7in LinkedIn gibi sosyal medyay\u0131 kulland\u0131.<\/p>\n","protected":false},"excerpt":{"rendered":"<p>31 ya\u015f\u0131ndaki k\u0131demli bir yaz\u0131l\u0131m m\u00fchendisi, Google&#8217;\u0131n New York&#8217;taki ofis binas\u0131n\u0131n 14. kat\u0131ndan d\u00fc\u015ferek hayat\u0131n\u0131 kaybetti.<\/p>\n","protected":false},"author":1,"featured_media":86605,"comment_status":"closed","ping_status":"open","sticky":false,"template":"","format":"standard","meta":{"footnotes":""},"categories":[32],"tags":[2286],"class_list":["post-86604","post","type-post","status-publish","format-standard","has-post-thumbnail","hentry","category-teknoloji","tag-google"],"_links":{"self":[{"href":"https:\/\/haberulus.net\/index.php?rest_route=\/wp\/v2\/posts\/86604","targetHints":{"allow":["GET"]}}],"collection":[{"href":"https:\/\/haberulus.net\/index.php?rest_route=\/wp\/v2\/posts"}],"about":[{"href":"https:\/\/haberulus.net\/index.php?rest_route=\/wp\/v2\/types\/post"}],"author":[{"embeddable":true,"href":"https:\/\/haberulus.net\/index.php?rest_route=\/wp\/v2\/users\/1"}],"replies":[{"embeddable":true,"href":"https:\/\/haberulus.net\/index.php?rest_route=%2Fwp%2Fv2%2Fcomments&post=86604"}],"version-history":[{"count":1,"href":"https:\/\/haberulus.net\/index.php?rest_route=\/wp\/v2\/posts\/86604\/revisions"}],"predecessor-version":[{"id":86606,"href":"https:\/\/haberulus.net\/index.php?rest_route=\/wp\/v2\/posts\/86604\/revisions\/86606"}],"wp:featuredmedia":[{"embeddable":true,"href":"https:\/\/haberulus.net\/index.php?rest_route=\/wp\/v2\/media\/86605"}],"wp:attachment":[{"href":"https:\/\/haberulus.net\/index.php?rest_route=%2Fwp%2Fv2%2Fmedia&parent=86604"}],"wp:term":[{"taxonomy":"category","embeddable":true,"href":"https:\/\/haberulus.net\/index.php?rest_route=%2Fwp%2Fv2%2Fcategories&post=86604"},{"taxonomy":"post_tag","embeddable":true,"href":"https:\/\/haberulus.net\/index.php?rest_route=%2Fwp%2Fv2%2Ftags&post=86604"}],"curies":[{"name":"wp","href":"https:\/\/api.w.org\/{rel}","templated":true}]}}