{"id":86613,"date":"2023-05-07T09:51:03","date_gmt":"2023-05-07T09:51:03","guid":{"rendered":"https:\/\/haberulus.net\/?p=86613"},"modified":"2023-05-07T09:51:03","modified_gmt":"2023-05-07T09:51:03","slug":"akgol-sazliklari-flamingolarla-ayri-bir-guzellige-burundu","status":"publish","type":"post","link":"https:\/\/haberulus.net\/?p=86613","title":{"rendered":"Akg\u00f6l sazl\u0131klar\u0131 flamingolarla ayr\u0131 bir g\u00fczelli\u011fe b\u00fcr\u00fcnd\u00fc"},"content":{"rendered":"<p>G\u00f6\u00e7men ku\u015flar\u0131n T\u00fcrkiye\u2019deki \u00f6nemli g\u00f6\u00e7 yollar\u0131ndan biri \u00fczerinde bulunan Akg\u00f6l sazl\u0131klar\u0131, ba\u015fta flamingolar olmak \u00fczere bir\u00e7ok canl\u0131ya ev sahipli\u011fi yap\u0131yor.<\/p>\n<p>Yaz\u0131n sonuna kadar b\u00f6lgede kalmas\u0131 beklenen flamingolar, g\u00fcn bat\u0131m\u0131ndaki toplu u\u00e7u\u015flar\u0131yla, foto\u011fraf tutkunlar\u0131 ve do\u011faseverlerin ilgisini \u00e7ekiyor.<\/p>\n<p><img decoding=\"async\" src=\"https:\/\/i01.sozcucdn.com\/wp-content\/uploads\/2023\/05\/07\/f1.jpeg\" alt=\"\" title=\"\"><\/p>\n<p>Ere\u011fli Anadolu Foto\u011fraf ve Sinema Amat\u00f6rleri Derne\u011fi Ba\u015fkan\u0131 Tamer G\u00fcm\u00fc\u015f, \u201cBuras\u0131 g\u00f6\u00e7men ku\u015flar i\u00e7in b\u00fcy\u00fck \u00f6neme sahip bir sazl\u0131k alan. O y\u00fczden ba\u015fta flamingo olmak \u00fczere \u00e7e\u015fitli ku\u015flara ev sahipli\u011fi yap\u0131yor. Bizler de bazen g\u00fcn do\u011fumunda ve bat\u0131m\u0131nda ku\u015flar\u0131 foto\u011fraflamaya \u00e7al\u0131\u015f\u0131yor, do\u011fan\u0131n bize sundu\u011fu nimetlerden faydalan\u0131yoruz. Buras\u0131 ku\u015f foto\u011fraf\u00e7\u0131lar\u0131n\u0131n g\u00fczel \u00e7ekim yapabilecekleri nadir bir b\u00f6lge\u201d ifadelerini kulland\u0131.<\/p>\n<p><img decoding=\"async\" src=\"https:\/\/i01.sozcucdn.com\/wp-content\/uploads\/2023\/05\/07\/f3.jpeg\" alt=\"\" title=\"\"><\/p>\n<p>Y\u00f6rede ya\u015fayan B\u00fclent Tat\u0131r ise \u201cBuras\u0131 bizim ku\u015f cennetimiz. Buraya yaz k\u0131\u015f de\u011fi\u015fik t\u00fcrde ku\u015flar geliyor\u201d dedi.<\/p>\n<p><img decoding=\"async\" src=\"https:\/\/i01.sozcucdn.com\/wp-content\/uploads\/2023\/05\/07\/f4.jpeg\" alt=\"\" title=\"\"><\/p>\n<p>Foto\u011fraf\u00e7\u0131lardan Memduh Ekici her mevsim gittikleri Akg\u00f6l\u2019de de\u011fi\u015fik saatlerde foto\u011fraf \u00e7al\u0131\u015fmas\u0131 yapman\u0131n keyfini ya\u015fad\u0131klar\u0131n\u0131 dile getirdi.<\/p>\n<p><img decoding=\"async\" src=\"https:\/\/i01.sozcucdn.com\/wp-content\/uploads\/2023\/05\/07\/f2.jpeg\" alt=\"\" title=\"\"><\/p>\n<p>Do\u011faseverlerden Ere\u011fli Da\u011fc\u0131l\u0131k ve Spor Kul\u00fcb\u00fc \u00fcyelerinden O\u011fuz \u00d6zsar\u0131 da gruplar\u0131yla her sene birka\u00e7 kez Akg\u00f6l\u2019de do\u011fa y\u00fcr\u00fcy\u00fc\u015f\u00fc yapt\u0131klar\u0131na de\u011finerek, \u201cHer gitti\u011fimizde do\u011fa bizi farkl\u0131 s\u00fcrprizlerle kar\u015f\u0131l\u0131yor. Burada kendimizi \u00e7ok huzurlu ve mutlu hissediyoruz. Stresten uzakla\u015f\u0131yoruz\u201d diye konu\u015ftu. (AA)<\/p>\n","protected":false},"excerpt":{"rendered":"<p>Konya&#8217;n\u0131n Ere\u011fli il\u00e7esindeki Akg\u00f6l sazl\u0131klar\u0131, flamingolar\u0131n b\u00f6lgeye gelmesiyle ayr\u0131 bir g\u00fczelli\u011fe b\u00fcr\u00fcnd\u00fc.<\/p>\n","protected":false},"author":1,"featured_media":86614,"comment_status":"closed","ping_status":"open","sticky":false,"template":"","format":"standard","meta":{"footnotes":""},"categories":[33],"tags":[233,525,11649],"class_list":["post-86613","post","type-post","status-publish","format-standard","has-post-thumbnail","hentry","category-yasam","tag-doga","tag-fotograf","tag-kuslar"],"_links":{"self":[{"href":"https:\/\/haberulus.net\/index.php?rest_route=\/wp\/v2\/posts\/86613","targetHints":{"allow":["GET"]}}],"collection":[{"href":"https:\/\/haberulus.net\/index.php?rest_route=\/wp\/v2\/posts"}],"about":[{"href":"https:\/\/haberulus.net\/index.php?rest_route=\/wp\/v2\/types\/post"}],"author":[{"embeddable":true,"href":"https:\/\/haberulus.net\/index.php?rest_route=\/wp\/v2\/users\/1"}],"replies":[{"embeddable":true,"href":"https:\/\/haberulus.net\/index.php?rest_route=%2Fwp%2Fv2%2Fcomments&post=86613"}],"version-history":[{"count":1,"href":"https:\/\/haberulus.net\/index.php?rest_route=\/wp\/v2\/posts\/86613\/revisions"}],"predecessor-version":[{"id":86615,"href":"https:\/\/haberulus.net\/index.php?rest_route=\/wp\/v2\/posts\/86613\/revisions\/86615"}],"wp:featuredmedia":[{"embeddable":true,"href":"https:\/\/haberulus.net\/index.php?rest_route=\/wp\/v2\/media\/86614"}],"wp:attachment":[{"href":"https:\/\/haberulus.net\/index.php?rest_route=%2Fwp%2Fv2%2Fmedia&parent=86613"}],"wp:term":[{"taxonomy":"category","embeddable":true,"href":"https:\/\/haberulus.net\/index.php?rest_route=%2Fwp%2Fv2%2Fcategories&post=86613"},{"taxonomy":"post_tag","embeddable":true,"href":"https:\/\/haberulus.net\/index.php?rest_route=%2Fwp%2Fv2%2Ftags&post=86613"}],"curies":[{"name":"wp","href":"https:\/\/api.w.org\/{rel}","templated":true}]}}