{"id":86624,"date":"2023-05-07T10:51:03","date_gmt":"2023-05-07T10:51:03","guid":{"rendered":"https:\/\/haberulus.net\/?p=86624"},"modified":"2023-05-07T10:51:03","modified_gmt":"2023-05-07T10:51:03","slug":"2023un-ilk-dort-ayinda-585-isci-yasamini-yitirdi","status":"publish","type":"post","link":"https:\/\/haberulus.net\/?p=86624","title":{"rendered":"2023\u2019\u00fcn ilk d\u00f6rt ay\u0131nda 585 i\u015f\u00e7i ya\u015fam\u0131n\u0131 yitirdi"},"content":{"rendered":"<p>\u0130\u015f\u00e7i Sa\u011fl\u0131\u011f\u0131 ve \u0130\u015f G\u00fcvenli\u011fi Meclisi (\u0130S\u0130G), 2023 y\u0131l\u0131n\u0131n ilk 4 ay\u0131na ili\u015fkin \u201c\u0130\u015f Cinayeti Raporu&#8217;nu a\u00e7\u0131klad\u0131.<\/p>\n<p>Rapora g\u00f6re; y\u0131l\u0131n ilk d\u00f6rt ay\u0131nda 585, AKP&#8217;nin iktidarda oldu\u011fu 2002 y\u0131l\u0131ndan bu yana 31 bin 131 i\u015f\u00e7i i\u015f cinayetlerinde ya\u015fam\u0131n\u0131 yitirdi. Verilerin ulusal bas\u0131n, i\u015f\u00e7ilerin mesai arkada\u015flar\u0131, aileleri, i\u015f g\u00fcvenli\u011fi uzmanlar\u0131, i\u015f yeri hekimleri, sendikalar ve yerel bas\u0131ndan \u00f6\u011frenilen bilgilere dayanarak haz\u0131rland\u0131\u011f\u0131 kaydedilen raporda, i\u015f cinayetlerinin bas\u0131na yans\u0131mas\u0131n\u0131n azald\u0131\u011f\u0131na dikkat \u00e7ekildi.<\/p>\n<div>\n<p>\u0130\u015f\u00e7i Sa\u011fl\u0131\u011f\u0131 ve \u0130\u015f G\u00fcvenli\u011fi Meclisi (\u0130S\u0130G), 2023 y\u0131l\u0131n\u0131n ilk 4 ay\u0131na ili\u015fkin \u201c\u0130\u015f Cinayeti Raporu&#8217;nu a\u00e7\u0131klad\u0131. Rapora g\u00f6re; y\u0131l\u0131n ilk d\u00f6rt ay\u0131nda 585, AKP&#8217;nin iktidarda oldu\u011fu 2002 y\u0131l\u0131ndan bu yana 31 bin 131 emek\u00e7i i\u015f cinayetlerinde ya\u015fam\u0131n\u0131 yitirdi. Verilerin ulusal bas\u0131n, i\u015f\u00e7ilerin mesai arkada\u015flar\u0131, aileleri, i\u015f g\u00fcvenli\u011fi uzmanlar\u0131, i\u015f yeri hekimleri, sendikalar ve yerel bas\u0131ndan \u00f6\u011frenilen bilgilere dayanarak haz\u0131rland\u0131\u011f\u0131 kaydedilen raporda, i\u015f cinayetlerinin bas\u0131na yans\u0131mas\u0131n\u0131n azald\u0131\u011f\u0131na dikkat \u00e7ekildi.<\/p>\n<div><img decoding=\"async\" src=\"https:\/\/i01.sozcucdn.com\/wp-content\/uploads\/2023\/05\/07\/1-4.jpg\" alt=\"\" title=\"\"><\/p>\n<p>Grafil: \u0130S\u0130G<\/p>\n<\/div>\n<p>\u0130S\u0130G, bu y\u0131l\u0131n ilk 4 ay\u0131na y\u00f6nelik \u2018\u0130\u015f Cinayeti Raporu&#8217;nu a\u00e7\u0131klad\u0131. Y\u0131l\u0131n ilk d\u00f6rt ay\u0131nda 585 emek\u00e7inin i\u015f cinayetlerinde ya\u015fam\u0131n\u0131 yitirdi\u011fi belirtilen raporda, AKP&#8217;nin iktidarda oldu\u011fu y\u0131llarda bu say\u0131n\u0131n 31 bin 131 oldu\u011fu belirtildi. Rapora g\u00f6re, y\u0131llara g\u00f6re \u00f6len i\u015f\u00e7i say\u0131lar\u0131 \u015f\u00f6yle:<\/p>\n<p>\u201c2002 y\u0131l\u0131n\u0131n son iki ay\u0131nda 146 i\u015f\u00e7i, 2003 y\u0131l\u0131nda 811 i\u015f\u00e7i, 2004 y\u0131l\u0131nda 843 i\u015f\u00e7i, 2005 y\u0131l\u0131nda 1096 i\u015f\u00e7i, 2006 y\u0131l\u0131nda 1601 i\u015f\u00e7i, 2007 y\u0131l\u0131nda 1044 i\u015f\u00e7i, 2008 y\u0131l\u0131nda 866 i\u015f\u00e7i, 2009 y\u0131l\u0131nda 1171 i\u015f\u00e7i, 2010 y\u0131l\u0131nda 1454 i\u015f\u00e7i, 2011 y\u0131l\u0131nda 1710 i\u015f\u00e7i, 2012 y\u0131l\u0131nda 878 i\u015f\u00e7i, 2013 y\u0131l\u0131nda 1235 i\u015f\u00e7i, 2014 y\u0131l\u0131nda 1886 i\u015f\u00e7i, 2015 y\u0131l\u0131nda 1730 i\u015f\u00e7i, 2016 y\u0131l\u0131nda 1970 i\u015f\u00e7i, 2017 y\u0131l\u0131nda 2006 i\u015f\u00e7i, 2018 y\u0131l\u0131nda 1923 i\u015f\u00e7i, 2019 y\u0131l\u0131nda 1736 i\u015f\u00e7i, 2020 y\u0131l\u0131nda 2427 i\u015f\u00e7i, 2021 y\u0131l\u0131nda 2170 i\u015f\u00e7i, 2022 y\u0131l\u0131nda 1843 i\u015f\u00e7i ve 2023 y\u0131l\u0131n\u0131n ilk d\u00f6rt ay\u0131nda 585 i\u015f\u00e7i i\u015f cinayetlerinde hayat\u0131n\u0131 kaybetti.\u201d<\/p>\n<p><b>\u201cBASINA YANSIMASI AZALDI\u201d<\/b><\/p>\n<p>\u0130S\u0130G, 2023 y\u0131l\u0131n\u0131n ilk d\u00f6rt ay\u0131na ili\u015fkin de verileri payla\u015ft\u0131. \u0130S\u0130G&#8217;e g\u00f6re bu y\u0131l\u0131n ilk d\u00f6rt ay\u0131nda 585 emek\u00e7i i\u015f cinayetinde ya\u015fam\u0131n\u0131 yitirdi, ge\u00e7en nisan ay\u0131nda i\u015f cinayetinde \u00f6len emek\u00e7i say\u0131s\u0131 122 oldu. \u0130S\u0130G&#8217;in raporunda, i\u015f cinayetlerinin bas\u0131na yans\u0131mamaya ba\u015fland\u0131\u011f\u0131na dikkat \u00e7ekilerek \u015f\u00f6yle dendi:<\/p>\n<p>\u201cY\u00fczde 68&#8217;ini ulusal bas\u0131ndan; y\u00fczde 32&#8217;sini ise i\u015f\u00e7ilerin mesai arkada\u015flar\u0131, aileleri, i\u015f g\u00fcvenli\u011fi uzmanlar\u0131, i\u015fyeri hekimleri, sendikalar ve yerel bas\u0131ndan \u00f6\u011frendi\u011fimiz bilgilere dayanarak tespit etti\u011fimiz kadar\u0131yla 2023 y\u0131l\u0131n\u0131n ilk d\u00f6rt ay\u0131nda (Ocak&#8217;ta 120, \u015eubat&#8217;ta 213, Mart&#8217;ta 130, Nisan&#8217;da 122 olmak \u00fczere) en az 585 i\u015f\u00e7i hayat\u0131n\u0131 kaybetti\u2026 Yani bu y\u0131l da her g\u00fcn \u2018en az&#8217; 5 i\u015f\u00e7i i\u015f cinayetlerinde hayat\u0131n\u0131 kaybetti. En az diyoruz \u00e7\u00fcnk\u00fc tespit ettiklerimiz bas\u0131na yans\u0131yanlar ya da bize bildirilenler. Bir yandan deprem b\u00f6lgesinde kaybetti\u011fimiz i\u015f\u00e7i arkada\u015flar\u0131m\u0131z\u0131n bilgisine ula\u015fmak neredeyse imkans\u0131z (\u015fu ana kadar sadece 110 i\u015f\u00e7i \u00f6l\u00fcm\u00fc bilgisine ula\u015ft\u0131k). Di\u011fer yandan deprem g\u00fcndemi nedeniyle di\u011fer \u015fehirlerdeki i\u015f cinayetlerinin de bas\u0131na yans\u0131mas\u0131 azald\u0131.\u201d<\/p>\n<p><b>\u0130\u015e C\u0130NAYETLER\u0130N\u0130N NEDENLER\u0130<\/b><\/p>\n<p>Raporda, i\u015f cinayetlerinin nedenleriyle ilgili \u015fu saptamalara yer verildi:<\/p>\n<ul>\n<li>\u201c\u0130\u015f cinayetlerinin \u00f6nemli bir nedeni trafik, servis kazalar\u0131. Ancak bu \u00f6l\u00fcmler i\u015f cinayeti olarak de\u011fil trafik kazas\u0131 olarak g\u00f6r\u00fcl\u00fcyor. \u015eof\u00f6rler uzun \u00e7al\u0131\u015fma saatlerinde ve neredeyse d\u00f6n\u00fc\u015f\u00fcms\u00fcz olarak yeterli bak\u0131m\u0131 yap\u0131lmayan eski ara\u00e7larda \u00e7al\u0131\u015f\u0131yor, yol ayd\u0131nlatmas\u0131 ve d\u00fczenlemesi olmayan yollarda direksiyon sall\u0131yorlar. Yine \u00f6zellikle Nisan ay\u0131nda bir\u00e7ok i\u015f\u00e7i servis kazalar\u0131 sonucu hayat\u0131n\u0131 kaybetti.<\/li>\n<li>2023 y\u0131l\u0131ndaki grafiklerimizde depremin etkisini hep g\u00f6rece\u011fiz. \u015eu ana kadar resmi a\u00e7\u0131klamalara g\u00f6re Mara\u015f depremlerinde en az 50 binin \u00fczerinde kayb\u0131m\u0131z var. Biz \u015fu ana kadar deprem an\u0131nda \u00e7al\u0131\u015f\u0131rken ya da e\u011fitim-etkinlik-g\u00f6revlendirme nedenleriyle b\u00f6lgede bulunan 110 i\u015f\u00e7i \u00f6l\u00fcm\u00fc (42 i\u015f\u00e7i konaklama, 32 i\u015f\u00e7i kimya, 27 i\u015f\u00e7i sa\u011fl\u0131k, 3 i\u015f\u00e7i ta\u015f\u0131mac\u0131l\u0131k, 1 i\u015f\u00e7i tar\u0131m, 1 i\u015f\u00e7i tekstil, 1 i\u015f\u00e7i ticaret, 1 i\u015f\u00e7i metal, 1 i\u015f\u00e7i in\u015faat ve 1 i\u015f\u00e7i g\u00fcvenlik i\u015fkolunda olmak \u00fczere) tespit ettik. Deprem sonras\u0131 b\u00f6lgeye giden ya da depremdeki hasarl\u0131 binalarda \u00e7al\u0131\u015f\u0131rken \u00f6len i\u015f\u00e7ileri bu kapsamda de\u011ferlendirmedik.<\/li>\n<li>Ezilme, g\u00f6\u00e7\u00fck nedenli \u00f6l\u00fcmlerde ilk s\u0131rada tar\u0131m i\u015fkolu geliyor. Tarlada \u00e7al\u0131\u015f\u0131rken trakt\u00f6r\u00fcn devrilmesini bu kapsamda de\u011ferlendiriyoruz. Metal ve madenler ba\u015fta olmak \u00fczere sanayideki \u00f6l\u00fcmlerde de ilk neden ezilmeler. Di\u011fer yandan in\u015faatlardaki \u00f6l\u00fcmlerde de ikinci neden ezilme ve g\u00f6\u00e7\u00fckler.<\/li>\n<li>Y\u00fcksekten d\u00fc\u015fmelerde ise ilk s\u0131rada yar\u0131dan fazla \u00f6l\u00fcm\u00fcn meydana geldi\u011fi in\u015faatlar var. Oysa uygun iskele, korkuluk, g\u00fcvenlik a\u011f\u0131 ve ekipmanla bu \u00f6l\u00fcmlerin tamam\u0131 \u00f6nlenebilir.<\/li>\n<li>G\u00fcvencesiz \u00e7al\u0131\u015fmay\u0131 karakterize eden a\u015f\u0131r\u0131, yo\u011fun ve fazla \u00e7al\u0131\u015ft\u0131rma ile i\u015f\u00e7ilerin bar\u0131nma, beslenme, ula\u015f\u0131m vd. hayat ko\u015fullar\u0131 ise \u00f6zellikle kalp krizi ve beyin kanamalar\u0131na neden oluyor.\u201d (ANKA)<\/li>\n<\/ul>\n<\/div>\n","protected":false},"excerpt":{"rendered":"<p>\u0130\u015f\u00e7i Sa\u011fl\u0131\u011f\u0131 ve \u0130\u015f G\u00fcvenli\u011fi Meclisi verilerine g\u00f6re, 2023 y\u0131l\u0131n\u0131n ilk 4 ay\u0131nda 585, AKP&#8217;nin iktidarda oldu\u011fu y\u0131llarda toplam 31 bin 131 i\u015f\u00e7i ya\u015fam\u0131n\u0131 yitirdi.<\/p>\n","protected":false},"author":1,"featured_media":86625,"comment_status":"closed","ping_status":"open","sticky":false,"template":"","format":"standard","meta":{"footnotes":""},"categories":[25],"tags":[8165,1958,11652,419,11651],"class_list":["post-86624","post","type-post","status-publish","format-standard","has-post-thumbnail","hentry","category-ekonomi","tag-basina","tag-deprem","tag-is-cinayeti","tag-isci","tag-isig"],"_links":{"self":[{"href":"https:\/\/haberulus.net\/index.php?rest_route=\/wp\/v2\/posts\/86624","targetHints":{"allow":["GET"]}}],"collection":[{"href":"https:\/\/haberulus.net\/index.php?rest_route=\/wp\/v2\/posts"}],"about":[{"href":"https:\/\/haberulus.net\/index.php?rest_route=\/wp\/v2\/types\/post"}],"author":[{"embeddable":true,"href":"https:\/\/haberulus.net\/index.php?rest_route=\/wp\/v2\/users\/1"}],"replies":[{"embeddable":true,"href":"https:\/\/haberulus.net\/index.php?rest_route=%2Fwp%2Fv2%2Fcomments&post=86624"}],"version-history":[{"count":1,"href":"https:\/\/haberulus.net\/index.php?rest_route=\/wp\/v2\/posts\/86624\/revisions"}],"predecessor-version":[{"id":86626,"href":"https:\/\/haberulus.net\/index.php?rest_route=\/wp\/v2\/posts\/86624\/revisions\/86626"}],"wp:featuredmedia":[{"embeddable":true,"href":"https:\/\/haberulus.net\/index.php?rest_route=\/wp\/v2\/media\/86625"}],"wp:attachment":[{"href":"https:\/\/haberulus.net\/index.php?rest_route=%2Fwp%2Fv2%2Fmedia&parent=86624"}],"wp:term":[{"taxonomy":"category","embeddable":true,"href":"https:\/\/haberulus.net\/index.php?rest_route=%2Fwp%2Fv2%2Fcategories&post=86624"},{"taxonomy":"post_tag","embeddable":true,"href":"https:\/\/haberulus.net\/index.php?rest_route=%2Fwp%2Fv2%2Ftags&post=86624"}],"curies":[{"name":"wp","href":"https:\/\/api.w.org\/{rel}","templated":true}]}}