{"id":86906,"date":"2023-05-07T21:51:05","date_gmt":"2023-05-07T21:51:05","guid":{"rendered":"https:\/\/haberulus.net\/?p=86906"},"modified":"2023-05-07T21:51:05","modified_gmt":"2023-05-07T21:51:05","slug":"suriye-arap-birligine-geri-donuyor","status":"publish","type":"post","link":"https:\/\/haberulus.net\/?p=86906","title":{"rendered":"Suriye, Arap Birli\u011fi\u2019ne geri d\u00f6n\u00fcyor"},"content":{"rendered":"<p>M\u0131s\u0131r\u2019\u0131n ba\u015fkenti Kahire\u2019de bu sabah ba\u015flayan Arap D\u0131\u015fi\u015fleri Bakanlar\u0131 Toplant\u0131s\u0131 sona erdi.<\/p>\n<p>Irak resmi ajans\u0131 INA\u2019da yay\u0131mlanan habere g\u00f6re, Irak D\u0131\u015fi\u015fleri Bakanl\u0131\u011f\u0131 S\u00f6zc\u00fcs\u00fc Ahmed es-Sahaf, \u201cArap D\u0131\u015fi\u015fleri Bakanlar\u0131 Toplant\u0131s\u0131\u2019nda Suriye\u2019nin Arap Birli\u011fi\u2019ne d\u00f6nmesi konusunda anla\u015fmaya var\u0131ld\u0131.\u201d ifadesini kulland\u0131.<\/p>\n<p>Bu arada M\u0131s\u0131r D\u0131\u015fi\u015fleri Bakan\u0131 Samih \u015eukri ile Arap Birli\u011fi Genel Sekreteri Ahmed Ebu Gayt, toplant\u0131n\u0131n ard\u0131ndan ortak bir bas\u0131n a\u00e7\u0131klamas\u0131 d\u00fczenledi.<\/p>\n<p>Bas\u0131n toplant\u0131s\u0131nda konu\u015fan Bakan \u015eukri, Arap D\u0131\u015fi\u015fleri Bakanlar\u0131 Konseyi\u2019nin, 7 May\u0131s 2023 tarihinden itibaren Suriye h\u00fck\u00fcmet delegasyonlar\u0131n\u0131n Arap Birli\u011fi ve ona ba\u011fl\u0131 t\u00fcm kurum, kurulu\u015flar\u0131n toplant\u0131lar\u0131na kat\u0131l\u0131m\u0131n\u0131n yeniden ba\u015flat\u0131lmas\u0131na karar verdi\u011fini ifade etti.<\/p>\n<p>Arap Birli\u011fi Genel Sekreteri Ebu Gayt da Suriye\u2019nin Birli\u011fe d\u00f6nmesi i\u00e7in davet edilmesinin yan\u0131 s\u0131ra Suriye meselesinin \u00e7\u00f6z\u00fcm\u00fcn\u00fc takip etmesi i\u00e7in M\u0131s\u0131r, Suudi Arabistan, \u00dcrd\u00fcn, Irak ve Arap Birli\u011fi Genel Sekreteri\u2019nden olu\u015fan bir takip komitesi kurulmas\u0131 y\u00f6n\u00fcnde karar al\u0131nd\u0131\u011f\u0131n\u0131 aktard\u0131.<\/p>\n<p><strong>\u201c\u0130L\u0130\u015eK\u0130LER\u0130 NORMALLE\u015eT\u0130RMEK HER \u00dcLKEN\u0130N EGEMEN KARARI\u201d<\/strong><\/p>\n<p>Ebu Gayt, Arap \u00fclkelerinin Suriye ile normal ili\u015fkiler kurma karar\u0131n\u0131n \u00fclkelerin verece\u011fi egemen bir karar oldu\u011funu s\u00f6yledi.<\/p>\n<p>S\u00f6z konusu karar\u0131n Suriye\u2019nin \u00fcyeli\u011fine yeniden d\u00f6nmesi ve Suriye ile ileti\u015fim kurmak i\u00e7in bir komite olu\u015fturulmas\u0131n\u0131 \u00f6ng\u00f6rd\u00fc\u011f\u00fcn\u00fc kaydeden Ebu Gayt, Suriye\u2019nin, Birli\u011fin daimi delegelerinin toplant\u0131lar\u0131 ile ona ba\u011fl\u0131 kurumlar\u0131n toplant\u0131lar\u0131nda haz\u0131r bulunmas\u0131 anlam\u0131na geldi\u011fini ifade etti. Ebu Gayt, bu karar\u0131n Suriye taraf\u0131na resmi olarak iletilece\u011fini de aktard\u0131.<\/p>\n<p>Arap \u00fclkelerinde son d\u00f6nemde Suriye\u2019nin Arap Birli\u011fi\u2019ne d\u00f6n\u00fc\u015f\u00fc i\u00e7in diplomatik \u00e7abalar y\u00fcr\u00fct\u00fcl\u00fcyordu.<\/p>\n<p><strong>SUR\u0130YE VE ARAP B\u0130RL\u0130\u011e\u0130<\/strong><\/p>\n<p>Suriye D\u0131\u015fi\u015fleri Bakan\u0131 Faysal el-Mikdad, 12 Nisan\u2019da Suudi Arabistan\u2019a yapt\u0131\u011f\u0131 ziyarette mevkida\u015f\u0131 Faysal Bin Ferhan ile bir araya gelmi\u015fti.<\/p>\n<p>K\u00f6rfez \u0130\u015fbirli\u011fi Konseyi (K\u0130K) \u00fclkeleri ile M\u0131s\u0131r, \u00dcrd\u00fcn ve Irak d\u0131\u015fi\u015fleri bakanlar\u0131 da 14 Nisan\u2019da Suudi Arabistan\u2019da bir araya gelerek Suriye krizine ili\u015fkin siyasi \u00e7\u00f6z\u00fcm \u00e7abalar\u0131n\u0131 ele alm\u0131\u015ft\u0131.<\/p>\n<p>Toplant\u0131da Suriye\u2019nin Arap Birli\u011fi\u2019ne d\u00f6n\u00fc\u015f\u00fcn\u00fcn ele al\u0131nd\u0131\u011f\u0131 fakat bir anla\u015fmaya var\u0131lamad\u0131\u011f\u0131 a\u00e7\u0131klanm\u0131\u015ft\u0131.<\/p>\n<p>\u00dcrd\u00fcn D\u0131\u015fi\u015fleri Bakan\u0131 Eymen es-Safedi, Suudi Arabistan D\u0131\u015fi\u015fleri Bakan\u0131 Faysal bin Ferhan, M\u0131s\u0131r D\u0131\u015fi\u015fleri Bakan\u0131 Samih \u015eukri, Irak D\u0131\u015fi\u015fleri Bakan\u0131 Fuad H\u00fcseyin ve Suriye D\u0131\u015fi\u015fleri Bakan\u0131 Mikdad, 1 May\u0131s\u2019ta Amman\u2019da bir araya gelmi\u015fti.<\/p>\n<p>Bas\u0131na kapal\u0131 toplant\u0131n\u0131n ard\u0131ndan yay\u0131mlanan sonu\u00e7 bildirgesinde, \u201cSuriyeli m\u00fcltecilerin g\u00f6n\u00fcll\u00fc ve g\u00fcvenli \u015fekilde \u00fclkelerine d\u00f6nmelerinin \u00f6ncelikli mesele oldu\u011fu\u201d kaydedilmi\u015fti.<\/p>\n<p>Arap Birli\u011fi, Suriye\u2019deki i\u00e7 sava\u015f nedeniyle 12 Kas\u0131m 2011\u2019de Suriye\u2019nin Birli\u011fe \u00fcyeli\u011fini ask\u0131ya alm\u0131\u015ft\u0131. (AA)<\/p>\n","protected":false},"excerpt":{"rendered":"<p>Arap Birli\u011fi&#8217;ne \u00fcye \u00fclkelerin d\u0131\u015fi\u015fleri bakanlar\u0131, Suriye&#8217;nin, Birli\u011fe d\u00f6nmesi konusunda anla\u015fmaya vard\u0131.<\/p>\n","protected":false},"author":1,"featured_media":86907,"comment_status":"closed","ping_status":"open","sticky":false,"template":"","format":"standard","meta":{"footnotes":""},"categories":[24],"tags":[8709,1038,580,44,11665],"class_list":["post-86906","post","type-post","status-publish","format-standard","has-post-thumbnail","hentry","category-dunya","tag-arap-birligi","tag-disisleri-bakani","tag-karar","tag-suriye","tag-suriyenin"],"_links":{"self":[{"href":"https:\/\/haberulus.net\/index.php?rest_route=\/wp\/v2\/posts\/86906","targetHints":{"allow":["GET"]}}],"collection":[{"href":"https:\/\/haberulus.net\/index.php?rest_route=\/wp\/v2\/posts"}],"about":[{"href":"https:\/\/haberulus.net\/index.php?rest_route=\/wp\/v2\/types\/post"}],"author":[{"embeddable":true,"href":"https:\/\/haberulus.net\/index.php?rest_route=\/wp\/v2\/users\/1"}],"replies":[{"embeddable":true,"href":"https:\/\/haberulus.net\/index.php?rest_route=%2Fwp%2Fv2%2Fcomments&post=86906"}],"version-history":[{"count":1,"href":"https:\/\/haberulus.net\/index.php?rest_route=\/wp\/v2\/posts\/86906\/revisions"}],"predecessor-version":[{"id":86908,"href":"https:\/\/haberulus.net\/index.php?rest_route=\/wp\/v2\/posts\/86906\/revisions\/86908"}],"wp:featuredmedia":[{"embeddable":true,"href":"https:\/\/haberulus.net\/index.php?rest_route=\/wp\/v2\/media\/86907"}],"wp:attachment":[{"href":"https:\/\/haberulus.net\/index.php?rest_route=%2Fwp%2Fv2%2Fmedia&parent=86906"}],"wp:term":[{"taxonomy":"category","embeddable":true,"href":"https:\/\/haberulus.net\/index.php?rest_route=%2Fwp%2Fv2%2Fcategories&post=86906"},{"taxonomy":"post_tag","embeddable":true,"href":"https:\/\/haberulus.net\/index.php?rest_route=%2Fwp%2Fv2%2Ftags&post=86906"}],"curies":[{"name":"wp","href":"https:\/\/api.w.org\/{rel}","templated":true}]}}