{"id":87081,"date":"2023-05-08T08:25:05","date_gmt":"2023-05-08T08:25:05","guid":{"rendered":"https:\/\/haberulus.net\/?p=87081"},"modified":"2023-05-08T08:25:05","modified_gmt":"2023-05-08T08:25:05","slug":"ihracat-iklimindeki-iyilesme-ucuncu-ayda-da-surdu","status":"publish","type":"post","link":"https:\/\/haberulus.net\/?p=87081","title":{"rendered":"\u0130hracat iklimindeki iyile\u015fme \u00fc\u00e7\u00fcnc\u00fc ayda da s\u00fcrd\u00fc"},"content":{"rendered":"<p>T\u00fcrkiye imalat sekt\u00f6r\u00fcn\u00fcn ana ihracat pazarlar\u0131ndaki faaliyet ko\u015fullar\u0131n\u0131 \u00f6l\u00e7en \u0130stanbul Sanayi Odas\u0131 (\u0130SO) T\u00fcrkiye \u0130malat Sekt\u00f6r\u00fc \u0130hracat \u0130klimi Endeksi, nisanda 53,1 olarak ger\u00e7ekle\u015fti.<\/p>\n<p>\u0130SO\u2019dan yap\u0131lan a\u00e7\u0131klamaya g\u00f6re, \u0130SO T\u00fcrkiye \u0130malat Sekt\u00f6r\u00fc \u0130hracat \u0130klimi Endeksi\u2019nin Nisan 2023 d\u00f6nemi sonu\u00e7lar\u0131 a\u00e7\u0131kland\u0131.<\/p>\n<p>Endekste e\u015fik de\u011fer olan 50,0\u2019nin \u00fczerinde \u00f6l\u00e7\u00fclen t\u00fcm rakamlar ihracat ikliminde iyile\u015fmeye, 50\u2019nin alt\u0131ndaki de\u011ferler ise bozulmaya i\u015faret ediyor.<\/p>\n<p>Martta 52,6 olan endeks, nisan ay\u0131nda 53,1 olarak ger\u00e7ekle\u015fti ve \u00fcst \u00fcste \u00fc\u00e7\u00fcnc\u00fc ay e\u015fik de\u011fer 50,0\u2019\u0131n \u00fczerinde kalarak ihracat iklimindeki iyile\u015fmeyi s\u00fcrd\u00fcrd\u00fc. Ya\u015fanan iyile\u015fme ayn\u0131 zamanda son bir y\u0131la yak\u0131n d\u00f6nemin en belirgin d\u00fczeyinde ger\u00e7ekle\u015fti.<\/p>\n<p><b>ALMANYA \u0130Y\u0130LE\u015eMEYE \u0130\u015eARET ETT\u0130<\/b><\/p>\n<p>Y\u00fczde 9\u2019luk pay\u0131yla T\u00fcrk imalat sekt\u00f6r\u00fcn\u00fcn en b\u00fcy\u00fck ihracat pazar\u0131 olan Almanya\u2019da \u00fcretim art\u0131\u015f\u0131 ivme kazanarak nisanda son bir y\u0131l\u0131n en y\u00fcksek h\u0131z\u0131na ula\u015ft\u0131 ve bu y\u0131l\u0131n ba\u015f\u0131ndaki yava\u015flaman\u0131n ard\u0131ndan iyile\u015fmeye i\u015faret etti.<\/p>\n<p>Benzer \u015fekilde, Birle\u015fik Krall\u0131k\u2019ta b\u00fcy\u00fcme h\u0131z\u0131 son bir y\u0131l\u0131n en y\u00fcksek seviyesine ula\u015f\u0131rken, ABD\u2019de ise ekonomik aktivite 11 ay\u0131n en g\u00fc\u00e7l\u00fc art\u0131\u015f\u0131n\u0131 ger\u00e7ekle\u015ftirdi.<\/p>\n<p>Fransa, \u0130talya ve \u0130spanya ikinci \u00e7eyre\u011fin ilk ay\u0131nda b\u00fcy\u00fcme b\u00f6lgesinde kalsa da Avrupa\u2019n\u0131n imalat sekt\u00f6r\u00fcnde talep zay\u0131fl\u0131\u011f\u0131 oldu\u011funa ili\u015fkin sinyaller dikkati \u00e7ekti. Hollanda, Avusturya, Polonya ve \u00c7ek Cumhuriyeti\u2019nde \u00fcretim, nisan ay\u0131nda d\u00fc\u015f\u00fc\u015f kaydetti.<\/p>\n<p><b>BAE\u2019DE B\u00dcY\u00dcME HIZI SON 6 AYIN Z\u0130RVES\u0130NDE<\/b><\/p>\n<p>Orta Do\u011fu\u2019nun baz\u0131 b\u00f6lgeleri, nisanda da g\u00fc\u00e7l\u00fc b\u00fcy\u00fcme e\u011filimini korudu. Birle\u015fik Arap Emirlikleri (BAE) petrol d\u0131\u015f\u0131 ekonomik aktivitede belirgin bir geni\u015fleme kaydetti ve b\u00fcy\u00fcme h\u0131z\u0131 son 6 ay\u0131n en y\u00fcksek d\u00fczeyine \u00e7\u0131kt\u0131.<\/p>\n<p>Suudi Arabistan\u2019da \u00fcretim hafif\u00e7e h\u0131zlan\u0131rken, Katar da g\u00fc\u00e7l\u00fc b\u00fcy\u00fcmesini s\u00fcrd\u00fcrd\u00fc. M\u0131s\u0131r ve L\u00fcbnan\u2019da ekonomik aktivitenin d\u00fc\u015fmeye devam etmesi, g\u00f6rece olumsuz geli\u015fmeler olarak kaydedildi.<\/p>\n<p>G\u00fcney Afrika ve Kenya\u2019da \u00fcretim d\u00fc\u015f\u00fc\u015f g\u00f6sterirken, Nijerya\u2019da ise nakit krizinin hafiflemesi ekonomik aktivitede toparlanma sa\u011flad\u0131.<\/p>\n<p>\u00c7in\u2019de salg\u0131na y\u00f6nelik k\u0131s\u0131tlamalar\u0131n bu y\u0131l ba\u015flar\u0131nda gev\u015fetilmesiyle ba\u015flayan b\u00fcy\u00fcme nisanda da devam etti ve \u00fclke ekonomisi toparlanma e\u011filimini s\u00fcrd\u00fcrd\u00fc. \u00dcretim, hafif\u00e7e h\u0131z kesmekle birlikte g\u00fc\u00e7l\u00fc bir art\u0131\u015f sergiledi.<\/p>\n<p>Ekonomik aktivitenin Temmuz 2010\u2019dan beri en y\u00fcksek h\u0131zda artt\u0131\u011f\u0131 Hindistan, PMI anketi kapsam\u0131ndaki ekonomiler aras\u0131nda b\u00fcy\u00fcme performans\u0131n\u0131n en g\u00fc\u00e7l\u00fc oldu\u011fu \u00fclkelerden biri olma \u00f6zelli\u011fini korudu. Brezilya ve Rusya\u2019da da \u00fcretim iyile\u015fme kaydetti.<\/p>\n<p><b>SON 1 YILIN EN HIZLI \u0130Y\u0130LE\u015eMES\u0130<\/b><\/p>\n<p>A\u00e7\u0131klamada g\u00f6r\u00fc\u015flerine yer verilen S&#038;P Global Market Intelligence Ekonomi Direkt\u00f6r\u00fc Andrew Harker, T\u00fcrk imalat sekt\u00f6r\u00fcn\u00fcn en b\u00fcy\u00fck 4 ihracat pazar\u0131nda \u00fcretim art\u0131\u015f\u0131n\u0131n ikinci \u00e7eyrek ba\u015f\u0131nda ivme kazand\u0131\u011f\u0131n\u0131 belirterek, bu durumun ihracat ikliminde yakla\u015f\u0131k son 1 y\u0131ll\u0131k d\u00f6nemin en h\u0131zl\u0131 iyile\u015fmesinin ya\u015fanmas\u0131 i\u00e7in g\u00fc\u00e7l\u00fc bir temelin olu\u015fturdu\u011funu aktard\u0131.<\/p>\n<p>Harker, \u201c\u0130hracat pazarlar\u0131n\u0131n bu y\u0131l ba\u015f\u0131nda oldu\u011fundan \u00e7ok daha sa\u011fl\u0131kl\u0131 bir g\u00f6r\u00fcn\u00fcm sergilemesi, ikinci \u00e7eyre\u011fin devam\u0131nda imalat sekt\u00f6r\u00fcndeki canlanmay\u0131 destekleyecektir.\u201d a\u00e7\u0131klamas\u0131n\u0131 yapt\u0131. (AA)<\/p>\n","protected":false},"excerpt":{"rendered":"<p>\u0130stanbul Sanayi Odas\u0131&#8217;n\u0131n (\u0130SO) a\u00e7\u0131klad\u0131\u011f\u0131 T\u00fcrkiye ihracat \u0130klimi Endeksi, nisan ay\u0131nda 53,1 olarak ger\u00e7ekle\u015ferek \u00fcst \u00fcste \u00fc\u00e7\u00fcnc\u00fc ay iyile\u015fmeyi s\u00fcrd\u00fcrd\u00fc.<\/p>\n","protected":false},"author":1,"featured_media":87082,"comment_status":"closed","ping_status":"open","sticky":false,"template":"","format":"standard","meta":{"footnotes":""},"categories":[25],"tags":[645,2133,8115,3865,628],"class_list":["post-87081","post","type-post","status-publish","format-standard","has-post-thumbnail","hentry","category-ekonomi","tag-buyume","tag-hiz","tag-iyilesme","tag-nisan","tag-uretim"],"_links":{"self":[{"href":"https:\/\/haberulus.net\/index.php?rest_route=\/wp\/v2\/posts\/87081","targetHints":{"allow":["GET"]}}],"collection":[{"href":"https:\/\/haberulus.net\/index.php?rest_route=\/wp\/v2\/posts"}],"about":[{"href":"https:\/\/haberulus.net\/index.php?rest_route=\/wp\/v2\/types\/post"}],"author":[{"embeddable":true,"href":"https:\/\/haberulus.net\/index.php?rest_route=\/wp\/v2\/users\/1"}],"replies":[{"embeddable":true,"href":"https:\/\/haberulus.net\/index.php?rest_route=%2Fwp%2Fv2%2Fcomments&post=87081"}],"version-history":[{"count":1,"href":"https:\/\/haberulus.net\/index.php?rest_route=\/wp\/v2\/posts\/87081\/revisions"}],"predecessor-version":[{"id":87083,"href":"https:\/\/haberulus.net\/index.php?rest_route=\/wp\/v2\/posts\/87081\/revisions\/87083"}],"wp:featuredmedia":[{"embeddable":true,"href":"https:\/\/haberulus.net\/index.php?rest_route=\/wp\/v2\/media\/87082"}],"wp:attachment":[{"href":"https:\/\/haberulus.net\/index.php?rest_route=%2Fwp%2Fv2%2Fmedia&parent=87081"}],"wp:term":[{"taxonomy":"category","embeddable":true,"href":"https:\/\/haberulus.net\/index.php?rest_route=%2Fwp%2Fv2%2Fcategories&post=87081"},{"taxonomy":"post_tag","embeddable":true,"href":"https:\/\/haberulus.net\/index.php?rest_route=%2Fwp%2Fv2%2Ftags&post=87081"}],"curies":[{"name":"wp","href":"https:\/\/api.w.org\/{rel}","templated":true}]}}