{"id":87459,"date":"2023-05-08T17:21:04","date_gmt":"2023-05-08T17:21:04","guid":{"rendered":"https:\/\/haberulus.net\/?p=87459"},"modified":"2023-05-08T17:21:04","modified_gmt":"2023-05-08T17:21:04","slug":"cinden-covid-19-karari","status":"publish","type":"post","link":"https:\/\/haberulus.net\/?p=87459","title":{"rendered":"\u00c7in\u2019den Covid-19 karar\u0131"},"content":{"rendered":"<p>Ulusal Sa\u011fl\u0131k Komisyonu yetkilileri, d\u00fczenledikleri bas\u0131n toplant\u0131s\u0131nda, DS\u00d6\u2019n\u00fcn karar\u0131n\u0131n k\u00fcresel riskin ortadan kalkt\u0131\u011f\u0131 anlam\u0131 ta\u015f\u0131mad\u0131\u011f\u0131n\u0131, ancak hastal\u0131\u011f\u0131n acil durum yerine di\u011fer salg\u0131n hastal\u0131klar gibi ele al\u0131nmas\u0131n\u0131n vaktinin geldi\u011fine i\u015faret etti\u011fini belirtti.<\/p>\n<p>Yetkililer, \u00c7in\u2019in halihaz\u0131rda Covid-19\u2019u \u201cB s\u0131n\u0131f\u0131 salg\u0131n hastal\u0131k\u201d olarak s\u0131n\u0131fland\u0131rd\u0131\u011f\u0131n\u0131 ve bu kapsamdaki tedbirleri s\u00fcrd\u00fcrece\u011fini kaydetti.<\/p>\n<p>Bakanl\u0131k stat\u00fcs\u00fcndeki Komisyonun S\u00f6zc\u00fcs\u00fc Mi F\u0131ng, vir\u00fcs\u00fcn hala mutasyon ge\u00e7irdi\u011fini ve yerel d\u00fczeyde yay\u0131lmay\u0131 s\u00fcrd\u00fcrd\u00fc\u011f\u00fcne dikkati \u00e7ekerek, yerel y\u00f6netimlerin ve sa\u011fl\u0131k birimlerinin halk sa\u011fl\u0131\u011f\u0131n\u0131n korunmas\u0131 i\u00e7in gerekli tedbirleri almas\u0131n\u0131n \u00f6nemini vurgulad\u0131.<\/p>\n<p>\u00c7in, 8 Ocak\u2019ta Covid-19\u2019u \u201cA kategorisi salg\u0131n hastal\u0131k\u201d olarak ele almaya son vererek, S\u0131n\u0131r Sa\u011fl\u0131\u011f\u0131 ve Karantina Yasas\u0131 uyar\u0131nca uygulanan karantina tedbirleri ve k\u0131s\u0131tlamalar\u0131 kald\u0131rm\u0131\u015f, s\u0131n\u0131rlar\u0131n\u0131 yeniden d\u00fcnyaya a\u00e7m\u0131\u015ft\u0131.<\/p>\n<p>\u201cA s\u0131n\u0131f\u0131 salg\u0131n hastal\u0131k\u201d stat\u00fcs\u00fc, vir\u00fcs bula\u015fan ki\u015filerin karantinaya al\u0131nmas\u0131n\u0131, yak\u0131n temastakilerin takibini, mekanlar\u0131n tecridini ve dezenfeksiyonunu gerekli k\u0131l\u0131yordu. \u201cB s\u0131n\u0131f salg\u0131n hastal\u0131k\u201dta ise karantina zorunlu\u011fu bulunmuyor, salg\u0131n koruma ve kontrol tedbirleri yerine kritik vakalar\u0131n tedavisine odaklan\u0131l\u0131yor.<\/p>\n<p><strong>XBB ALT VARYANTI HAK\u0130M HALE GELD\u0130<\/strong><\/p>\n<p>\u00d6te yandan Ulusal Vir\u00fctik Hastal\u0131klar Kontrol ve \u00d6nleme Enstit\u00fcs\u00fc ara\u015ft\u0131rmac\u0131s\u0131 \u00c7\u0131n Cao, Omciron\u2019un XBB alt varyant\u0131n\u0131n son d\u00f6nemde \u00fclkedeki vakalarda hakim hale geldi\u011fini bildirdi.<\/p>\n<p>Cao, XBB alt varyant\u0131n\u0131n \u015fubat ortas\u0131nda vakalar\u0131n yaln\u0131zca binde 2\u2019sini olu\u015ftururken nisan sonunda oran\u0131n y\u00fczde 74,4\u2019e \u00e7\u0131kt\u0131\u011f\u0131 bilgisini payla\u015ft\u0131.<\/p>\n<p>Nisanda yurt d\u0131\u015f\u0131 kaynakl\u0131 vakalar\u0131n y\u00fczde 97,5\u2019unda XBB tespit edildi\u011fine dikkati \u00e7eken Cao, bunun salg\u0131n\u0131n k\u00fcresel seyri ile ba\u011flant\u0131l\u0131 oldu\u011fu de\u011ferlendirmesinde bulundu.<\/p>\n<p>\u00c7in\u2019de \u201cs\u0131f\u0131r vaka\u201d olarak adland\u0131r\u0131lan, b\u00fcy\u00fck \u00e7apl\u0131 kapanma, karantina ve seyahat k\u0131s\u0131tlamalar\u0131n\u0131 gerektiren salg\u0131n kontrol tedbirlerinin 2022 sonunda aniden kald\u0131r\u0131lmas\u0131yla vakalar h\u0131zla artm\u0131\u015f, \u00fclke bug\u00fcne dek g\u00f6r\u00fclen en b\u00fcy\u00fck kitlesel yay\u0131lmayla kar\u015f\u0131 kar\u015f\u0131ya kalm\u0131\u015ft\u0131.<\/p>\n<p>\u00c7in Hastal\u0131k Kontrol ve \u00d6nleme Merkezinden, k\u0131s\u0131tlamalar\u0131n\u0131n kald\u0131r\u0131lmas\u0131yla ortaya \u00e7\u0131kan salg\u0131n dalgas\u0131nda n\u00fcfusun y\u00fczde 82,4\u2019\u00fcn\u00fc olu\u015fturan, 1 milyardan fazla insan\u0131n vir\u00fcse yakaland\u0131\u011f\u0131n\u0131n tahmin edildi\u011fi bildirilmi\u015fti.<\/p>\n","protected":false},"excerpt":{"rendered":"<p>\u00c7in, D\u00fcnya Sa\u011fl\u0131k \u00d6rg\u00fct\u00fcn\u00fcn (DS\u00d6) &#8220;uluslararas\u0131 halk sa\u011fl\u0131\u011f\u0131 acil durumu&#8221; stat\u00fcs\u00fcn\u00fc kald\u0131rd\u0131\u011f\u0131n\u0131 duyurmas\u0131n\u0131n ard\u0131ndan, Covid-19&#8217;u &#8220;B s\u0131n\u0131f\u0131 salg\u0131n hastal\u0131k&#8221; olarak s\u0131n\u0131fland\u0131rmay\u0131 s\u00fcrd\u00fcrece\u011fini bildirdi.<\/p>\n","protected":false},"author":1,"featured_media":87460,"comment_status":"closed","ping_status":"open","sticky":false,"template":"","format":"standard","meta":{"footnotes":""},"categories":[30],"tags":[181,6090,1099,8589,4380],"class_list":["post-87459","post","type-post","status-publish","format-standard","has-post-thumbnail","hentry","category-saglik","tag-hastalik","tag-karantina","tag-salgin","tag-tedbirleri","tag-vakalar"],"_links":{"self":[{"href":"https:\/\/haberulus.net\/index.php?rest_route=\/wp\/v2\/posts\/87459","targetHints":{"allow":["GET"]}}],"collection":[{"href":"https:\/\/haberulus.net\/index.php?rest_route=\/wp\/v2\/posts"}],"about":[{"href":"https:\/\/haberulus.net\/index.php?rest_route=\/wp\/v2\/types\/post"}],"author":[{"embeddable":true,"href":"https:\/\/haberulus.net\/index.php?rest_route=\/wp\/v2\/users\/1"}],"replies":[{"embeddable":true,"href":"https:\/\/haberulus.net\/index.php?rest_route=%2Fwp%2Fv2%2Fcomments&post=87459"}],"version-history":[{"count":1,"href":"https:\/\/haberulus.net\/index.php?rest_route=\/wp\/v2\/posts\/87459\/revisions"}],"predecessor-version":[{"id":87461,"href":"https:\/\/haberulus.net\/index.php?rest_route=\/wp\/v2\/posts\/87459\/revisions\/87461"}],"wp:featuredmedia":[{"embeddable":true,"href":"https:\/\/haberulus.net\/index.php?rest_route=\/wp\/v2\/media\/87460"}],"wp:attachment":[{"href":"https:\/\/haberulus.net\/index.php?rest_route=%2Fwp%2Fv2%2Fmedia&parent=87459"}],"wp:term":[{"taxonomy":"category","embeddable":true,"href":"https:\/\/haberulus.net\/index.php?rest_route=%2Fwp%2Fv2%2Fcategories&post=87459"},{"taxonomy":"post_tag","embeddable":true,"href":"https:\/\/haberulus.net\/index.php?rest_route=%2Fwp%2Fv2%2Ftags&post=87459"}],"curies":[{"name":"wp","href":"https:\/\/api.w.org\/{rel}","templated":true}]}}