{"id":87707,"date":"2023-05-09T08:05:33","date_gmt":"2023-05-09T08:05:33","guid":{"rendered":"https:\/\/haberulus.net\/?p=87707"},"modified":"2023-05-09T08:05:33","modified_gmt":"2023-05-09T08:05:33","slug":"zeki-demirkubuzun-ilk-sergisi-muze-gazhanede-ziyarete-acildi","status":"publish","type":"post","link":"https:\/\/haberulus.net\/?p=87707","title":{"rendered":"Zeki Demirkubuz\u2019un ilk sergisi M\u00fcze Gazhane\u2019de ziyarete a\u00e7\u0131ld\u0131"},"content":{"rendered":"<p>A\u00e7\u0131l\u0131\u015fta konu\u015fan usta sinemac\u0131 Zeki Demirkubuz, sergiye bir bu\u00e7uk y\u0131ld\u0131r haz\u0131rland\u0131klar\u0131n\u0131 belirterek, \u201cFoto\u011fraf denilen \u015fey, daha do\u011frusu anlam denilen i\u015f, ger\u00e7ekten sonsuz. Her \u015fekli var. Ortal\u0131kta buna dair bir s\u00fcr\u00fc iddia, olgu var. Ben b\u00fct\u00fcn bunlar\u0131n aras\u0131nda bana ait olan\u0131, bende bir hayat duygusu uyand\u0131ran\u0131 ortaya \u00e7\u0131karmak istedim\u201d dedi.<\/p>\n<p>Demirkubuz, 10-12 y\u0131l \u00f6nce foto\u011fraf \u00e7ektirmekten ve \u00e7ekmekten ho\u015flanmad\u0131\u011f\u0131n\u0131 s\u00f6yleyerek, \u015funlar\u0131 kaydetti:<\/p>\n<p>\u201cHatta nefret ederdim foto\u011fraf \u00e7ektirmekten. H\u00e2l\u00e2 \u00f6yle bir duygum var. Ama \u00e7ocuklu\u011fumda benim hi\u00e7 foto\u011fraf\u0131m yoktu. Bir tane 40 ki\u015finin i\u00e7inden \u00e7ok k\u00fc\u00e7\u00fck bir foto\u011fraf\u0131m vard\u0131. K\u0131z\u0131m do\u011fdu\u011fu zaman onu \u00e7ekmeye ba\u015flad\u0131m. Asl\u0131nda tek ili\u015fkim buydu ve onu nefret ettirinceye kadar \u2018Benim foto\u011fraf\u0131m yok onun olsun\u2019 diye ba\u015flad\u0131 i\u015f. Sonra y\u00fcr\u00fcmeye ba\u015flad\u0131m. Forrest Gump gibi inan\u0131lmaz y\u00fcr\u00fcy\u00fc\u015fler yapt\u0131m. Sonra bununla yetinmedim. Gezmeye, \u015fehirlere, ba\u015fka \u00fclkelere gitmeye ba\u015flad\u0131m ki yolculuktan nefret ederdim. Sonra \u2018Ben buralar\u0131 niye \u00e7ekmiyorum\u2019 filan dedim. Elime bir-iki makine ge\u00e7ti onlarla \u00e7ekmeye ba\u015flad\u0131m. Sonra o b\u00fcy\u00fcd\u00fc, b\u00fcy\u00fcd\u00fc ba\u015fka bir \u015feye, bir sergiye d\u00f6n\u00fc\u015ft\u00fc. Umar\u0131m bunu becerdi\u011fimi d\u00fc\u015f\u00fcn\u00fcrs\u00fcn\u00fcz.\u201d<\/p>\n<p>\u0130BB Genel Sekreter Yard\u0131mc\u0131s\u0131 Mahir Polat da \u201cSevgili Zeki Demirkubuz son 10 y\u0131l\u0131n\u0131 verdi\u011fi, kendi g\u00f6z\u00fcnden, kendi viz\u00f6r\u00fcnden g\u00f6rd\u00fc\u011f\u00fc hayat\u0131 yans\u0131t\u0131yor. Bu bak\u0131mdan hem bu \u015fehir hem de bu \u015fehrin insanlar\u0131 tekrar hayat\u0131 g\u00f6rmek, d\u00fc\u015f\u00fcnmek ve bir bah\u00e7ede hayatla kar\u015f\u0131la\u015fmak ad\u0131na anlaml\u0131 bir bulu\u015fma ger\u00e7ekle\u015ftirmi\u015f oluyorlar\u201d de\u011ferlendirmesini yapt\u0131.<\/p>\n<p>14 y\u0131l \u00f6nce ba\u015flad\u0131\u011f\u0131 foto\u011fraf\u00e7\u0131l\u0131\u011fa, ba\u015fta T\u00fcrkiye olmak \u00fczere Japonya, Meksika, Amerika ve bir\u00e7ok farkl\u0131 \u00fclkede yapt\u0131\u011f\u0131 \u00e7ekimlerle devam eden Demirkubuz\u2019un 2009\u2019dan bu yana \u00e7ekti\u011fi 78 foto\u011fraf sergide g\u00f6r\u00fclebilecek.<\/p>\n<p>\u2018Hayat\u2019 sergisi 9 Eyl\u00fcl\u2019e kadar ziyarete a\u00e7\u0131k olacak. (AA)<\/p>\n","protected":false},"excerpt":{"rendered":"<p>Sanat y\u00f6netmenli\u011fini Ebru Y\u0131lmaz&#8217;\u0131n \u00fcstlendi\u011fi, y\u00f6netmen Zeki Demirkubuz&#8217;un ilk ki\u015fisel foto\u011fraf sergisi &#8216;Hayat&#8217;, M\u00fcze Gazhane&#8217;de ziyarete a\u00e7\u0131ld\u0131.<\/p>\n","protected":false},"author":1,"featured_media":87708,"comment_status":"closed","ping_status":"open","sticky":false,"template":"","format":"standard","meta":{"footnotes":""},"categories":[27],"tags":[2090,525,1633],"class_list":["post-87707","post","type-post","status-publish","format-standard","has-post-thumbnail","hentry","category-kultur-sanat","tag-basladi","tag-fotograf","tag-hayat"],"_links":{"self":[{"href":"https:\/\/haberulus.net\/index.php?rest_route=\/wp\/v2\/posts\/87707","targetHints":{"allow":["GET"]}}],"collection":[{"href":"https:\/\/haberulus.net\/index.php?rest_route=\/wp\/v2\/posts"}],"about":[{"href":"https:\/\/haberulus.net\/index.php?rest_route=\/wp\/v2\/types\/post"}],"author":[{"embeddable":true,"href":"https:\/\/haberulus.net\/index.php?rest_route=\/wp\/v2\/users\/1"}],"replies":[{"embeddable":true,"href":"https:\/\/haberulus.net\/index.php?rest_route=%2Fwp%2Fv2%2Fcomments&post=87707"}],"version-history":[{"count":1,"href":"https:\/\/haberulus.net\/index.php?rest_route=\/wp\/v2\/posts\/87707\/revisions"}],"predecessor-version":[{"id":87709,"href":"https:\/\/haberulus.net\/index.php?rest_route=\/wp\/v2\/posts\/87707\/revisions\/87709"}],"wp:featuredmedia":[{"embeddable":true,"href":"https:\/\/haberulus.net\/index.php?rest_route=\/wp\/v2\/media\/87708"}],"wp:attachment":[{"href":"https:\/\/haberulus.net\/index.php?rest_route=%2Fwp%2Fv2%2Fmedia&parent=87707"}],"wp:term":[{"taxonomy":"category","embeddable":true,"href":"https:\/\/haberulus.net\/index.php?rest_route=%2Fwp%2Fv2%2Fcategories&post=87707"},{"taxonomy":"post_tag","embeddable":true,"href":"https:\/\/haberulus.net\/index.php?rest_route=%2Fwp%2Fv2%2Ftags&post=87707"}],"curies":[{"name":"wp","href":"https:\/\/api.w.org\/{rel}","templated":true}]}}