{"id":87710,"date":"2023-05-09T08:05:34","date_gmt":"2023-05-09T08:05:34","guid":{"rendered":"https:\/\/haberulus.net\/?p=87710"},"modified":"2023-05-09T08:05:34","modified_gmt":"2023-05-09T08:05:34","slug":"applein-populer-dizisi-severancei-bu-defa-da-grev-vurdu","status":"publish","type":"post","link":"https:\/\/haberulus.net\/?p=87710","title":{"rendered":"Apple\u2019\u0131n pop\u00fcler dizisi Severance\u2019\u0131 bu defa da grev vurdu"},"content":{"rendered":"<p>Ba\u015frollerinde Adam Scott, Patricia Arquette, Britt Lower, John Turturro ve Christopher Walken\u2019\u0131n yer ald\u0131\u011f\u0131, y\u00f6netmenli\u011fini ve yap\u0131mc\u0131l\u0131\u011f\u0131n\u0131 Ben Stiller\u2019\u0131n \u00fcstlendi\u011fi Severance\u2019\u0131n pe\u015fini aksilikler b\u0131rakm\u0131yor. Yay\u0131n hayat\u0131na son derece ba\u015far\u0131l\u0131 bir \u015fekilde ba\u015flayan Apple TV+ dizisi asl\u0131nda ge\u00e7en y\u0131l, daha ilk sezonunun finali yay\u0131nlanmadan ikinci sezonu i\u00e7in de onay alm\u0131\u015ft\u0131.<\/p>\n<p>Ancak ge\u00e7ti\u011fimiz g\u00fcnlerde de bas\u0131na yans\u0131yan haberlere g\u00f6re yap\u0131m\u0131n perde arkas\u0131nda sorunlar bitmiyor, bu y\u00fczden de ikinci sezon haz\u0131rl\u0131klar\u0131 s\u00fcrekli sekteye u\u011fruyordu. \u015eimdi bu pop\u00fcler yap\u0131m i\u00e7in i\u015fler biraz daha kar\u0131\u015f\u0131k hale geliyor. Hollywood\u2019da ba\u015flayan yazar greviyle dizinin ikinci sezonunun prod\u00fcksiyonu New York\u2019ta tamamen ask\u0131ya al\u0131nd\u0131.<\/p>\n<p><img decoding=\"async\" src=\"https:\/\/i01.sozcucdn.com\/wp-content\/uploads\/2023\/05\/09\/severance1.jpg\" alt=\"\" title=\"\"><\/p>\n<p>2 May\u0131s\u2019ta Amerikan Yazarlar Birli\u011fi (WGA), Sinema ve Televizyon Yap\u0131mc\u0131lar\u0131 Birli\u011fi (AMPTP) ile yeni bir anla\u015fmaya var\u0131lamamas\u0131 \u00fczerine ABD\u2019de grev \u00e7a\u011fr\u0131s\u0131 yapt\u0131. Senaristler daha iyi \u00fccret talep ediyor ve b\u00fcy\u00fck st\u00fcdyolardan, filmlerin ve televizyon \u015fovlar\u0131n\u0131n senaryolar\u0131n\u0131 \u00fcretmek i\u00e7in yazarlar\u0131n, ChatGPT gibi yapay zek\u00e2 sistemleriyle de\u011fi\u015ftirmemelerini istiyor.<\/p>\n<p><img decoding=\"async\" src=\"https:\/\/i01.sozcucdn.com\/wp-content\/uploads\/2023\/05\/09\/severance3.jpg\" alt=\"\" title=\"\"><\/p>\n<p>Asl\u0131nda yazarlar\u0131n grevi Severance\u2019\u0131n ikinci sezonu i\u00e7in yap\u0131lan haz\u0131rl\u0131klarda \u00e7\u0131kan sorunlardan sadece biri. Ge\u00e7en hafta da Severance\u2019\u0131n 2. sezonunun yap\u0131m\u0131nda, yard\u0131mc\u0131 dizi yap\u0131mc\u0131lar\u0131 Dan Erickson ve Mark Friedman aras\u0131ndaki anla\u015fmazl\u0131klar nedeniyle \u00f6nemli gecikmeler ya\u015fand\u0131\u011f\u0131 ortaya \u00e7\u0131km\u0131\u015ft\u0131. Hatta Erickson ve Friedman\u2019\u0131n birbirlerinden nefret etmeye ba\u015flad\u0131klar\u0131 s\u00f6yleniyor.<\/p>\n<p><img decoding=\"async\" src=\"https:\/\/i01.sozcucdn.com\/wp-content\/uploads\/2023\/05\/09\/severance4.jpg\" alt=\"\" title=\"\"><\/p>\n<p>Apple TV+ temsilcileri yorum yapmaktan ka\u00e7\u0131n\u0131rken ge\u00e7ti\u011fimiz g\u00fcnlerde dizi ekibine yak\u0131n bir kaynak, her \u015feyin programa uygun bir \u015fekilde devam etti\u011fini, ikinci sezonun b\u00fct\u00e7esinin birinci sezon ile ayn\u0131 oldu\u011funu s\u00f6yledi. Ayr\u0131ca dizinin yap\u0131mc\u0131lar\u0131 aras\u0131nda yer alan Stiller da \u00e7\u0131kan s\u00f6ylentilere cevap vererek hedeflerinin planlanan yay\u0131n tarihine yeti\u015fmek oldu\u011funu s\u00f6ylemi\u015fti.<\/p>\n<p>Yazarlar\u0131n grevinden tek etkilenen yap\u0131m Severance da de\u011fil. Maya Rudolph\u2019un oynad\u0131\u011f\u0131 komedi dizisi Loot\u2019un da Los Angeles\u2019ta ikinci sezonunun \u00e7ekimlerine ara verildi\u011fi, Netflix\u2019in Stranger Things\u2019inin, HBO Max\u2019in Hacks\u2019inin de prod\u00fcksiyonunun durduruldu\u011fu belirtiliyor.<\/p>\n","protected":false},"excerpt":{"rendered":"<p>Apple TV+ dizisi Severance&#8217;\u0131n ikinci sezonu \u00e2deta y\u0131lan hikayesine d\u00f6nd\u00fc. Dizinin prod\u00fcksiyonu, bu defa da yazarlar\u0131n grevi nedeniyle iptal oldu.<\/p>\n","protected":false},"author":1,"featured_media":87711,"comment_status":"closed","ping_status":"open","sticky":false,"template":"","format":"standard","meta":{"footnotes":""},"categories":[27],"tags":[1064,2373,5557],"class_list":["post-87710","post","type-post","status-publish","format-standard","has-post-thumbnail","hentry","category-kultur-sanat","tag-dizi","tag-yapim","tag-yazar"],"_links":{"self":[{"href":"https:\/\/haberulus.net\/index.php?rest_route=\/wp\/v2\/posts\/87710","targetHints":{"allow":["GET"]}}],"collection":[{"href":"https:\/\/haberulus.net\/index.php?rest_route=\/wp\/v2\/posts"}],"about":[{"href":"https:\/\/haberulus.net\/index.php?rest_route=\/wp\/v2\/types\/post"}],"author":[{"embeddable":true,"href":"https:\/\/haberulus.net\/index.php?rest_route=\/wp\/v2\/users\/1"}],"replies":[{"embeddable":true,"href":"https:\/\/haberulus.net\/index.php?rest_route=%2Fwp%2Fv2%2Fcomments&post=87710"}],"version-history":[{"count":1,"href":"https:\/\/haberulus.net\/index.php?rest_route=\/wp\/v2\/posts\/87710\/revisions"}],"predecessor-version":[{"id":87712,"href":"https:\/\/haberulus.net\/index.php?rest_route=\/wp\/v2\/posts\/87710\/revisions\/87712"}],"wp:featuredmedia":[{"embeddable":true,"href":"https:\/\/haberulus.net\/index.php?rest_route=\/wp\/v2\/media\/87711"}],"wp:attachment":[{"href":"https:\/\/haberulus.net\/index.php?rest_route=%2Fwp%2Fv2%2Fmedia&parent=87710"}],"wp:term":[{"taxonomy":"category","embeddable":true,"href":"https:\/\/haberulus.net\/index.php?rest_route=%2Fwp%2Fv2%2Fcategories&post=87710"},{"taxonomy":"post_tag","embeddable":true,"href":"https:\/\/haberulus.net\/index.php?rest_route=%2Fwp%2Fv2%2Ftags&post=87710"}],"curies":[{"name":"wp","href":"https:\/\/api.w.org\/{rel}","templated":true}]}}