{"id":87821,"date":"2023-05-09T09:53:05","date_gmt":"2023-05-09T09:53:05","guid":{"rendered":"https:\/\/haberulus.net\/?p=87821"},"modified":"2023-05-09T09:53:05","modified_gmt":"2023-05-09T09:53:05","slug":"izmit-korfezinin-turkuaz-renge-burunmesinin-nedeni-belli-oldu","status":"publish","type":"post","link":"https:\/\/haberulus.net\/?p=87821","title":{"rendered":"\u0130zmit K\u00f6rfezi\u2019nin turkuaz renge b\u00fcr\u00fcnmesinin nedeni belli oldu"},"content":{"rendered":"<p>\u00d6nceki y\u0131llarda m\u00fcsilaj ve sanayi at\u0131klar\u0131 nedeniyle \u00e7e\u015fitli renklere b\u00fcr\u00fcnen \u0130zmit K\u00f6rfezi, bu kez turkuaz rengini ald\u0131.<\/p>\n<p>Renk de\u011fi\u015fimi, NASA\u2019n\u0131n uydu g\u00f6r\u00fcnt\u00fclerine de yans\u0131d\u0131.<\/p>\n<p><img decoding=\"async\" src=\"https:\/\/i01.sozcucdn.com\/wp-content\/uploads\/2023\/05\/09\/dha6.1_22966223.jpg\" alt=\"\" title=\"\"><\/p>\n<p>K\u00f6rfezdeki de\u011fi\u015fime ili\u015fkin konu\u015fan Kocaeli \u00dcniversitesi Biyoloji B\u00f6l\u00fcm\u00fc \u00f6\u011fretim \u00fcyesi Prof. Dr. Halim Aytekin Erg\u00fcl, \u201cBu olu\u015fumlar, zaman zaman rastlad\u0131\u011f\u0131m\u0131z, bizi \u00e7ok \u015fa\u015f\u0131rtmayan olu\u015fumlar. Kokolitofor denilen tek h\u00fccreli canl\u0131lar\u0131n say\u0131ca art\u0131\u015f\u0131n\u0131n sonucunda meydana geliyor.\u201d dedi.<\/p>\n<p>B\u00f6lgede daha \u00f6nce bu zamanlarda suyun renginin de\u011fi\u015fti\u011fini s\u00f6yleyen Erg\u00fcl, \u201cB\u00fcy\u00fck \u00f6l\u00e7\u00fcde bu t\u00fcr canl\u0131lar\u0131 besleyen, besleyici element tabir edilen azotlu ve fosforlu bile\u015fiklerin miktar olarak yeterli olmas\u0131 ve \u00fcremelerini desteklemesi durumunda ger\u00e7ekle\u015fen bir durumdur. Ancak b\u00f6lgenin do\u011fal fitoplankton t\u00fcrleri i\u00e7erisinde bu t\u00fcrlerin de oldu\u011funu biliyoruz. Zaman zaman Karadeniz\u2019den ak\u0131nt\u0131lar ile bo\u011fazlardan \u0130stanbul\u2019a, oradan da \u0130zmit K\u00f6rfezi\u2019ne s\u00fcr\u00fcklenebiliyorlar\u201d diye konu\u015ftu.<\/p>\n<p><img decoding=\"async\" src=\"https:\/\/i01.sozcucdn.com\/wp-content\/uploads\/2023\/05\/09\/dha7.1_22966222.jpg\" alt=\"\" title=\"\"><\/p>\n<p><strong>\u201cZAMAN ZAMAN RASTLIYORUZ\u201d<\/strong><\/p>\n<p>Ya\u015fanan s\u00fcrecin do\u011fal oldu\u011funu anlatan Prof. Dr. Erg\u00fcl, \u201c\u00c7ok endi\u015fe edilir ya da \u00e7ok garipsenir bir durum de\u011fil. Zaman zaman rastl\u0131yoruz. Meteorolojik ko\u015fullarda \u00fcremelerini destekleyen r\u00fczgar, su s\u0131cakl\u0131\u011f\u0131 gibi fakt\u00f6rleri uygun hale getirdi\u011finde; bu canl\u0131lar\u0131n say\u0131ca art\u0131\u015flar\u0131, buna ba\u011fl\u0131 olarak da su \u00fczerinde turkuaz renklenmenin g\u00f6r\u00fclmesi do\u011fal kabul edilebilir. Umar\u0131m uzun s\u00fcre devam etmez. Daha \u00f6nceki tecr\u00fcbelerimiz, birka\u00e7 hafta i\u00e7erisinde bu olu\u015fumlar\u0131n kayboldu\u011funu ve say\u0131lar\u0131n\u0131n normale indi\u011fini g\u00f6steriyor. Dolay\u0131s\u0131yla s\u00fcrecin bu \u015fekilde i\u015fleyece\u011fini tahmin ediyoruz\u201d diye konu\u015ftu. (DHA)<\/p>\n","protected":false},"excerpt":{"rendered":"<p>\u0130zmit K\u00f6rfezi&#8217;nin turkuaz renge b\u00fcr\u00fcnmesi endi\u015felere neden oldu. Kocaeli \u00dcniversitesi Biyoloji B\u00f6l\u00fcm\u00fc \u00f6\u011fretim \u00fcyesi Prof. Dr. Halim Aytekin Erg\u00fc, suyun renginin de\u011fi\u015fimininin &#8220;kokolitofor&#8221; oldu\u011funu belirtti.<\/p>\n","protected":false},"author":1,"featured_media":87822,"comment_status":"closed","ping_status":"open","sticky":false,"template":"","format":"standard","meta":{"footnotes":""},"categories":[33],"tags":[289],"class_list":["post-87821","post","type-post","status-publish","format-standard","has-post-thumbnail","hentry","category-yasam","tag-zaman"],"_links":{"self":[{"href":"https:\/\/haberulus.net\/index.php?rest_route=\/wp\/v2\/posts\/87821","targetHints":{"allow":["GET"]}}],"collection":[{"href":"https:\/\/haberulus.net\/index.php?rest_route=\/wp\/v2\/posts"}],"about":[{"href":"https:\/\/haberulus.net\/index.php?rest_route=\/wp\/v2\/types\/post"}],"author":[{"embeddable":true,"href":"https:\/\/haberulus.net\/index.php?rest_route=\/wp\/v2\/users\/1"}],"replies":[{"embeddable":true,"href":"https:\/\/haberulus.net\/index.php?rest_route=%2Fwp%2Fv2%2Fcomments&post=87821"}],"version-history":[{"count":1,"href":"https:\/\/haberulus.net\/index.php?rest_route=\/wp\/v2\/posts\/87821\/revisions"}],"predecessor-version":[{"id":87823,"href":"https:\/\/haberulus.net\/index.php?rest_route=\/wp\/v2\/posts\/87821\/revisions\/87823"}],"wp:featuredmedia":[{"embeddable":true,"href":"https:\/\/haberulus.net\/index.php?rest_route=\/wp\/v2\/media\/87822"}],"wp:attachment":[{"href":"https:\/\/haberulus.net\/index.php?rest_route=%2Fwp%2Fv2%2Fmedia&parent=87821"}],"wp:term":[{"taxonomy":"category","embeddable":true,"href":"https:\/\/haberulus.net\/index.php?rest_route=%2Fwp%2Fv2%2Fcategories&post=87821"},{"taxonomy":"post_tag","embeddable":true,"href":"https:\/\/haberulus.net\/index.php?rest_route=%2Fwp%2Fv2%2Ftags&post=87821"}],"curies":[{"name":"wp","href":"https:\/\/api.w.org\/{rel}","templated":true}]}}