{"id":87917,"date":"2023-05-09T11:51:05","date_gmt":"2023-05-09T11:51:05","guid":{"rendered":"https:\/\/haberulus.net\/?p=87917"},"modified":"2023-05-09T11:51:05","modified_gmt":"2023-05-09T11:51:05","slug":"konteynerlerin-golgesindeki-tarihi-cesmeler","status":"publish","type":"post","link":"https:\/\/haberulus.net\/?p=87917","title":{"rendered":"Konteynerlerin g\u00f6lgesindeki tarihi \u00e7e\u015fmeler"},"content":{"rendered":"<p>\u0130stanbul\u2019da tarihi \u00e7e\u015fmelerden baz\u0131lar\u0131 \u00e7\u00f6pl\u00fc\u011fe d\u00f6nerken, baz\u0131lar\u0131n\u0131n da etraf\u0131 giysi ve \u00e7\u00f6p konteynerleriyle \u00e7evrili durumda. Emin\u00f6n\u00fc\u2019nde Mimar Sinan taraf\u0131ndan yap\u0131lan R\u00fcstem Pa\u015fa Camii\u2019ndeki \u00e7e\u015fme ise esnaf\u0131n, malzeme deposu olarak kullan\u0131l\u0131yor.<\/p>\n<p>\u00dcsk\u00fcdar Do\u011fanc\u0131lar Caddesi ve Y\u00fcksek Sokak\u2019ta bulunan iki tarihi \u00e7e\u015fmenin ise restorasyon sonras\u0131 kitabeleri kald\u0131r\u0131lm\u0131\u015f, hangi d\u00f6neme ait oldu\u011fu ve ismine dair bilgilendirme yaz\u0131s\u0131 as\u0131lmam\u0131\u015f. \u00c7e\u015fmelerin \u00f6n\u00fcnde ise \u00e7\u00f6p konteynerleri bulunuyor.<\/p>\n<p>Y\u00fcksel Sokak\u2019taki \u00e7e\u015fmenin i\u00e7erisine de \u00e7\u00f6pler at\u0131l\u0131rken, Beyo\u011flu\u2019nda bulunan Laleli \u00c7e\u015fmesi\u2019nin su haznesi \u00e7\u00f6p at\u0131ld\u0131\u011f\u0131, ayr\u0131ca bu \u00e7e\u015fmenin \u00f6n\u00fcne trafik uyar\u0131 levhas\u0131 konuldu\u011fu g\u00f6r\u00fcld\u00fc.<\/p>\n<p><img decoding=\"async\" src=\"https:\/\/i01.sozcucdn.com\/wp-content\/uploads\/2023\/05\/09\/resim12_22967911.jpg\" alt=\"\" title=\"\"><\/p>\n<p>\u00dcsk\u00fcdar Do\u011fanc\u0131lar Caddesi\u2019ndeki \u00e7e\u015fmenin \u00f6n\u00fcnde a\u00e7\u0131klamada bulunan Mimar, restorasyon uzman\u0131 ve mimarl\u0131k tarih\u00e7isi Prof. Dr. Zeynep Ahunbay, \u201cBu \u00e7e\u015fmenin eski yay\u0131nlara bakt\u0131\u011f\u0131m\u0131z zaman 17. y\u00fczy\u0131la ait bir kitabesi var. \u015eu anda onar\u0131lm\u0131\u015f ve kitabe yok olmu\u015f. Yani da\u011f\u0131ld\u0131 m\u0131, par\u00e7aland\u0131 m\u0131? Ne oldu bilmiyorum. Kitabede Nali Mehmet Efendi taraf\u0131ndan onar\u0131ld\u0131\u011f\u0131 s\u00f6yleniyor. Yani dolay\u0131s\u0131yla daha \u00f6nceki bir d\u00f6neme ait \u00e7e\u015fme, belki 15-16. y\u00fczy\u0131lda yap\u0131lm\u0131\u015f bir \u00e7e\u015fme. 17. y\u00fczy\u0131lda onar\u0131larak hizmete devam etmi\u015f. K\u00fclt\u00fcr varl\u0131klar\u0131 bizim de\u011fer verdi\u011fimiz binalar. \u00dcsk\u00fcdar tarihi bir semt. \u00c7ok g\u00fczel \u00e7e\u015fmeleri, camileri ve medreseleri var. Bu g\u00fczelli\u011fin devaml\u0131l\u0131\u011f\u0131n\u0131 sokaklarda da tarihi evlerle de g\u00f6rebiliyoruz. Dolay\u0131s\u0131yla bir homojen bak\u0131m, sunum olmas\u0131 gerekiyor. Yani \u00e7\u00f6p konteynerlerini gelip, tarihi bir yap\u0131n\u0131n yan\u0131na koymak yak\u0131\u015f\u0131ks\u0131z bir durum. Onlar\u0131n rahatl\u0131kla g\u00f6r\u00fclmelerini, yap\u0131lar\u0131n o g\u00fczelliklerini alg\u0131lamay\u0131 engelliyor. Dolay\u0131s\u0131yla konteynerlerin daha g\u00f6r\u00fcnmeyen bir yerlerde olmas\u0131 ve insanlar\u0131n tarihi kendi g\u00fczelli\u011fi i\u00e7inde insanlar\u0131n alg\u0131lamas\u0131n\u0131 sa\u011flamak iyi olur\u201d ifadelerini kulland\u0131.<\/p>\n<p><strong>\u201cTAR\u0130H\u0130 DE\u011eERLER\u0130M\u0130Z \u00d6\u011eRET\u0130L\u0130RSE \u0130NSANLAR B\u0130L\u0130N\u00c7LEND\u0130R\u0130LEB\u0130L\u0130R\u201d\u00a0<\/strong><\/p>\n<p>\u00c7e\u015fmelerin ve yap\u0131lar\u0131n yerel y\u00f6netimlerin sorumlulu\u011funda oldu\u011funu hat\u0131rlatan Ahunbay, \u201cSan\u0131r\u0131m \u00dcsk\u00fcdar Belediyesi taraf\u0131ndan restore edilmi\u015f. Bulundu\u011fu alanda bir ye\u015fil alan d\u00fczenlemesi yap\u0131labilir. Dolay\u0131s\u0131yla insanlar\u0131n bir \u015feyler atmas\u0131 da \u00f6nlenmi\u015f olur. Tabii ki \u00dcsk\u00fcdar i\u00e7in birtak\u0131m rehber kitaplar, de\u011ferlerimiz, rotalar, eski su yollar\u0131n\u0131 anlatan birtak\u0131m yay\u0131nlar yap\u0131larak bunlar okullara verilirse, \u00f6\u011frencilere \u00f6\u011fretilirse, tabii ki onlar da daha bilin\u00e7li bakacaklard\u0131r. \u015eehrimize sahip \u00e7\u0131kabilmek i\u00e7in daha \u00e7ok bilgiye ve bilin\u00e7lendirmeye ihtiya\u00e7 var\u201d diye konu\u015ftu.<\/p>\n<p><img decoding=\"async\" src=\"https:\/\/i01.sozcucdn.com\/wp-content\/uploads\/2023\/05\/09\/resim3_22967920.jpg\" alt=\"\" title=\"\"><\/p>\n<p><strong>\u201c\u00c7E\u015eMELER S\u00dcREKL\u0130 B\u0130R BAKIM PROGRAMINA TAB\u0130\u0130 TUTULMALI\u201d\u00a0<\/strong><\/p>\n<p>Yap\u0131n\u0131n arkas\u0131nda \u00e7ok b\u00fcy\u00fck bir aylantus a\u011fac\u0131 oldu\u011funu belirten Ahunbay, \u201cA\u011fa\u00e7 yap\u0131ya hemen biti\u015fik yani dolay\u0131s\u0131yla, zarar verecek durumda. Aylantus yararl\u0131 bir a\u011fa\u00e7 de\u011fil, onu oradan alabilirler. A\u011fac\u0131 kesmeleri uygun olur. \u00c7e\u015fmenin haznesinin kapa\u011f\u0131 \u00e7\u00fcr\u00fcm\u00fc\u015f, \u00fcst taraf\u0131ndan otlar b\u00fcy\u00fcmeye ba\u015flam\u0131\u015f. Yani s\u00fcrekli bir bak\u0131m program\u0131na da tabii tutulursa iyi olur. Ayn\u0131 zamanda maksemin \u00fcst\u00fcnde kitabesi yok. O nas\u0131l yok oldu bilemiyorum ama onun yerine en az\u0131ndan bildi\u011fimiz kitabenin T\u00fcrk\u00e7esi ve rakam olarak da tarihleri yaz\u0131labilir. Bu \u015fekilde \u00e7evredekiler yap\u0131n\u0131n ne oldu\u011funu anlayabilirler. Tarihi yap\u0131lara bariyer konulmas\u0131n\u0131 uygun g\u00f6rm\u00fcyorum. \u0130nsanlar ona yana\u015fabilmeli ama yana\u015f\u0131rken de sayg\u0131l\u0131 olabilmeyi \u00f6\u011frenebilmeli, esas olan odur. Tarihi binalara sevgi ve sayg\u0131yla yakla\u015fmal\u0131y\u0131z\u201d dedi.<\/p>\n<p><img decoding=\"async\" src=\"https:\/\/i01.sozcucdn.com\/wp-content\/uploads\/2023\/05\/09\/resim14_22967909.jpg\" alt=\"\" title=\"\"><\/p>\n<p><strong>\u201cR\u00dcSTEM PA\u015eA CAM\u0130\u0130 DE K\u00d6T\u00dc DURUMDA\u201d\u00a0<\/strong><\/p>\n<p>Tarihi yap\u0131lara kar\u015f\u0131 \u00e7ok dikkatsiz davran\u0131ld\u0131\u011f\u0131n\u0131 vurgulayan Ahunbay, \u201cGe\u00e7enlerde R\u00fcstem Pa\u015fa Camii\u2019ne gitmi\u015ftim. O caminin alt\u0131nda Tahtakale caddesi \u00fczerinde bir \u00e7e\u015fme var ve \u00e7e\u015fmenin i\u00e7ine e\u015fyalar konulmu\u015f. Yani geli\u015fig\u00fczel bir durumdayd\u0131. Halbuki \u00e7ok \u00f6nemli bir yer. Cami de \u00e7e\u015fme de \u00f6nemli. Bu t\u00fcr m\u00fcdahalelerden esnaf\u0131n, \u00f6zellikle ka\u00e7\u0131nmas\u0131 ve korumas\u0131 gerekiyor. \u00c7\u00fcnk\u00fc onlar o soka\u011f\u0131n m\u00fcdavimleri ve sorumlu ki\u015fileri. Di\u011fer bir \u00e7e\u015fme de Raimondo D\u2019Aronco taraf\u0131ndan yap\u0131lm\u0131\u015f. Bu \u00e7e\u015fme Art Nouveau \u00fcslubuyla yap\u0131lm\u0131\u015f g\u00fczel bir \u00e7e\u015fme. O da Galata\u2019da onun da yan\u0131ndaki d\u00fckkanlardan da \u00e7e\u015fmenin \u00a0su haznesine \u00e7\u00f6p konuldu\u011funu g\u00f6rd\u00fcm. Oralarda da esnaf\u0131n bu konuda bilin\u00e7lenmesi iyi olur\u201d \u015feklinde konu\u015ftu.<\/p>\n<p><img decoding=\"async\" src=\"https:\/\/i01.sozcucdn.com\/wp-content\/uploads\/2023\/05\/09\/resim9_22967914.jpg\" alt=\"\" title=\"\"><\/p>\n<p><strong>\u201cRESTORASYONLARA \u00c7OK B\u00dcY\u00dcK PARA VER\u0130YORUZ AMA TAR\u0130H\u0130 YAPILARI KORUYAMIYORUZ\u201d\u00a0<\/strong><\/p>\n<p>\u00dcsk\u00fcdar\u2019da Mahalle sakinlerinden Emine Berendi, \u201cHo\u015f g\u00f6r\u00fcnm\u00fcyor tabii ki, konteynerler kald\u0131r\u0131lsa iyi olur. Bunun gibi bir\u00e7ok yap\u0131 var bu semtte. \u0130\u00e7inde de \u00e7\u00f6p var. Bak\u0131m yap\u0131lsa, temizlense, g\u00fczel olur. Sonu\u00e7ta buralarda \u00e7ocuklar oynuyor, \u00fczerine \u00e7\u0131k\u0131yorlar. K\u00f6t\u00fc g\u00f6r\u00fcn\u00fcyor\u201d dedi.<\/p>\n<p>\u00c7evre sakini Ayhan Erta\u015f da, \u201c\u00c7\u00f6p konteynerleri \u00f6nceden d\u0131\u015fardayd\u0131 sonra i\u00e7 alana ald\u0131lar b\u00f6yle. Sa\u011fl\u0131kl\u0131 ve d\u00fczenli \u015fekilde bo\u015falt\u0131lmad\u0131\u011f\u0131 i\u00e7in y\u0131\u011f\u0131lmalar oluyor. Yap\u0131ya zarar veriyor ve g\u00f6r\u00fcnt\u00fc olarak da hi\u00e7 ho\u015f g\u00f6r\u00fcnm\u00fcyor. Restorasyonlara \u00e7ok b\u00fcy\u00fck bir para veriyoruz ama tarihi yap\u0131y\u0131 koruyam\u0131yoruz. Belediye neden b\u00f6yle bir durumda hassas davranm\u0131yor, vatanda\u015f olarak \u015fikayet ediyoruz tabii\u201d ifadelerini kulland\u0131.<\/p>\n<p><img decoding=\"async\" src=\"https:\/\/i01.sozcucdn.com\/wp-content\/uploads\/2023\/05\/09\/resim1_22967905.jpg\" alt=\"\" title=\"\"><\/p>\n<p><strong>BELED\u0130YELERDEN YAZILI A\u00c7IKLAMA\u00a0<\/strong><\/p>\n<p>Tarihi eserlerin yan\u0131na \u00e7\u00f6p konulmas\u0131n\u0131n \u00e7ok yanl\u0131\u015f oldu\u011funu belirten Kemal \u00d6zbey ise, \u201cTarihi eseri korumak gerekiyor. Bilgilendirme tabelas\u0131 da as\u0131lmal\u0131, hangi y\u0131la ait hi\u00e7bir bilgimiz yok. Tarihi bir yap\u0131 oldu\u011funu biliyoruz ama ne oldu\u011funu bilmiyoruz. \u00c7\u00f6plerin konulmas\u0131 yanl\u0131\u015f ba\u015fka bir yere konulabilir. Bir \u00f6nlem al\u0131nmal\u0131 yoksa zamanla y\u0131prana y\u0131prana y\u0131k\u0131labilir. Yandan yap\u0131n\u0131n i\u00e7erisine bakt\u0131\u011f\u0131n\u0131zda \u00e7\u00f6pl\u00fck gibi olmu\u015f yap\u0131\u201d diye konu\u015ftu.<\/p>\n<p>Di\u011fer yandan, tarihi su maksemlerinin bulundu\u011fu il\u00e7elerin belediyelerinden yaz\u0131l\u0131 a\u00e7\u0131klama yap\u0131ld\u0131.<\/p>\n<p>\u00dcsk\u00fcdar Belediyesi\u2019nden yap\u0131lan yaz\u0131l\u0131 a\u00e7\u0131klamada, k\u0131sa vadede tarihi yap\u0131lar\u0131n \u00e7evresindeki konteynerlerin kald\u0131r\u0131laca\u011f\u0131, uzun vadede ise bak\u0131m ve onar\u0131m\u0131n\u0131n yap\u0131laca\u011f\u0131 belirtildi.<\/p>\n<p>Fatih Belediyesi\u2019nden yap\u0131lan a\u00e7\u0131klamada, \u00e7e\u015fmeyi malzeme deposu olarak kullanarak, \u00e7\u00f6p atan esnafa tebligat yolland\u0131\u011f\u0131, b\u00f6lgeye temizlik ve zab\u0131ta ekipleri g\u00f6nderilerek, \u00e7e\u015fmenin temizlendi\u011fi aktar\u0131ld\u0131.<\/p>\n<p>Beyo\u011flu Belediyesi ise \u00e7evredekilere uyar\u0131da bulunarak tarihi yap\u0131lar\u0131n bulundu\u011fu noktalara bilgilendirme levhalar\u0131 as\u0131laca\u011f\u0131n\u0131 a\u00e7\u0131klad\u0131.<strong> (DHA)<\/strong><\/p>\n","protected":false},"excerpt":{"rendered":"<p>\u0130stanbul&#8217;da bir\u00e7ok tarihi \u00e7e\u015fme, i\u00e7ler ac\u0131s\u0131 halde. Baz\u0131lar\u0131 adeta \u00e7\u00f6pl\u00fc\u011fe d\u00f6nerken, baz\u0131lar\u0131 etraf\u0131na konulan giysi ve \u00e7\u00f6p konteynerleriyle \u00e7evrilmi\u015f. Baz\u0131 tarihi \u00e7e\u015fmeleri ise esnaf, malzeme deposu olarak kullan\u0131yor.<\/p>\n","protected":false},"author":1,"featured_media":87918,"comment_status":"closed","ping_status":"open","sticky":false,"template":"","format":"standard","meta":{"footnotes":""},"categories":[27],"tags":[417,1893,1647,191,669],"class_list":["post-87917","post","type-post","status-publish","format-standard","has-post-thumbnail","hentry","category-kultur-sanat","tag-belediye","tag-cesme","tag-cop","tag-tarihi","tag-yapi"],"_links":{"self":[{"href":"https:\/\/haberulus.net\/index.php?rest_route=\/wp\/v2\/posts\/87917","targetHints":{"allow":["GET"]}}],"collection":[{"href":"https:\/\/haberulus.net\/index.php?rest_route=\/wp\/v2\/posts"}],"about":[{"href":"https:\/\/haberulus.net\/index.php?rest_route=\/wp\/v2\/types\/post"}],"author":[{"embeddable":true,"href":"https:\/\/haberulus.net\/index.php?rest_route=\/wp\/v2\/users\/1"}],"replies":[{"embeddable":true,"href":"https:\/\/haberulus.net\/index.php?rest_route=%2Fwp%2Fv2%2Fcomments&post=87917"}],"version-history":[{"count":1,"href":"https:\/\/haberulus.net\/index.php?rest_route=\/wp\/v2\/posts\/87917\/revisions"}],"predecessor-version":[{"id":87919,"href":"https:\/\/haberulus.net\/index.php?rest_route=\/wp\/v2\/posts\/87917\/revisions\/87919"}],"wp:featuredmedia":[{"embeddable":true,"href":"https:\/\/haberulus.net\/index.php?rest_route=\/wp\/v2\/media\/87918"}],"wp:attachment":[{"href":"https:\/\/haberulus.net\/index.php?rest_route=%2Fwp%2Fv2%2Fmedia&parent=87917"}],"wp:term":[{"taxonomy":"category","embeddable":true,"href":"https:\/\/haberulus.net\/index.php?rest_route=%2Fwp%2Fv2%2Fcategories&post=87917"},{"taxonomy":"post_tag","embeddable":true,"href":"https:\/\/haberulus.net\/index.php?rest_route=%2Fwp%2Fv2%2Ftags&post=87917"}],"curies":[{"name":"wp","href":"https:\/\/api.w.org\/{rel}","templated":true}]}}