{"id":88337,"date":"2023-05-10T07:37:02","date_gmt":"2023-05-10T07:37:02","guid":{"rendered":"https:\/\/haberulus.net\/?p=88337"},"modified":"2023-05-10T07:37:02","modified_gmt":"2023-05-10T07:37:02","slug":"issizlik-rakamlari-aciklandi-5","status":"publish","type":"post","link":"https:\/\/haberulus.net\/?p=88337","title":{"rendered":"\u0130\u015fsizlik rakamlar\u0131 a\u00e7\u0131kland\u0131"},"content":{"rendered":"<p>T\u00fcrkiye \u0130statistik Kurumu (T\u00dc\u0130K) Mart 2023 d\u00f6nemine ait i\u015fg\u00fcc\u00fc istatistiklerini a\u00e7\u0131klad\u0131.<\/p>\n<p>Hanehalk\u0131 \u0130\u015fg\u00fcc\u00fc Ara\u015ft\u0131rmas\u0131 sonu\u00e7lar\u0131na g\u00f6re; 15 ve daha yukar\u0131 ya\u015ftaki ki\u015filerde i\u015fsiz say\u0131s\u0131 2023 y\u0131l\u0131 Mart ay\u0131nda bir \u00f6nceki aya g\u00f6re 4 bin ki\u015fi artarak 3 milyon 508 bin ki\u015fi oldu.<\/p>\n<p>\u0130\u015fsizlik oran\u0131 ise de\u011fi\u015fim g\u00f6stermeyerek y\u00fczde 10 seviyesinde ger\u00e7ekle\u015fti. \u0130\u015fsizlik oran\u0131 erkeklerde y\u00fczde 8,1 iken kad\u0131nlarda y\u00fczde 13,8 olarak tahmin edildi.<\/p>\n<p><b>\u0130ST\u0130HDAM ORANI Y\u00dcZDE 48,2<\/b><\/p>\n<p>\u0130stihdam edilenlerin say\u0131s\u0131 martta bir \u00f6nceki aya g\u00f6re 37 bin ki\u015fi artarak 31 milyon 462 bin ki\u015fi, istihdam oran\u0131 ise de\u011fi\u015fim g\u00f6stermeyerek y\u00fczde 48,2 oldu. Bu oran erkeklerde y\u00fczde 66,0 iken kad\u0131nlarda y\u00fczde 30,7 olarak ger\u00e7ekle\u015fti.<\/p>\n<p>\u0130\u015fg\u00fcc\u00fc 2023 mart ay\u0131nda bir \u00f6nceki aya g\u00f6re 41 bin ki\u015fi artarak 34 milyon 970 bin ki\u015fi, i\u015fg\u00fcc\u00fcne kat\u0131lma oran\u0131 ise de\u011fi\u015fim g\u00f6stermeyerek y\u00fczde 53,6 olarak ger\u00e7ekle\u015fti. \u0130\u015fg\u00fcc\u00fcne kat\u0131lma oran\u0131 erkeklerde y\u00fczde 71,9 iken kad\u0131nlarda y\u00fczde 35,7 oldu.<\/p>\n<p><b>GEN\u00c7 \u0130\u015eS\u0130ZL\u0130\u011e\u0130 ARTTI<\/b><\/p>\n<p>15-24 ya\u015f grubunu kapsayan gen\u00e7 n\u00fcfusta i\u015fsizlik oran\u0131 bir \u00f6nceki aya g\u00f6re 0,7 puanl\u0131k art\u0131\u015f ile y\u00fczde 20,1 oldu. Bu ya\u015f grubunda i\u015fsizlik oran\u0131; erkeklerde y\u00fczde 15,2, kad\u0131nlarda ise y\u00fczde 28,9 olarak tahmin edildi.<\/p>\n<p>\u0130stihdam edilenlerden referans d\u00f6neminde i\u015fba\u015f\u0131nda olanlar\u0131n, mevsim ve takvim etkilerinden ar\u0131nd\u0131r\u0131lm\u0131\u015f haftal\u0131k ortalama fiili \u00e7al\u0131\u015fma s\u00fcresi martta bir \u00f6nceki aya g\u00f6re 0,2 saat azalarak 44,5 saat olarak ger\u00e7ekle\u015fti.<\/p>\n<p><b>GEN\u0130\u015e TANIMLI \u0130\u015eS\u0130ZL\u0130K Y\u00dcZDE 21,8<\/b><\/p>\n<p>Zamana ba\u011fl\u0131 eksik istihdam, potansiyel i\u015fg\u00fcc\u00fc ve i\u015fsizlerden olu\u015fan at\u0131l i\u015fg\u00fcc\u00fc oran\u0131 (geni\u015f tan\u0131ml\u0131 i\u015fsizlik) martta bir \u00f6nceki aya g\u00f6re 1,6 puanl\u0131k azal\u0131\u015f ile y\u00fczde 21,8 oldu.<\/p>\n<p>Zamana ba\u011fl\u0131 eksik istihdam ve i\u015fsizlerin b\u00fct\u00fcnle\u015fik oran\u0131 y\u00fczde 15,1 iken i\u015fsiz ve potansiyel i\u015fg\u00fcc\u00fcn\u00fcn b\u00fct\u00fcnle\u015fik oran\u0131 y\u00fczde 17,2 olarak tahmin edildi.<\/p>\n","protected":false},"excerpt":{"rendered":"<p>T\u00dc\u0130K&#8217;e g\u00f6re mart ay\u0131nda dar tan\u0131ml\u0131 i\u015fsiz say\u0131s\u0131 bir \u00f6nceki aya g\u00f6re 4 bin ki\u015fi artarak 3 milyon 508 bin ki\u015fi oldu. Dar tan\u0131ml\u0131 i\u015fsizlik oran\u0131 de\u011fi\u015fim g\u00f6stermeyerek y\u00fczde 10 seviyesinde ger\u00e7ekle\u015fti. Geni\u015f tan\u0131ml\u0131 i\u015fsizlik 1,6 puanl\u0131k azal\u0131\u015f ile y\u00fczde 21,8 oldu.<\/p>\n","protected":false},"author":1,"featured_media":88338,"comment_status":"closed","ping_status":"open","sticky":false,"template":"","format":"standard","meta":{"footnotes":""},"categories":[25],"tags":[2257,2258,2256,2259,1478],"class_list":["post-88337","post","type-post","status-publish","format-standard","has-post-thumbnail","hentry","category-ekonomi","tag-bin-kisi","tag-isgucu","tag-issiz","tag-istihdam","tag-mart"],"_links":{"self":[{"href":"https:\/\/haberulus.net\/index.php?rest_route=\/wp\/v2\/posts\/88337","targetHints":{"allow":["GET"]}}],"collection":[{"href":"https:\/\/haberulus.net\/index.php?rest_route=\/wp\/v2\/posts"}],"about":[{"href":"https:\/\/haberulus.net\/index.php?rest_route=\/wp\/v2\/types\/post"}],"author":[{"embeddable":true,"href":"https:\/\/haberulus.net\/index.php?rest_route=\/wp\/v2\/users\/1"}],"replies":[{"embeddable":true,"href":"https:\/\/haberulus.net\/index.php?rest_route=%2Fwp%2Fv2%2Fcomments&post=88337"}],"version-history":[{"count":1,"href":"https:\/\/haberulus.net\/index.php?rest_route=\/wp\/v2\/posts\/88337\/revisions"}],"predecessor-version":[{"id":88339,"href":"https:\/\/haberulus.net\/index.php?rest_route=\/wp\/v2\/posts\/88337\/revisions\/88339"}],"wp:featuredmedia":[{"embeddable":true,"href":"https:\/\/haberulus.net\/index.php?rest_route=\/wp\/v2\/media\/88338"}],"wp:attachment":[{"href":"https:\/\/haberulus.net\/index.php?rest_route=%2Fwp%2Fv2%2Fmedia&parent=88337"}],"wp:term":[{"taxonomy":"category","embeddable":true,"href":"https:\/\/haberulus.net\/index.php?rest_route=%2Fwp%2Fv2%2Fcategories&post=88337"},{"taxonomy":"post_tag","embeddable":true,"href":"https:\/\/haberulus.net\/index.php?rest_route=%2Fwp%2Fv2%2Ftags&post=88337"}],"curies":[{"name":"wp","href":"https:\/\/api.w.org\/{rel}","templated":true}]}}