{"id":88407,"date":"2023-05-10T08:51:05","date_gmt":"2023-05-10T08:51:05","guid":{"rendered":"https:\/\/haberulus.net\/?p=88407"},"modified":"2023-05-10T08:51:05","modified_gmt":"2023-05-10T08:51:05","slug":"doktoru-bicaklayan-sanigin-indirimsiz-cezasini-onandi","status":"publish","type":"post","link":"https:\/\/haberulus.net\/?p=88407","title":{"rendered":"Doktoru b\u0131\u00e7aklayan san\u0131\u011f\u0131n indirimsiz cezas\u0131n\u0131 onand\u0131"},"content":{"rendered":"<p>Asistan Dr. Ertan \u0130skender, g\u00f6rev yapt\u0131\u011f\u0131 Ankara E\u011fitim ve Ara\u015ft\u0131rma Hastanesi Poliklinik B\u00f6l\u00fcm\u00fc\u2019nde 27 May\u0131s 2021\u2019de daha \u00f6nce ameliyat\u0131n\u0131 yapt\u0131\u011f\u0131 hastas\u0131 Bayram Narg\u00fcneri\u2019n b\u0131\u00e7akl\u0131 sald\u0131r\u0131s\u0131na u\u011frad\u0131.<\/p>\n<p>Narg\u00fcner, odada tart\u0131\u015ft\u0131ktan sonra d\u0131\u015far\u0131 \u00e7\u0131kan Ertan \u0130skender\u2019i koridorda takip edip, arkas\u0131ndan yakla\u015farak, s\u0131rt\u0131n\u0131n sa\u011f k\u0131sm\u0131 ve sa\u011f elinden b\u0131\u00e7aklad\u0131. Yaralanan \u0130skender, ameliyat edildi ve yakla\u015f\u0131k 1 hafta s\u00fcren tedavisinin ard\u0131ndan hastaneden taburcu oldu. Dr. \u0130skender, hastanedeki g\u00f6revinden istifa etti.<\/p>\n<div> <\/div>\n<p>\u00a0<\/p>\n<p>Olay\u0131n ard\u0131ndan hastane g\u00fcvenli\u011fi taraf\u0131ndan etkisiz hale getirilerek g\u00f6zalt\u0131na al\u0131nan Bayram Narg\u00fcner, N\u00f6bet\u00e7i Sulh Ceza Hakimli\u011fi\u2019nce tutukland\u0131. Narg\u00fcner hakk\u0131nda \u2018ki\u015finin yerine getirdi\u011fi kamu g\u00f6revi nedeniyle kasten \u00f6ld\u00fcrmeye te\u015febb\u00fcs\u2019 ve \u2018hakaret\u2019 su\u00e7lar\u0131ndan 22 y\u0131la kadar hapis istemiyle dava a\u00e7\u0131ld\u0131.<\/p>\n<div><img decoding=\"async\" src=\"https:\/\/i01.sozcucdn.com\/wp-content\/uploads\/2023\/05\/10\/resim1_22973823.jpg\" alt=\"\" title=\"\"><\/p>\n<p>Dr. Ertan \u0130skender, olay\u0131n ard\u0131ndan hastanedeki g\u00f6revinden istifa etti.<\/p>\n<\/div>\n<p><strong>\u201c\u0130ND\u0130R\u0130M UYGULANMADI\u201d<\/strong><\/p>\n<p>Ankara 31\u2019inci A\u011f\u0131r Ceza Mahkemesi\u2019nde 21 Ocak 2022\u2019de g\u00f6r\u00fclen duru\u015fmada, mahkeme heyeti, pi\u015fman oldu\u011funu s\u00f6yleyen san\u0131k Bayram Narg\u00fcner\u2019i \u2018ki\u015fiyi yerine getirdi\u011fi kamu g\u00f6revi nedeniyle kasten \u00f6ld\u00fcrmeye te\u015febb\u00fcs\u2019 su\u00e7undan 15 y\u0131l, \u2018kamu g\u00f6revlisine hakaret\u2019 su\u00e7undan da 1 y\u0131l 2 ay olmak \u00fczere toplam 16 y\u0131l 2 ay hapis cezas\u0131 verdi. Cezada takdir indirimi uygulanmad\u0131.<\/p>\n<p>Bu karar\u0131n ard\u0131ndan Sa\u011fl\u0131k Bakan\u0131 Fahrettin Koca sosyal medyadan yapt\u0131\u011f\u0131 a\u00e7\u0131klamada, \u201cAnkara E\u011fitim ve Ara\u015ft\u0131rma Hastanesi\u2019nde g\u00f6revli bir asistan hekimi b\u0131\u00e7akla yaralayan san\u0131k Bayram N. 16 y\u0131l 2 ay hapis cezas\u0131na \u00e7arpt\u0131r\u0131lm\u0131\u015ft\u0131r. Bu karar\u0131n, sa\u011fl\u0131kta \u015fiddet su\u00e7unu hafife alan ve su\u00e7a e\u011filimi olan ki\u015filerce asla unutulmamas\u0131 gereken bir karar oldu\u011funa inan\u0131yoruz\u201d ifadelerini kulland\u0131.<\/p>\n<p><strong>\u201cKARARLARDA HUKUKA AYKIRILIK YOK\u201d<\/strong><\/p>\n<p>Yerel mahkemenin karar\u0131n\u0131n ard\u0131ndan san\u0131k Narg\u00fcner\u2019in avukat\u0131 dosyay\u0131 istinaf mahkemesine ta\u015f\u0131d\u0131. Ankara B\u00f6lge Adliye Mahkemesi 2\u2019nci Ceza Dairesi san\u0131\u011f\u0131n istinaf talebini esastan reddetti.<\/p>\n<p>Bunun \u00fczerine san\u0131k Bayram Narg\u00fcner\u2019in avukat\u0131, dosyay\u0131 bu kez de Yarg\u0131tay\u2019a ta\u015f\u0131d\u0131. \u0130tiraz \u00fczerine Yarg\u0131tay 1\u2019inci Ceza Dairesi dosyay\u0131 g\u00f6r\u00fc\u015ft\u00fc.<\/p>\n<p>Daire, ma\u011fdurdan san\u0131\u011fa y\u00f6nelen haks\u0131z s\u00f6z veya davran\u0131\u015f i\u00e7eren bir fiil bulunmad\u0131\u011f\u0131ndan haks\u0131z tahrik indirimi uygulanmamas\u0131nda isabetsizlik g\u00f6r\u00fclmedi\u011fini ve bu nedenle de h\u00fck\u00fcmde hukuka ayk\u0131r\u0131l\u0131k bulunmad\u0131\u011f\u0131na karar verdi.<\/p>\n<p>San\u0131\u011f\u0131n ge\u00e7mi\u015fte sab\u0131kal\u0131 olmas\u0131 nedeniyle indirim uygulanmam\u0131\u015f olmas\u0131 karar\u0131n\u0131 da do\u011fru bulan Yarg\u0131tay 1\u2019inci Ceza Dairesi, \u0130skender\u2019in v\u00fccudunda meydana gelen yaralanmalar\u0131n yeri, nitelikleri ve nicelikleri ile san\u0131\u011f\u0131n eyleme son verme \u015fekli dikkate al\u0131nd\u0131\u011f\u0131nda san\u0131k Narg\u00fcner\u2019in kast\u0131n\u0131n \u00f6ld\u00fcrmeye y\u00f6nelik oldu\u011fu, hakaret su\u00e7u y\u00f6n\u00fcnden eylemin aleni olarak i\u015flendi\u011finin anla\u015f\u0131ld\u0131\u011f\u0131na da vurgu yapt\u0131.<\/p>\n<p>Bu nedenlerden 1\u2019inci Ceza Dairesi, kararlarda hukuka ayk\u0131r\u0131l\u0131k g\u00f6r\u00fcnmedi\u011fine h\u00fckmederek, itiraz\u0131 reddedip, karar\u0131 onad\u0131. (DHA)<\/p>\n","protected":false},"excerpt":{"rendered":"<p>Ankara Asistan Doktor Ertan \u0130skender&#8217;i b\u0131\u00e7aklayan ve &#8216;ki\u015fiyi yerine getirdi\u011fi kamu g\u00f6revi nedeniyle kasten \u00f6ld\u00fcrmeye te\u015febb\u00fcs&#8217; ve &#8216;hakaret&#8217; su\u00e7lar\u0131ndan indirimsiz olarak 16 y\u0131l 2 ay hapis cezas\u0131na \u00e7arpt\u0131r\u0131lan Bayram Narg\u00fcner&#8217;in cezas\u0131 Yarg\u0131tay&#8217;da onand\u0131.<\/p>\n","protected":false},"author":1,"featured_media":88408,"comment_status":"closed","ping_status":"open","sticky":false,"template":"","format":"standard","meta":{"footnotes":""},"categories":[30],"tags":[171,267,1003,580,719],"class_list":["post-88407","post","type-post","status-publish","format-standard","has-post-thumbnail","hentry","category-saglik","tag-ceza","tag-gorev","tag-hastane","tag-karar","tag-sanik"],"_links":{"self":[{"href":"https:\/\/haberulus.net\/index.php?rest_route=\/wp\/v2\/posts\/88407","targetHints":{"allow":["GET"]}}],"collection":[{"href":"https:\/\/haberulus.net\/index.php?rest_route=\/wp\/v2\/posts"}],"about":[{"href":"https:\/\/haberulus.net\/index.php?rest_route=\/wp\/v2\/types\/post"}],"author":[{"embeddable":true,"href":"https:\/\/haberulus.net\/index.php?rest_route=\/wp\/v2\/users\/1"}],"replies":[{"embeddable":true,"href":"https:\/\/haberulus.net\/index.php?rest_route=%2Fwp%2Fv2%2Fcomments&post=88407"}],"version-history":[{"count":1,"href":"https:\/\/haberulus.net\/index.php?rest_route=\/wp\/v2\/posts\/88407\/revisions"}],"predecessor-version":[{"id":88409,"href":"https:\/\/haberulus.net\/index.php?rest_route=\/wp\/v2\/posts\/88407\/revisions\/88409"}],"wp:featuredmedia":[{"embeddable":true,"href":"https:\/\/haberulus.net\/index.php?rest_route=\/wp\/v2\/media\/88408"}],"wp:attachment":[{"href":"https:\/\/haberulus.net\/index.php?rest_route=%2Fwp%2Fv2%2Fmedia&parent=88407"}],"wp:term":[{"taxonomy":"category","embeddable":true,"href":"https:\/\/haberulus.net\/index.php?rest_route=%2Fwp%2Fv2%2Fcategories&post=88407"},{"taxonomy":"post_tag","embeddable":true,"href":"https:\/\/haberulus.net\/index.php?rest_route=%2Fwp%2Fv2%2Ftags&post=88407"}],"curies":[{"name":"wp","href":"https:\/\/api.w.org\/{rel}","templated":true}]}}