{"id":88469,"date":"2023-05-10T09:53:07","date_gmt":"2023-05-10T09:53:07","guid":{"rendered":"https:\/\/haberulus.net\/?p=88469"},"modified":"2023-05-10T09:53:07","modified_gmt":"2023-05-10T09:53:07","slug":"sergio-aguerodan-pep-guardiolaya-julian-alvarez-elestirisi","status":"publish","type":"post","link":"https:\/\/haberulus.net\/?p=88469","title":{"rendered":"Sergio Aguero\u2019dan, Pep Guardiola\u2019ya Julian Alvarez ele\u015ftirisi"},"content":{"rendered":"<p>Pep Guardiola\u2019n\u0131n taktikleri, Manchester City\u2019nin nefes kesen \u015eampiyonlar Ligi ma\u00e7\u0131nda Real Madrid\u2019e kar\u015f\u0131 ele\u015ftirilere maruz kald\u0131.<\/p>\n<p>\u0130lk yar\u0131 final ma\u00e7\u0131n\u0131n ard\u0131ndan durum 1-1, City\u2019nin kendine g\u00fcvenli ba\u015flang\u0131c\u0131, 36. dakikada Vinicius Jnr\u2019\u0131n 25 metre mesafeden harika bir golle topu \u00fcst k\u00f6\u015feye g\u00f6ndermesiyle bozuldu. Ancak ikinci yar\u0131n\u0131n ortas\u0131nda, Kevin de Bruyne\u2019nin e\u015fitli\u011fi sa\u011flayan muhte\u015fem bir gol\u00fcyle skora denge geldi ve \u00f6n\u00fcm\u00fczdeki \u00e7ar\u015famba g\u00fcn\u00fc Etihad\u2019daki ikinci ma\u00e7a her \u015feye e\u015fit \u015fekilde ba\u015flanacak.<\/p>\n<p>Ancak ma\u00e7\u0131n yo\u011funlu\u011funa ve temposuna ra\u011fmen, Guardiola 90 dakika boyunca herhangi bir de\u011fi\u015fiklik yapmay\u0131 tercih etmedi. Guardiola\u2019n\u0131n ba\u015fka bir h\u00fccum oyuncusunu kullanmamas\u0131, eski City oyuncusu Sergio Aguero taraf\u0131ndan sorguland\u0131. Son ma\u00e7larda giderek etkili olmas\u0131na ra\u011fmen, D\u00fcnya Kupas\u0131 zaferi bulunan Julian Alvarez i\u00e7in d\u00fcn gece hi\u00e7bir rol olmad\u0131.<\/p>\n<div><img decoding=\"async\" src=\"https:\/\/i01.sozcucdn.com\/wp-content\/uploads\/2023\/05\/10\/aguero-345456.jpg\" alt=\"\" title=\"\"><\/p>\n<p>Sergio Aguero. Foto\u011fraf: DepoPhotos.<\/p>\n<\/div>\n<p><b>\u201cEL\u0130MDE OLSA HER MA\u00c7 OYNATIRIM\u201d<\/b><\/p>\n<p>Ma\u00e7tan sonra bir podcast kanal\u0131na konu\u015fan Aguero, \u201cAnlamad\u0131\u011f\u0131m \u015fey, neden Julian\u2019\u0131 sahaya sokmad\u0131? Merak ediyorum ama neyse ki Pep var. E\u011fer benim elimde olsayd\u0131, Julian\u2019\u0131 neredeyse her ma\u00e7ta oynat\u0131rd\u0131m, \u00e7\u00fcnk\u00fc aktif olmas\u0131na ve onun bir k\u0131v\u0131lc\u0131m yakalamas\u0131na ihtiyac\u0131m\u0131z var.\u201d ifadelerini kulland\u0131.<\/p>\n<p>Erling Haaland\u2019\u0131n formu nedeniyle s\u0131n\u0131rl\u0131 bir rolle s\u0131n\u0131rl\u0131 kalan Alvarez, bu sezon City i\u00e7in t\u00fcm m\u00fcsabakalarda 15 kez gol att\u0131. Ge\u00e7en ay Fulham\u2019a att\u0131\u011f\u0131 galibiyet gol\u00fc, Guardiola\u2019n\u0131n ekibinin tarihi bir \u00fc\u00e7l\u00fc \u015fampiyonluk kazanma hedefinde kilit bir rol oynayabilir.<\/p>\n<div><img decoding=\"async\" src=\"https:\/\/i01.sozcucdn.com\/wp-content\/uploads\/2023\/05\/10\/julian-alvarez-3456.jpg\" alt=\"\" title=\"\"><\/p>\n<p>Julian Alvarez. Foto\u011fraf: DepoPhotos.<\/p>\n<\/div>\n<p><b>GUARDIOLA: ZOR B\u0130R MA\u00c7TI<\/b><\/p>\n<p>\u0130spanyol teknik direkt\u00f6r, tak\u0131m\u0131n\u0131n ikinci ma\u00e7\u0131na \u00fc\u00e7 g\u00fcn kala Everton\u2019a yapacaklar\u0131 seyahatte ba\u015flang\u0131\u00e7 \u200b\u200bon birini neredeyse kesinlikle de\u011fi\u015ftirecektir. Ma\u00e7 analizinde yedek oyuncular\u0131 kullanmama takti\u011fine hi\u00e7 de\u011finmese de, ev sahibi olarak oynayacaklar\u0131 ikinci ma\u00e7\u0131n olas\u0131l\u0131klar\u0131ndan bahsetti.<\/p>\n<p>Guardiola, BT Sport\u2019a \u201cOnlar gol att\u0131\u011f\u0131nda daha iyiydiler, bizim gol att\u0131\u011f\u0131m\u0131zda biz daha iyiydik. Zor bir ma\u00e7t\u0131. Real Madrid ile yar\u0131 final her zaman zordur. \u0130yi anlarda ortaya \u00e7\u0131kt\u0131k, topun \u00fczerinde ve topu kaybettiklerinde kaliteleri nedeniyle zordu. Gelecek \u00e7ar\u015famba finalimiz kendi evimizde.\u201d \u015feklinde konu\u015ftu.<\/p>\n","protected":false},"excerpt":{"rendered":"<p>Manchester City&#8217;nin Real Madrid&#8217;e kar\u015f\u0131 oynad\u0131\u011f\u0131 \u015eampiyonlar Ligi yar\u0131 final ma\u00e7\u0131nda Pep Guardiola&#8217;n\u0131n taktikleri ve oyuncu de\u011fi\u015fikli\u011fi yapmamas\u0131 ele\u015ftirildi.<\/p>\n","protected":false},"author":1,"featured_media":88470,"comment_status":"closed","ping_status":"open","sticky":false,"template":"","format":"standard","meta":{"footnotes":""},"categories":[31],"tags":[323,11778,290],"class_list":["post-88469","post","type-post","status-publish","format-standard","has-post-thumbnail","hentry","category-spor","tag-gol","tag-guardiola","tag-mac"],"_links":{"self":[{"href":"https:\/\/haberulus.net\/index.php?rest_route=\/wp\/v2\/posts\/88469","targetHints":{"allow":["GET"]}}],"collection":[{"href":"https:\/\/haberulus.net\/index.php?rest_route=\/wp\/v2\/posts"}],"about":[{"href":"https:\/\/haberulus.net\/index.php?rest_route=\/wp\/v2\/types\/post"}],"author":[{"embeddable":true,"href":"https:\/\/haberulus.net\/index.php?rest_route=\/wp\/v2\/users\/1"}],"replies":[{"embeddable":true,"href":"https:\/\/haberulus.net\/index.php?rest_route=%2Fwp%2Fv2%2Fcomments&post=88469"}],"version-history":[{"count":1,"href":"https:\/\/haberulus.net\/index.php?rest_route=\/wp\/v2\/posts\/88469\/revisions"}],"predecessor-version":[{"id":88471,"href":"https:\/\/haberulus.net\/index.php?rest_route=\/wp\/v2\/posts\/88469\/revisions\/88471"}],"wp:featuredmedia":[{"embeddable":true,"href":"https:\/\/haberulus.net\/index.php?rest_route=\/wp\/v2\/media\/88470"}],"wp:attachment":[{"href":"https:\/\/haberulus.net\/index.php?rest_route=%2Fwp%2Fv2%2Fmedia&parent=88469"}],"wp:term":[{"taxonomy":"category","embeddable":true,"href":"https:\/\/haberulus.net\/index.php?rest_route=%2Fwp%2Fv2%2Fcategories&post=88469"},{"taxonomy":"post_tag","embeddable":true,"href":"https:\/\/haberulus.net\/index.php?rest_route=%2Fwp%2Fv2%2Ftags&post=88469"}],"curies":[{"name":"wp","href":"https:\/\/api.w.org\/{rel}","templated":true}]}}