{"id":88472,"date":"2023-05-10T10:07:03","date_gmt":"2023-05-10T10:07:03","guid":{"rendered":"https:\/\/haberulus.net\/?p=88472"},"modified":"2023-05-10T10:07:03","modified_gmt":"2023-05-10T10:07:03","slug":"bakanlik-ciller-ailesi-icin-tekrar-devrede","status":"publish","type":"post","link":"https:\/\/haberulus.net\/?p=88472","title":{"rendered":"Bakanl\u0131k \u00c7iller ailesi i\u00e7in tekrar devrede"},"content":{"rendered":"<p>\u00c7evre, \u00a0\u015eehircilik ve \u0130klim De\u011fi\u015fikli\u011fi Bakanl\u0131\u011f\u0131 taraf\u0131ndan 21 May\u0131s 2020\u2019de eski ba\u015fbakanlardan Tansu \u00c7iller&#8217;in o\u011flu Berk U\u00e7uran \u00c7iller&#8217;in y\u00f6netiminde oldu\u011fu s\u0131rada Marsan Marmara Holding A.\u015e.&#8217;ye ait Sar\u0131yer Kilyos&#8217;taki yakla\u015f\u0131k 30 bin metrekarelik arazinin imar\u0131 de\u011fi\u015ftirilmi\u015fti.<\/p>\n<p>Plan de\u011fi\u015fikli\u011fi ile konut alan\u0131, otel yap\u0131lacak \u015fekilde d\u00fczenlendi ve 4 bin 586 metrekarelik in\u015faat alan\u0131 5 misli artt\u0131r\u0131larak 24 bin metrekareye \u00e7\u0131kar\u0131ld\u0131.<\/p>\n<p>Arazinin e\u011fimi nedeniyle 6 katl\u0131 otel dikilmesinin \u00f6n\u00fc a\u00e7\u0131ld\u0131. Arazinin tamam\u0131 3.derece do\u011fal sit alan\u0131 s\u0131n\u0131rlar\u0131 i\u00e7erisinde kal\u0131yor.<\/p>\n<p>Arazi, \u015firketin kredi bor\u00e7lar\u0131na kar\u015f\u0131l\u0131k T\u00fcrkiye Halk Bankas\u0131&#8217;na ipotek ettirilmi\u015fti. Arazi \u00fczerinde 1.8 milyon euroluk ve 100 milyon liral\u0131k ipotek bulunuyor.<\/p>\n<p><img decoding=\"async\" src=\"https:\/\/i01.sozcucdn.com\/wp-content\/uploads\/2023\/05\/10\/6a8d393c-b013-48b7-b1f0-d036a7d8ff12.jpg\" alt=\"\" title=\"\"><\/p>\n<p><strong>MAHKEME \u201cAYRICALIKLI\u201d BULMU\u015eTU<\/strong><\/p>\n<p>Tepki \u00e7eken plan de\u011fi\u015fikli\u011fine \u0130BB Ba\u015fkanl\u0131\u011f\u0131, iptal davas\u0131 a\u00e7m\u0131\u015ft\u0131. \u0130stanbul 5. \u0130dare Mahkemesi, bakanl\u0131\u011f\u0131n planlar\u0131n\u0131 2 Kas\u0131m 2021&#8217;de oybirli\u011fi ile iptal etmi\u015fti.<\/p>\n<p>Kararda, plan de\u011fi\u015fikli\u011fi ile \u00e7evredeki y\u00fckseklik de\u011ferinin \u00e7ok \u00fcst\u00fcnde ve ayr\u0131cal\u0131k olu\u015fturacak \u015fekilde yap\u0131la\u015fma hakk\u0131 verildi\u011fi vurguland\u0131.<\/p>\n<p>Planlar\u0131n kamu yarar\u0131 do\u011frultusunda haz\u0131rlanmad\u0131\u011f\u0131na, parsel sahibinin talebi \u00fczerine tek parsele ayr\u0131cal\u0131k tan\u0131yacak \u015fekilde haz\u0131rland\u0131\u011f\u0131na dikkat \u00e7ekilmi\u015fti.<\/p>\n<p>\u0130ptal karar\u0131ndan k\u0131sa s\u00fcre sonra Berk U\u00e7uran \u00c7iller, \u015firketten ayr\u0131ld\u0131 ancak y\u00f6netimdeki di\u011fer \u00fcyeler aileye yak\u0131n isimler olarak biliniyor.<\/p>\n<p><img decoding=\"async\" src=\"https:\/\/i01.sozcucdn.com\/wp-content\/uploads\/2023\/05\/10\/5d6ef414-34b1-4050-8c47-d010fcf882ed.jpg\" alt=\"\" title=\"\"><\/p>\n<p><strong>YEN\u0130 PLAN ASKIDA<\/strong><\/p>\n<p>Bakanl\u0131k da iptal kararlar\u0131n\u0131n ard\u0131ndan plans\u0131z kalan parseller i\u00e7in 10 May\u0131s 2023 itibariyle yeni plan haz\u0131rlayarak ask\u0131ya \u00e7\u0131kard\u0131.<\/p>\n<p>Plan a\u00e7\u0131klama raporunda fonksiyonlar\u0131n korunup yap\u0131 yo\u011funlu\u011funun d\u00fc\u015f\u00fcr\u00fcld\u00fc\u011f\u00fc belirtildi. Planda sadece toplam net in\u015faat alan\u0131n\u0131 belirleyen KASK oran\u0131 0.80&#8217;den 0.70&#8217;e d\u00fc\u015f\u00fcr\u00fcld\u00fc. Taban alan\u0131 kat say\u0131s\u0131 0.40, y\u00fckseklik 10.50 metre (3 kat) olarak kald\u0131.<\/p>\n<p>22 bin 516 metrekare otel, 4 bin metrekare park, 429 metrekare askeri yasak b\u00f6lge, yakla\u015f\u0131k 3 bin metrekare de yol i\u00e7in ayr\u0131ld\u0131.<\/p>\n<p>Raporda, mahkemenin y\u00fcksek buldu\u011fu yap\u0131la\u015fma ko\u015fullar\u0131n\u0131n plan b\u00fct\u00fcnl\u00fc\u011f\u00fcne uygun oldu\u011fu, parselin konut alan\u0131ndan \u00e7\u0131kar\u0131l\u0131p turizm tesisi al\u0131nmas\u0131yla da n\u00fcfus yo\u011funlu\u011funun d\u00fc\u015f\u00fcr\u00fcld\u00fc\u011f\u00fc belirtildi.<\/p>\n<p>Plan\u0131n hangi kamu yarar\u0131 amac\u0131 do\u011frultusunda de\u011fi\u015ftirildi\u011fine ili\u015fkin a\u00e7\u0131klama da yap\u0131ld\u0131.<\/p>\n<p>Parselin Karadeniz&#8217;e k\u0131y\u0131s\u0131 olmas\u0131 nedeniyle turizm potansiyeline sahip oldu\u011fu, \u0130stanbul Havaliman\u0131 ve Kuzey Marmara Otoyollar\u0131\u2019n\u0131n a\u00e7\u0131lmas\u0131 ile b\u00f6lgeye ula\u015f\u0131m imkan\u0131n\u0131n olu\u015ftu\u011fu bu nedenle \u00fclke ve b\u00f6lge turizmine katk\u0131lar sa\u011flayaca\u011f\u0131 belirtildi.<\/p>\n<p>B\u00f6lgede var olan ancak kullan\u0131lmayan jeotermal enerjinin sa\u011fl\u0131k turizmine de katk\u0131 sa\u011flayaca\u011f\u0131 kaydedildi.<\/p>\n<p><strong>KISIRKAYA&#8217;DAK\u0130 ARAZ\u0130 DE TUR\u0130ZM \u0130MARINA A\u00c7ILMI\u015eTI<\/strong><\/p>\n<p>Bakanl\u0131k ge\u00e7ti\u011fimiz g\u00fcnlerde de Sar\u0131yer \u00a0K\u0131s\u0131rkaya&#8217;da Tansu \u00c7iller&#8217;in de arazisinin bulundu\u011fu 273 bin metrekarelik el de\u011fmemi\u015f araziyi \u0130BB&#8217;yi devre d\u0131\u015f\u0131 b\u0131rak\u0131larak turizm imar\u0131na a\u00e7m\u0131\u015ft\u0131.<\/p>\n<p><strong>\u00c7\u0130LLER \u015e\u0130RKET Y\u00d6NET\u0130M\u0130NDE \u00c7IKTI<\/strong><\/p>\n<p>\u0130TO ve T\u00fcrkiye Ticaret Sicili kay\u0131tlar\u0131na g\u00f6re Marsan Marmara Holding A.\u015e.&#8217;nin y\u00f6netiminden \u00c7iller&#8217;in o\u011flu Berk U\u00e7uran \u00c7iller, 18 Nisan 2022&#8217;de ayr\u0131ld\u0131.<\/p>\n<p>Yerine Duray Kartal Aktepe geldi. Duray Kartal&#8217;\u0131n ad\u0131, baba \u00d6zer \u00c7iller&#8217;in yazd\u0131\u011f\u0131 kitaplarda \u201ckatk\u0131da bulunanlar\u201d aras\u0131nda ge\u00e7iyor.<\/p>\n<p>\u015eu an \u015firketin \u00a0Y\u00f6netim Kurulu Ba\u015fkan\u0131 Do\u011fan Y\u0131lanc\u0131o\u011flu, y\u00f6netim kurulu \u00fcyeleri Duray Kartal Aktepe, Adem Yelken.<\/p>\n<p>Y\u00f6netimdeki Y\u0131lanc\u0131o\u011flu ve Yelken de \u00c7iller ailesine yak\u0131n isimler ve uzun y\u0131llard\u0131r birlikte i\u015f yap\u0131yorlar.<\/p>\n<p>\u015eu an Berk ve Mert \u00c7iller \u015firketin eski y\u00f6netim kurulu \u00fcyeleri aras\u0131nda yer al\u0131yor.<\/p>\n<p>Plan raporunda yer alan noter tasdikli vekaletnamelerde de hala Berk U\u00e7uran \u00c7iller&#8217;in ad\u0131 yer al\u0131yor.<\/p>\n","protected":false},"excerpt":{"rendered":"<p>\u00c7iller ailesinin y\u00f6netimde oldu\u011fu s\u0131rada Marsan Holding\u2019e ait olan Kilyos\u2019ta do\u011fal sit alan\u0131nda kalan 30 d\u00f6n\u00fcml\u00fck araziyi otel imar\u0131na a\u00e7an planlar\u0131n, \u0130BB\u2019nin a\u00e7t\u0131\u011f\u0131 dava sonucu iptal edilmesinin ard\u0131ndan \u00c7evre, \u015eehircilik ve \u0130klim De\u011fi\u015fikli\u011fi Bakanl\u0131\u011f\u0131 tekrar devreye girdi ve yap\u0131la\u015fma ko\u015fullar\u0131nda \u00e7ok k\u00fc\u00e7\u00fck de\u011fi\u015fiklik yap\u0131larak yeni plan haz\u0131rland\u0131.<\/p>\n","protected":false},"author":1,"featured_media":88473,"comment_status":"closed","ping_status":"open","sticky":false,"template":"","format":"standard","meta":{"footnotes":""},"categories":[26],"tags":[1355,2325,791,2091,636],"class_list":["post-88472","post","type-post","status-publish","format-standard","has-post-thumbnail","hentry","category-gundem","tag-arazi","tag-kat","tag-plan","tag-turizm","tag-yonetim"],"_links":{"self":[{"href":"https:\/\/haberulus.net\/index.php?rest_route=\/wp\/v2\/posts\/88472","targetHints":{"allow":["GET"]}}],"collection":[{"href":"https:\/\/haberulus.net\/index.php?rest_route=\/wp\/v2\/posts"}],"about":[{"href":"https:\/\/haberulus.net\/index.php?rest_route=\/wp\/v2\/types\/post"}],"author":[{"embeddable":true,"href":"https:\/\/haberulus.net\/index.php?rest_route=\/wp\/v2\/users\/1"}],"replies":[{"embeddable":true,"href":"https:\/\/haberulus.net\/index.php?rest_route=%2Fwp%2Fv2%2Fcomments&post=88472"}],"version-history":[{"count":1,"href":"https:\/\/haberulus.net\/index.php?rest_route=\/wp\/v2\/posts\/88472\/revisions"}],"predecessor-version":[{"id":88474,"href":"https:\/\/haberulus.net\/index.php?rest_route=\/wp\/v2\/posts\/88472\/revisions\/88474"}],"wp:featuredmedia":[{"embeddable":true,"href":"https:\/\/haberulus.net\/index.php?rest_route=\/wp\/v2\/media\/88473"}],"wp:attachment":[{"href":"https:\/\/haberulus.net\/index.php?rest_route=%2Fwp%2Fv2%2Fmedia&parent=88472"}],"wp:term":[{"taxonomy":"category","embeddable":true,"href":"https:\/\/haberulus.net\/index.php?rest_route=%2Fwp%2Fv2%2Fcategories&post=88472"},{"taxonomy":"post_tag","embeddable":true,"href":"https:\/\/haberulus.net\/index.php?rest_route=%2Fwp%2Fv2%2Ftags&post=88472"}],"curies":[{"name":"wp","href":"https:\/\/api.w.org\/{rel}","templated":true}]}}