{"id":88588,"date":"2023-05-10T12:39:04","date_gmt":"2023-05-10T12:39:04","guid":{"rendered":"https:\/\/haberulus.net\/?p=88588"},"modified":"2023-05-10T12:39:04","modified_gmt":"2023-05-10T12:39:04","slug":"rusyadan-ankara-sam-uzlasmasi-icin-yol-haritasi","status":"publish","type":"post","link":"https:\/\/haberulus.net\/?p=88588","title":{"rendered":"Rusya\u2019dan Ankara-\u015eam uzla\u015fmas\u0131 i\u00e7in yol haritas\u0131"},"content":{"rendered":"<p>Moskova&#8217;da y\u0131llar sonra ilk defa T\u00fcrkiye ve Suriye D\u0131\u015fi\u015fleri Bakanlar\u0131n\u0131 bulu\u015fturan toplant\u0131da konu\u015fan Rusya D\u0131\u015fi\u015fleri Bakan\u0131 Sergey Lavrov, Ankara-\u015eam ili\u015fkilerinin normalle\u015fmesi i\u00e7in bir taslak yol haritas\u0131 haz\u0131rlad\u0131klar\u0131n\u0131 a\u00e7\u0131klad\u0131.<\/p>\n<p>Ba\u015fkent Moskova\u2019daki Rusya D\u0131\u015fi\u015fleri Bakanl\u0131\u011f\u0131 binas\u0131nda ger\u00e7ekle\u015fen toplant\u0131ya, D\u0131\u015fi\u015fleri Bakan\u0131 Mevl\u00fct \u00c7avu\u015fo\u011flu, Rusya D\u0131\u015fi\u015fleri Bakan\u0131 Sergey Lavrov, \u0130ran D\u0131\u015fi\u015fleri Bakan\u0131 H\u00fcseyin Emir Abdullahiyan ve Suriye D\u0131\u015fi\u015fleri Bakan\u0131 Faysal el-Mikdad kat\u0131ld\u0131.<\/p>\n<p>Lavrov, toplant\u0131 \u00f6ncesinde yapt\u0131\u011f\u0131 a\u00e7\u0131l\u0131\u015f konu\u015fmas\u0131nda, Suriyeli m\u00fcltecilerin ve \u00fclke i\u00e7inde yerinden edilmi\u015f ki\u015filerin kal\u0131c\u0131 ikamet yerlerine g\u00fcvenli ve g\u00f6n\u00fcll\u00fc d\u00f6n\u00fc\u015flerini kolayla\u015ft\u0131rman\u0131n temel ilke oldu\u011funu belirtti. T\u00fcrkiye-Suriye normalle\u015fme s\u00fcrecinin ba\u015flat\u0131lmas\u0131n\u0131n Orta Do\u011fu b\u00f6lgesinde de olumlu bir atmosfer olu\u015fturdu\u011funu dile getiren Lavrov, \u201cBug\u00fcnk\u00fc toplant\u0131m\u0131z\u0131n en iyi sonucu, uzmanlara bir sonraki bakanlar toplant\u0131s\u0131 i\u00e7in T\u00fcrkiye-Suriye ili\u015fkilerinin normalle\u015fmesi i\u00e7in bir taslak yol haritas\u0131 haz\u0131rlamalar\u0131 talimat\u0131n\u0131 verme anla\u015fmas\u0131 olabilir. Bu daha sonra devlet ba\u015fkanlar\u0131m\u0131za sunulacakt\u0131r\u201d ifadelerini kulland\u0131.<\/p>\n<p><strong>\u2018ABD\u2019N\u0130N AMACI SUR\u0130YE\u2019DE \u0130ST\u0130KRARSIZLIK\u2019<\/strong><\/p>\n<p>ABD\u2019nin F\u0131rat\u2019\u0131n do\u011fusunda s\u00f6zde y\u00f6netim ilan eden yetkilileri destekledi\u011fi ve onlar\u0131n olu\u015fturdu\u011fu yasa d\u0131\u015f\u0131 silahl\u0131 olu\u015fumlara silah sevk etti\u011fini vurgulayan Lavrov, \u201cEdindi\u011fimiz bilgilere g\u00f6re Amerikal\u0131lar, yerel Arap a\u015firetlerinin, I\u015e\u0130D militanlar\u0131n\u0131n ve di\u011fer ter\u00f6r \u00f6rg\u00fctlerinin temsilcilerinin kat\u0131l\u0131m\u0131yla Suriye Rakka \u00e7evresinde s\u00f6zde \u2018Suriye \u00d6zg\u00fcr Ordusu\u2019nu olu\u015fturmaya ba\u015flad\u0131. Ama\u00e7 a\u00e7\u0131k: Bu militanlar\u0131 \u00fclkedeki durumu istikrars\u0131zla\u015ft\u0131rmak i\u00e7in Suriye\u2019nin yetkililerine kar\u015f\u0131 kullanmak\u201d diye konu\u015ftu.<\/p>\n<p>D\u0131\u015fi\u015fleri Bakan\u0131 Mevl\u00fct \u00c7avu\u015fo\u011flu ise Twitter hesab\u0131ndan D\u00f6rtl\u00fc D\u0131\u015fi\u015fleri Bakanlar\u0131 toplant\u0131s\u0131na ili\u015fkin payla\u015f\u0131mda bulundu. \u00c7avu\u015fo\u011flu payla\u015f\u0131m\u0131nda, \u201cTer\u00f6rle m\u00fccadelede i\u015fbirli\u011fi, geri d\u00f6n\u00fc\u015flerin altyap\u0131s\u0131n\u0131n i\u015fbirli\u011fi i\u00e7inde sa\u011flanmas\u0131, siyasi s\u00fcrecin ilerletilmesi ve Suriye&#8217;nin toprak b\u00fct\u00fcnl\u00fc\u011f\u00fcn\u00fcn korunmas\u0131 gerekti\u011fini vurgulad\u0131k\u201d ifadelerini kulland\u0131.<\/p>\n<p>\u0130ran D\u0131\u015fi\u015fleri Bakan\u0131 Abdullahiyan da toplant\u0131yla ilgili gazetecilere yapt\u0131\u011f\u0131 a\u00e7\u0131klamada, Suriye&#8217;de siyasi \u00e7\u00f6z\u00fcm\u00fcn \u015eam&#8217;\u0131n topraklar\u0131n\u0131n tamam\u0131 \u00fczerindeki egemenli\u011fini esas almas\u0131 gerekti\u011fini, T\u00fcrkiye&#8217;nin bu konuda \u00f6nemli rol oynayabilece\u011fini s\u00f6yledi. \u0130ranl\u0131 bakan, Suriye ordusunun s\u0131n\u0131r b\u00f6lgelerinde konu\u015fland\u0131r\u0131lmas\u0131n\u0131n T\u00fcrkiye&#8217;nin ter\u00f6r \u00f6rg\u00fctleriyle ilgili endi\u015felerini giderebilece\u011fini savundu.<\/p>\n<p>\u015eam y\u00f6netimi T\u00fcrkiye&#8217;yle uzla\u015fma i\u00e7in \u00fclkedeki T\u00fcrk askerinin geri \u00e7ekilmesini \u015fart ko\u015fuyor. (AJANSLAR)<\/p>\n","protected":false},"excerpt":{"rendered":"<p>Moskova&#8217;da D\u0131\u015fi\u015fleri Bakan\u0131 \u00c7avu\u015fo\u011flu ve Suriyeli mevkida\u015f\u0131 Faysal el-Mikdad\u2019\u0131 ayn\u0131 masada bulu\u015fturan toplant\u0131da konu\u015fan Rusya D\u0131\u015fi\u015fleri Bakan\u0131 Lavrov, Ankara-\u015eam ili\u015fkilerinin normalle\u015fmesinin Orta Do\u011fu\u2019da da olumlu bir atmosfer olu\u015fturdu\u011funu belirtti.<\/p>\n","protected":false},"author":1,"featured_media":88589,"comment_status":"closed","ping_status":"open","sticky":false,"template":"","format":"standard","meta":{"footnotes":""},"categories":[24],"tags":[1038,3482,44,507,15],"class_list":["post-88588","post","type-post","status-publish","format-standard","has-post-thumbnail","hentry","category-dunya","tag-disisleri-bakani","tag-lavrov","tag-suriye","tag-toplanti","tag-turkiye"],"_links":{"self":[{"href":"https:\/\/haberulus.net\/index.php?rest_route=\/wp\/v2\/posts\/88588","targetHints":{"allow":["GET"]}}],"collection":[{"href":"https:\/\/haberulus.net\/index.php?rest_route=\/wp\/v2\/posts"}],"about":[{"href":"https:\/\/haberulus.net\/index.php?rest_route=\/wp\/v2\/types\/post"}],"author":[{"embeddable":true,"href":"https:\/\/haberulus.net\/index.php?rest_route=\/wp\/v2\/users\/1"}],"replies":[{"embeddable":true,"href":"https:\/\/haberulus.net\/index.php?rest_route=%2Fwp%2Fv2%2Fcomments&post=88588"}],"version-history":[{"count":1,"href":"https:\/\/haberulus.net\/index.php?rest_route=\/wp\/v2\/posts\/88588\/revisions"}],"predecessor-version":[{"id":88590,"href":"https:\/\/haberulus.net\/index.php?rest_route=\/wp\/v2\/posts\/88588\/revisions\/88590"}],"wp:featuredmedia":[{"embeddable":true,"href":"https:\/\/haberulus.net\/index.php?rest_route=\/wp\/v2\/media\/88589"}],"wp:attachment":[{"href":"https:\/\/haberulus.net\/index.php?rest_route=%2Fwp%2Fv2%2Fmedia&parent=88588"}],"wp:term":[{"taxonomy":"category","embeddable":true,"href":"https:\/\/haberulus.net\/index.php?rest_route=%2Fwp%2Fv2%2Fcategories&post=88588"},{"taxonomy":"post_tag","embeddable":true,"href":"https:\/\/haberulus.net\/index.php?rest_route=%2Fwp%2Fv2%2Ftags&post=88588"}],"curies":[{"name":"wp","href":"https:\/\/api.w.org\/{rel}","templated":true}]}}