{"id":88636,"date":"2023-05-10T13:37:03","date_gmt":"2023-05-10T13:37:03","guid":{"rendered":"https:\/\/haberulus.net\/?p=88636"},"modified":"2023-05-10T13:37:03","modified_gmt":"2023-05-10T13:37:03","slug":"isten-cikarma-dalgasi-linkedini-vurdu-700-kisinin-isine-son-veriyor","status":"publish","type":"post","link":"https:\/\/haberulus.net\/?p=88636","title":{"rendered":"\u0130\u015ften \u00e7\u0131karma dalgas\u0131 LinkedIn\u2019i vurdu\u2026 700 ki\u015finin i\u015fine son veriyor"},"content":{"rendered":"<p>Teknoloji \u015firketlerindeki i\u015ften \u00e7\u0131karma furyas\u0131na LinkedIn de kat\u0131ld\u0131. \u015eirket, \u00c7in\u2019deki operasyonuna son verirken 700 ki\u015finin de i\u015ften \u00e7\u0131kart\u0131lmas\u0131na karar vermi\u015f oldu.<\/p>\n<p>Microsoft\u2019un sahibi oldu\u011fu LinkedIn, internetin yo\u011fun bir \u015fekilde sans\u00fcrlendi\u011fi \u00c7in\u2019de, ayakta kalan birka\u00e7 ABD\u2019li teknoloji \u015firketinden biriydi. \u015eirket, \u00fclkenin k\u00fclt\u00fcr\u00fcne uyum sa\u011flamak i\u00e7in kariyer a\u011f\u0131 platformunun bir yerel versiyonunu piyasaya s\u00fcrm\u00fc\u015ft\u00fc.<\/p>\n<p>Microsoft daha sonra bunu InCareer adl\u0131 basitle\u015ftirilmi\u015f bir s\u00fcr\u00fcmle de\u011fi\u015ftirdi ve profesyonellerin i\u015f bulmalar\u0131n\u0131, ba\u015fvuru yapmalar\u0131n\u0131 ve a\u011flar\u0131yla ba\u011flant\u0131da kalmalar\u0131n\u0131 sa\u011flad\u0131. Ancak platform sal\u0131 g\u00fcn\u00fc yapt\u0131\u011f\u0131 a\u00e7\u0131klamada, \u201cDikkatli bir de\u011ferlendirmeden sonra, InCareer\u2019i 9 A\u011fustos 2023\u2019ten itibaren durdurma karar\u0131 ald\u0131k\u201d dedi.<\/p>\n<p>LinkedIn yapt\u0131\u011f\u0131 a\u00e7\u0131klamaya \u015fu \u015fekilde devam etti: \u201cBa\u015flang\u0131\u00e7taki ilerlememize ra\u011fmen, InCareer \u015fiddetli bir rekabet ve zorlu bir makroekonomik ortamla kar\u015f\u0131 kar\u015f\u0131ya kald\u0131 ve bu da sonunda bizi hizmeti durdurma karar\u0131na g\u00f6t\u00fcrd\u00fc\u201d dedi.<\/p>\n<p><b>CEO\u2019DAN A\u00c7IKLAMA\u2026 716 \u00c7ALI\u015eAN \u0130\u015eTEN \u00c7IKARILDI<\/b><\/p>\n<p>CEO Ryan Roslansky\u2019nin yapt\u0131\u011f\u0131 a\u00e7\u0131klamada da 716 \u00e7al\u0131\u015fan\u0131n i\u015ften \u00e7\u0131kar\u0131laca\u011f\u0131 belirtildi.<\/p>\n<p>LinkedIn daha \u00f6nce Temmuz 2020\u2019de yakla\u015f\u0131k 1000 \u00e7al\u0131\u015fan\u0131n\u0131, yani k\u00fcresel i\u015f g\u00fcc\u00fcn\u00fcn yakla\u015f\u0131k y\u00fczde alt\u0131s\u0131n\u0131 i\u015ften \u00e7\u0131karm\u0131\u015ft\u0131.<\/p>\n<p>LinkedIn\u2019in \u00c7in\u2019deki varl\u0131\u011f\u0131 da di\u011fer ABD\u2019li \u015firketler gibi s\u0131k\u0131nt\u0131l\u0131yd\u0131. Facebook, Twitter, Instagram ve YouTube dahil olmak \u00fczere \u00e7o\u011fu ABD\u2019li teknoloji devi, kat\u0131 ve \u00e7o\u011fu zaman belirsiz d\u00fczenlemelere uymad\u0131klar\u0131 i\u00e7in \u00c7in\u2019de uzun s\u00fcre engellendi. \u00dclkede faaliyet g\u00f6steren teknoloji firmalar\u0131, sosyal istikrar ad\u0131na istenmeyen i\u00e7erikleri ve siyasi olarak hassas kabul edilen konular\u0131 engellemeleri i\u00e7in bask\u0131 g\u00f6r\u00fcyor.<\/p>\n<p>LinkedIn\u2019in de \u00f6zellikle son y\u0131llarda muhaliflerin hesaplar\u0131n\u0131 kald\u0131r\u0131p silmesi ele\u015ftiri almas\u0131na neden oldu.<\/p>\n","protected":false},"excerpt":{"rendered":"<p>LinkedIn, \u00c7in&#8217;den \u00e7ekildi\u011fi i\u00e7in d\u00fcnya \u00e7ap\u0131nda 700 ki\u015fiyi i\u015ften \u00e7\u0131kar\u0131yor. \u015eirket, \u00c7in&#8217;deki \u015fiddetli rekabet ve zorlu makroekonomik ortam\u0131 gerek\u00e7e g\u00f6stererek \u015firketi kapataca\u011f\u0131n\u0131 duyurdu.<\/p>\n","protected":false},"author":1,"featured_media":88637,"comment_status":"closed","ping_status":"open","sticky":false,"template":"","format":"standard","meta":{"footnotes":""},"categories":[32],"tags":[333,11784],"class_list":["post-88636","post","type-post","status-publish","format-standard","has-post-thumbnail","hentry","category-teknoloji","tag-isten","tag-linkedin"],"_links":{"self":[{"href":"https:\/\/haberulus.net\/index.php?rest_route=\/wp\/v2\/posts\/88636","targetHints":{"allow":["GET"]}}],"collection":[{"href":"https:\/\/haberulus.net\/index.php?rest_route=\/wp\/v2\/posts"}],"about":[{"href":"https:\/\/haberulus.net\/index.php?rest_route=\/wp\/v2\/types\/post"}],"author":[{"embeddable":true,"href":"https:\/\/haberulus.net\/index.php?rest_route=\/wp\/v2\/users\/1"}],"replies":[{"embeddable":true,"href":"https:\/\/haberulus.net\/index.php?rest_route=%2Fwp%2Fv2%2Fcomments&post=88636"}],"version-history":[{"count":1,"href":"https:\/\/haberulus.net\/index.php?rest_route=\/wp\/v2\/posts\/88636\/revisions"}],"predecessor-version":[{"id":88638,"href":"https:\/\/haberulus.net\/index.php?rest_route=\/wp\/v2\/posts\/88636\/revisions\/88638"}],"wp:featuredmedia":[{"embeddable":true,"href":"https:\/\/haberulus.net\/index.php?rest_route=\/wp\/v2\/media\/88637"}],"wp:attachment":[{"href":"https:\/\/haberulus.net\/index.php?rest_route=%2Fwp%2Fv2%2Fmedia&parent=88636"}],"wp:term":[{"taxonomy":"category","embeddable":true,"href":"https:\/\/haberulus.net\/index.php?rest_route=%2Fwp%2Fv2%2Fcategories&post=88636"},{"taxonomy":"post_tag","embeddable":true,"href":"https:\/\/haberulus.net\/index.php?rest_route=%2Fwp%2Fv2%2Ftags&post=88636"}],"curies":[{"name":"wp","href":"https:\/\/api.w.org\/{rel}","templated":true}]}}