{"id":88905,"date":"2023-05-11T06:19:32","date_gmt":"2023-05-11T06:19:32","guid":{"rendered":"https:\/\/haberulus.net\/?p=88905"},"modified":"2023-05-11T06:19:32","modified_gmt":"2023-05-11T06:19:32","slug":"oy-pusulasindaki-siyah-nokta-belirsizligine-ysk-son-noktayi-koydu","status":"publish","type":"post","link":"https:\/\/haberulus.net\/?p=88905","title":{"rendered":"Oy pusulas\u0131ndaki &#8220;siyah nokta&#8221; belirsizli\u011fine YSK son noktay\u0131 koydu"},"content":{"rendered":"<p>YSK; \u0130Y\u0130 Partili Mustafa Tolga \u00d6zt\u00fcrk&#8217;\u00fcn, &#8220;oy pusulalar\u0131 veya zarflarda, leke veya m\u00fcrekkep izi bulunmas\u0131 halinde ge\u00e7erli olup olmayaca\u011f\u0131&#8221; y\u00f6n\u00fcndeki ba\u015fvurusu \u00fczerine, bu konudaki 298 say\u0131l\u0131 Se\u00e7imlerin Temel H\u00fck\u00fcmleri ve Se\u00e7men K\u00fct\u00fckleri Hakk\u0131ndaki Kanun&#8217;un ilgili maddelerinin a\u00e7\u0131k oldu\u011funu belirtti.<\/p>\n<p><b>YSK&#8217;DAN G\u00d6R\u00dc\u015e \u0130STED\u0130<\/b><\/p>\n<p>\u00d6zt\u00fcrk, &#8220;oy pusulalar\u0131 veya zarflar\u0131n tamam\u0131n\u0131n veya bir k\u0131sm\u0131n\u0131n \u00fczerinde leke veya m\u00fcrekkep izi bulunmas\u0131 halinde pusulan\u0131n ve zarf\u0131n ge\u00e7erli olup olmayaca\u011f\u0131&#8221; y\u00f6n\u00fcnde YSK&#8217;dan g\u00f6r\u00fc\u015f istedi. Kurul, 298 say\u0131l\u0131 Se\u00e7imlerin Temel H\u00fck\u00fcmleri ve Se\u00e7men K\u00fct\u00fckleri Hakk\u0131ndaki Kanun&#8217;un, 98. ve 101. madde h\u00fck\u00fcmleri a\u00e7\u0131k oldu\u011fundan bu konuda &#8220;g\u00f6r\u00fc\u015f verilmesine yer olmad\u0131\u011f\u0131na&#8221; h\u00fckmetti.<\/p>\n<p><img decoding=\"async\" src=\"https:\/\/i.hbrcdn.com\/haber\/2023\/05\/11\/oy-pusulasindaki-siyah-nokta-belirsizligine-ysk-15888622_1277_m.jpg\" alt=\"\" title=\"\"><\/p>\n<p><b>298 SAYILI KANUNU \u0130\u015eARET ETT\u0130LER<\/b><\/p>\n<p>298 Say\u0131l\u0131 Kanun&#8217;un 98. maddesi, &#8220;&#8230; Ancak, \u00fczerinde sand\u0131k kurulu m\u00fchr\u00fc bulunmamas\u0131na ra\u011fmen T\u00fcrkiye Cumhuriyeti Y\u00fcksek Se\u00e7im Kurulu filigran\u0131, amblemi ve il\u00e7e se\u00e7im kurulu m\u00fchr\u00fc bulunan zarflar ile \u00fczerinde leke veya \u00e7izik bulunsa dahi bunun \u00f6zel i\u015faret koymak amac\u0131yla yap\u0131ld\u0131\u011f\u0131 kesin olarak anla\u015f\u0131lamayan zarflar ge\u00e7erli say\u0131l\u0131r.&#8221; h\u00fckm\u00fcn\u00fc i\u00e7eriyor.<\/p>\n<p>Ayn\u0131 Kanun&#8217;un 101. maddesi, &#8220;A\u015fa\u011f\u0131daki haller oy pusulalar\u0131n\u0131 ge\u00e7ersiz k\u0131lmaz: 1. Zarflar\u0131n a\u00e7\u0131lmas\u0131 veya oylar\u0131n okunmas\u0131 s\u0131ras\u0131nda y\u0131rt\u0131lmas\u0131. 2. B\u00fct\u00fcnl\u00fc\u011f\u00fc bozulmaks\u0131z\u0131n bir k\u0131sm\u0131n\u0131n kazaen y\u0131rt\u0131lmas\u0131. 3. Herhangi bir \u015fekilde lekelenmi\u015f olup da bunun \u00f6zel olarak i\u015faret koymak amac\u0131yla yap\u0131ld\u0131\u011f\u0131n\u0131n anla\u015f\u0131lamamas\u0131.&#8221; d\u00fczenlemesini \u00f6ng\u00f6r\u00fcyor.<\/p>\n","protected":false},"excerpt":{"rendered":"<p>14 May\u0131s se\u00e7imleri i\u00e7in Hollanda&#8217;ya g\u00f6nderilen 225 oy pusulas\u0131n\u0131n hatal\u0131 \u00e7\u0131kmas\u0131 ve bu pusulalar\u0131n tutanak alt\u0131na al\u0131narak kullan\u0131lmadan ayr\u0131lmas\u0131n\u0131n ard\u0131ndan \u0130Y\u0130 Partili \u00d6zt\u00fcrk, YSK&#8217;ya ba\u015fvurdu. Kurul, 298 say\u0131l\u0131 kanunun ilgili maddelerinin a\u00e7\u0131k oldu\u011funu belirterek bu konuda g\u00f6r\u00fc\u015f verilmesine yer olmad\u0131\u011f\u0131na h\u00fckmetti. Kanunda, &#8220;Herhangi bir \u015fekilde lekelenmi\u015f olup da bunun \u00f6zel olarak i\u015faret koymak amac\u0131yla yap\u0131ld\u0131\u011f\u0131n\u0131n anla\u015f\u0131lmamas\u0131 oy pusulas\u0131n\u0131 ge\u00e7ersiz k\u0131lmaz&#8221; deniliyor.<\/p>\n","protected":false},"author":1,"featured_media":0,"comment_status":"closed","ping_status":"open","sticky":false,"template":"","format":"standard","meta":{"footnotes":""},"categories":[28],"tags":[3619],"class_list":["post-88905","post","type-post","status-publish","format-standard","hentry","category-politika","tag-sayili"],"_links":{"self":[{"href":"https:\/\/haberulus.net\/index.php?rest_route=\/wp\/v2\/posts\/88905","targetHints":{"allow":["GET"]}}],"collection":[{"href":"https:\/\/haberulus.net\/index.php?rest_route=\/wp\/v2\/posts"}],"about":[{"href":"https:\/\/haberulus.net\/index.php?rest_route=\/wp\/v2\/types\/post"}],"author":[{"embeddable":true,"href":"https:\/\/haberulus.net\/index.php?rest_route=\/wp\/v2\/users\/1"}],"replies":[{"embeddable":true,"href":"https:\/\/haberulus.net\/index.php?rest_route=%2Fwp%2Fv2%2Fcomments&post=88905"}],"version-history":[{"count":1,"href":"https:\/\/haberulus.net\/index.php?rest_route=\/wp\/v2\/posts\/88905\/revisions"}],"predecessor-version":[{"id":88906,"href":"https:\/\/haberulus.net\/index.php?rest_route=\/wp\/v2\/posts\/88905\/revisions\/88906"}],"wp:attachment":[{"href":"https:\/\/haberulus.net\/index.php?rest_route=%2Fwp%2Fv2%2Fmedia&parent=88905"}],"wp:term":[{"taxonomy":"category","embeddable":true,"href":"https:\/\/haberulus.net\/index.php?rest_route=%2Fwp%2Fv2%2Fcategories&post=88905"},{"taxonomy":"post_tag","embeddable":true,"href":"https:\/\/haberulus.net\/index.php?rest_route=%2Fwp%2Fv2%2Ftags&post=88905"}],"curies":[{"name":"wp","href":"https:\/\/api.w.org\/{rel}","templated":true}]}}