{"id":8920,"date":"2022-07-17T07:21:03","date_gmt":"2022-07-17T07:21:03","guid":{"rendered":"https:\/\/haberulus.net\/?p=8920"},"modified":"2022-07-17T07:21:03","modified_gmt":"2022-07-17T07:21:03","slug":"ispanyada-kisa-ve-orta-mesafeli-trenler-ucretsiz-oluyor","status":"publish","type":"post","link":"https:\/\/haberulus.net\/?p=8920","title":{"rendered":"\u0130spanya\u2019da k\u0131sa ve orta mesafeli trenler \u00fccretsiz oluyor"},"content":{"rendered":"<p><b>\u0130spanya&#8217;da y\u00fckselen enflasyon ve artan yak\u0131t masraflar\u0131 nedeniyle h\u00fck\u00fcmet 1 Eyl\u00fcl&#8217;den y\u0131l sonuna kadar trenlere bini\u015fi \u00fccretsiz yapt\u0131. T\u00fcrkiye&#8217;de ise trene bu y\u0131l zam \u00fcst\u00fcne zam yap\u0131ld\u0131.<\/b><\/p>\n<p>D\u00fcnyada enerji fiyatlar\u0131n\u0131n y\u00fckselmesiyle artan yak\u0131t maliyetleri ula\u015f\u0131m\u0131 da pahal\u0131la\u015ft\u0131r\u0131rken Avrupa \u00fclkeleri ucuz toplu ta\u015f\u0131may\u0131 te\u015fvik etmek ad\u0131na \u00e7e\u015fitli \u00f6nlemler almaya ba\u015flad\u0131.<\/p>\n<p>\u0130spanya, artan ya\u015fam maliyetleri ile m\u00fccadele etmek ad\u0131na 1 Eyl\u00fcl\u2019den y\u0131l sonuna kadar baz\u0131 k\u0131sa ve orta mesafeli trenlere bini\u015fin \u00fccretsiz olaca\u011f\u0131n\u0131 a\u00e7\u0131klad\u0131. Banliy\u00f6 trenlerini de kapsayan d\u00fczenleme uzun mesafeli g\u00fczergahlar i\u00e7in ge\u00e7erli olmayacak.<\/p>\n<p>Ge\u00e7ti\u011fimiz sal\u0131 g\u00fcn\u00fc, \u0130spanya\u2019daki sol koalisyon h\u00fck\u00fcmeti taraf\u0131ndan a\u00e7\u0131klanan d\u00fczenlemeye g\u00f6re, devlete ait demiryolu a\u011f\u0131 Renfe\u2019nin belirli g\u00fczergahlar\u0131nda seyahat etmek 1 Eyl\u00fcl\u2019den y\u0131l sonuna kadar \u00fccretsiz olacak.<\/p>\n<p><b>KISA VE ORTA MESAFEDE GE\u00c7ERL\u0130<\/b><\/p>\n<p>H\u00fck\u00fcmet ge\u00e7ti\u011fimiz may\u0131s ay\u0131nda metrolar, otob\u00fcsler ve tramvaylar da dahil t\u00fcm toplu ta\u015f\u0131ma ara\u00e7lar\u0131nda y\u00fczde 30 indirime gidilece\u011fini a\u00e7\u0131klam\u0131\u015ft\u0131. Demiryolunda yap\u0131lan son indirimler, cercan\u00edas ad\u0131 verilen banliy\u00f6 servislerinde ve media distancia denilen 300 km\u2019den az orta mesafeli g\u00fczergahlarda ge\u00e7erli olacak.<\/p>\n<p>Ayr\u0131ca s\u00f6z konusu indirimler tekli bilet alanlar i\u00e7in de ge\u00e7erli olmayacak. D\u00fczenlemeden b\u00fcy\u00fck oranda turistler yerine \u0130spanyol vatanda\u015flar\u0131n\u0131n yararlanmas\u0131 \u00f6ng\u00f6r\u00fcl\u00fcyor.<\/p>\n<p><b>\u2018ZORLUKLARIN FARKINDAYIZ\u2019<\/b><\/p>\n<p>\u0130spanya Ba\u015fbakan\u0131 Pedro S\u00e1nchez konu ile ilgili yapt\u0131\u011f\u0131 a\u00e7\u0131klamada, \u0130spanya halk\u0131n\u0131n ya\u015fad\u0131\u011f\u0131 zorluklar\u0131n tamamen fark\u0131nda oldu\u011funu belirtirken, \u201cMaa\u015flar\u0131n gitgide azald\u0131\u011f\u0131n\u0131 ve ay sonuna ula\u015fman\u0131n zor oldu\u011funu biliyorum\u201d dedi.<\/p>\n<p>\u0130spanya Ula\u015ft\u0131rma Bakanl\u0131\u011f\u0131 ise yapt\u0131\u011f\u0131 a\u00e7\u0131klamada, \u201cBu \u00f6nlem, enerji ve yak\u0131t fiyatlar\u0131ndaki ola\u011fan\u00fcst\u00fc art\u0131\u015f nedeniyle g\u00fcnl\u00fck i\u015fe gidip gelmenin g\u00fcvenli, konforlu, ekonomik ve s\u00fcrd\u00fcr\u00fclebilir bir yolunu garanti etmek i\u00e7in toplu ta\u015f\u0131may\u0131 kullanmay\u0131 te\u015fvik ediyor\u201d ifadelerine yer verdi.<\/p>\n<p><b>ALMANYA UCUZ TOPLU TA\u015eIMA UYGULAMASINA GE\u00c7T\u0130<\/b><\/p>\n<p>\u00d6te yandan artan yak\u0131t fiyatlar\u0131 nedeniyle ula\u015f\u0131m konusunda d\u00fczenlemeler yaparak halk\u0131n cebini rahatlatmak isteyen tek \u00fclke \u0130spanya de\u011fil.<\/p>\n<p>Ge\u00e7ti\u011fimiz may\u0131s ay\u0131nda, Almanya\u2019n\u0131n ulusal demiryolu \u015firketi Deutsche Bahn, haziran ay\u0131ndan a\u011fustos ay\u0131n\u0131n sonuna kadar ge\u00e7erli olarak \u20189 euroya s\u0131n\u0131rs\u0131z ula\u015f\u0131m\u2019 uygulamas\u0131n\u0131 ba\u015flatt\u0131.<\/p>\n<p>Avusturya ise iklim bileti ad\u0131n\u0131 verdi\u011fi uygulama ile \u00fclke genelinde 3,5 euro gibi bir \u00fccretle pek \u00e7ok yerde s\u0131n\u0131rs\u0131z toplu ta\u015f\u0131maya binme hakk\u0131 sunmaya ba\u015flad\u0131. \u00dclkede b\u00f6ylece bireysel otomobil kullan\u0131m\u0131n\u0131n azalt\u0131larak fosil yak\u0131t t\u00fcketiminin s\u0131n\u0131rlanmas\u0131 da te\u015fvik ediliyor.<\/p>\n<p><b>TCDD ZAM \u00dcST\u00dcNE ZAM YAPTI<\/b><\/p>\n<p>Di\u011fer taraftan \u015fehirler aras\u0131 ula\u015f\u0131m\u0131n olduk\u00e7a pahal\u0131 h\u00e2le geldi\u011fi T\u00fcrkiye\u2019de ise T\u00fcrkiye Cumhuriyeti Devlet Demiryollar\u0131 (TCDD) y\u0131lba\u015f\u0131ndan bu yana bilet fiyatlar\u0131na zam \u00fcst\u00fcne zam yapt\u0131. Y\u00fcksek H\u0131zl\u0131 Tren fiyatlar\u0131na y\u0131l\u0131n ba\u015f\u0131ndan bu yana d\u00f6rt kez zam geldi.<\/p>\n<p>1 Ocak tarihinde Ankara-\u0130stanbul seferi i\u00e7in 84 TL olan Y\u00fcksek H\u0131zl\u0131 Tren biletine 3 Ocak 2022&#8217;de yakla\u015f\u0131k y\u00fczde 20 zam yap\u0131lm\u0131\u015f ve bilet 101 TL&#8217;ye y\u00fckselmi\u015fti. Mart ay\u0131nda y\u00fczde 10, nisan ay\u0131nda ise y\u00fczde 15 zam yap\u0131lan bilet fiyatlar\u0131na son olarak haziranda y\u00fczde 30 daha zam yap\u0131ld\u0131.<\/p>\n<p>B\u00f6ylece Ankara-\u0130stanbul biletleri son 6 ay i\u00e7erisinde 84 TL&#8217;den 195 TL&#8217;ye y\u00fckselirken y\u0131l ba\u015f\u0131ndan bu yana fiyatlar y\u00fczde 132 artm\u0131\u015f oldu. Ayr\u0131ca son zamla birlikte Konya-Ankara aras\u0131 h\u0131zl\u0131 tren bilet fiyat\u0131 67 TL\u2019den 87 TL\u2019ye, 182 TL olan \u0130stanbul-Konya bileti ise \u00a0235 TL\u2019ye \u00e7\u0131kt\u0131.<\/p>\n<p>Artan yak\u0131t maliyetleri nedeniyle otomobil, otob\u00fcs gibi ula\u015f\u0131m ara\u00e7lar\u0131yla seyahat etmek de son d\u00f6nemde olduk\u00e7a pahal\u0131 h\u00e2le gelirken vatanda\u015flar\u0131n ucuz ve konforlu ula\u015f\u0131m arac\u0131 olarak g\u00f6rd\u00fc\u011f\u00fc tren biletlerinin fiyatlar\u0131na fahi\u015f zamlar gelmesi, bu y\u0131l \u00fclke i\u00e7inde seyahat etmek isteyen vatanda\u015flar\u0131 zorlamaya devam ediyor.<\/p>\n","protected":false},"excerpt":{"rendered":"<p>\u0130spanya&#8217;da y\u00fckselen enflasyon ve artan yak\u0131t masraflar\u0131 nedeniyle h\u00fck\u00fcmet 1 Eyl\u00fcl&#8217;den y\u0131l sonuna kadar trenlere bini\u015fi \u00fccretsiz yapt\u0131. T\u00fcrkiye&#8217;de &#8230;<\/p>\n","protected":false},"author":1,"featured_media":8921,"comment_status":"open","ping_status":"open","sticky":false,"template":"","format":"standard","meta":{"footnotes":""},"categories":[25],"tags":[1265,374,2089,2718,79],"class_list":["post-8920","post","type-post","status-publish","format-standard","has-post-thumbnail","hentry","category-ekonomi","tag-bilet","tag-fiyatlari","tag-ispanya","tag-tren","tag-zam"],"_links":{"self":[{"href":"https:\/\/haberulus.net\/index.php?rest_route=\/wp\/v2\/posts\/8920","targetHints":{"allow":["GET"]}}],"collection":[{"href":"https:\/\/haberulus.net\/index.php?rest_route=\/wp\/v2\/posts"}],"about":[{"href":"https:\/\/haberulus.net\/index.php?rest_route=\/wp\/v2\/types\/post"}],"author":[{"embeddable":true,"href":"https:\/\/haberulus.net\/index.php?rest_route=\/wp\/v2\/users\/1"}],"replies":[{"embeddable":true,"href":"https:\/\/haberulus.net\/index.php?rest_route=%2Fwp%2Fv2%2Fcomments&post=8920"}],"version-history":[{"count":1,"href":"https:\/\/haberulus.net\/index.php?rest_route=\/wp\/v2\/posts\/8920\/revisions"}],"predecessor-version":[{"id":8922,"href":"https:\/\/haberulus.net\/index.php?rest_route=\/wp\/v2\/posts\/8920\/revisions\/8922"}],"wp:featuredmedia":[{"embeddable":true,"href":"https:\/\/haberulus.net\/index.php?rest_route=\/wp\/v2\/media\/8921"}],"wp:attachment":[{"href":"https:\/\/haberulus.net\/index.php?rest_route=%2Fwp%2Fv2%2Fmedia&parent=8920"}],"wp:term":[{"taxonomy":"category","embeddable":true,"href":"https:\/\/haberulus.net\/index.php?rest_route=%2Fwp%2Fv2%2Fcategories&post=8920"},{"taxonomy":"post_tag","embeddable":true,"href":"https:\/\/haberulus.net\/index.php?rest_route=%2Fwp%2Fv2%2Ftags&post=8920"}],"curies":[{"name":"wp","href":"https:\/\/api.w.org\/{rel}","templated":true}]}}