{"id":89570,"date":"2023-05-12T08:07:05","date_gmt":"2023-05-12T08:07:05","guid":{"rendered":"https:\/\/haberulus.net\/?p=89570"},"modified":"2023-05-12T08:07:05","modified_gmt":"2023-05-12T08:07:05","slug":"taha-akgul-biz-biraktiktan-sonra","status":"publish","type":"post","link":"https:\/\/haberulus.net\/?p=89570","title":{"rendered":"Taha Akg\u00fcl: Biz b\u0131rakt\u0131ktan sonra\u2026"},"content":{"rendered":"<p>H\u0131rvatistan\u2019\u0131n ba\u015fkenti Zagreb\u2019de d\u00fczenlenen 2023 B\u00fcy\u00fckler Avrupa G\u00fcre\u015f \u015eampiyonas\u0131\u2019nda serbest stil 125 kiloda alt\u0131n madalya alarak 10\u2019uncu Avrupa \u015fampiyonlu\u011funu elde eden ASK\u0130 Spor Kul\u00fcb\u00fc\u2019n\u00fcn milli g\u00fcre\u015f\u00e7isi Taha Akg\u00fcl, e\u015fi Bianka Cekusz Akg\u00fcl ile beraber a\u00e7\u0131klamalarda bulundu.<\/p>\n<p>R\u0131za Kayaalp-Taha Akg\u00fcl Spor Kompleksinde ASK\u0130 Spor Kul\u00fcb\u00fc Genel Koordinat\u00f6r\u00fc Abdullah \u00c7akmar, e\u015fi Berfu \u00c7akmar ve o\u011fullar\u0131 Berat \u00c7akmar ile bir araya gelen Akg\u00fcl \u00e7ifti, hem yakla\u015fan turnuvalar hem evlilikleri hem de g\u00fcre\u015f sonras\u0131 planlar\u0131na y\u00f6nelik konu\u015ftu.<\/p>\n<p><b>\u201cBIANKA 1 SAYFA MA\u00c7 TAKT\u0130\u011e\u0130 YAZMI\u015e\u201d<\/b><\/p>\n<p>Avrupa \u015fampiyonas\u0131n\u0131n bitiminden sonra e\u015fi ve ailesiyle vakit ge\u00e7irdi\u011fini belirten Taha Akg\u00fcl, \u201cG\u00fcre\u015f zor bir spor, her \u015feyini vermen gerekiyor. Ben bu anlamda en iyi \u015fekilde m\u00fcsabakalara haz\u0131rlan\u0131yorum. E\u015fim de bana bu anlamda sa\u011f olsun \u00e7ok destek oldu. Biankan\u0131n hayat\u0131ma girmesiyle beraber b\u00fct\u00fcn turnuvalarda birincilik elde ettim. 5\u2019te 5 hamdolsun oldu. \u0130lk Avrupa \u015fampiyonlu\u011fum Biankan\u0131n memleketindeydi, ilk alt\u0131n madalyam\u0131 annesinin babas\u0131n\u0131n yan\u0131ndayken kazand\u0131m. Onunla beraber performans\u0131m \u00e7ok artt\u0131. Beni \u00e7ok motive ediyor. Eskiden annem ve babam \u00e7ok destek olurdu, \u015fimdi de e\u015fim \u00e7ok destek oluyor. \u0130n\u015fallah onun deste\u011fiyle olimpiyat alt\u0131n\u0131 nasip olur. Bianka ma\u00e7lardan \u00f6nce hep birinci olacaks\u0131n diyor. B\u00fct\u00fcn rakiplerimi biliyor. \u2018\u0130ranl\u0131 \u015f\u00f6yle g\u00fcre\u015fiyor, seni d\u0131\u015far\u0131ya itiyor\u2019 diyor. Annesiyle konu\u015fuyorlar hatta. 1 sayfa taktik yazm\u0131\u015f ma\u00e7 ak\u015fam\u0131 mesela\u201d dedi.<\/p>\n<p><b>\u201cHERKES ALTIN MADALYA BEKL\u0130YOR\u201d<\/b><\/p>\n<p>Can\u0131n\u0131n yanmad\u0131\u011f\u0131 hi\u00e7bir antrenman olmad\u0131\u011f\u0131n\u0131 kaydeden Taha Akg\u00fcl, \u015funlar\u0131 s\u00f6yledi:<\/p>\n<p>\u201cYaradan bana o \u015fekilde bu \u015fampiyonluklar\u0131 nasip ediyor. Tecr\u00fcbeli ya\u015flarday\u0131z ama fizik ve kuvvet olarak en iyi oldu\u011fum d\u00f6nemdeyim diyebilirim. Gen\u00e7li\u011fimde enerjimle, h\u0131z\u0131mla ve tekni\u011fimle g\u00f6t\u00fcr\u00fcyorum. \u015eimdi de kuvvetimle, irademle ve tecr\u00fcbemle g\u00f6t\u00fcr\u00fcyorum. \u015eu an tecr\u00fcbemle, kuvvetimle rakiplerimi durdurup \u015fampiyonluklar\u0131m\u0131 bu \u015fekilde kazan\u0131yorum. M\u00fcsabaka g\u00fcn\u00fc ve \u00f6ncesinde ya\u015fad\u0131\u011f\u0131m\u0131z stres \u00f6m\u00fcrden \u00f6m\u00fcr g\u00f6t\u00fcr\u00fcyor. Herkes alt\u0131n madalya bekliyor. Biz yenildi\u011fimizde hi\u00e7 ummad\u0131\u011f\u0131n yerde ummad\u0131\u011f\u0131n bir tepki al\u0131yorsun. G\u00fcre\u015f \u00fclkemizde sevilen bir bran\u015f. Hi\u00e7 ummad\u0131\u011f\u0131n yerde biri gelip aln\u0131ndan \u00f6p\u00fcp tebrik ediyor. Maneviyat\u0131 olan bir spor. Yenilgiyi halk\u0131m\u0131z bize yak\u0131\u015ft\u0131rm\u0131yor. Rakiplerle aram\u0131zda ciddi bir rekabet var, yenilmek de \u00e7ok zorumuza gidiyor. Final m\u00fcsabakas\u0131nda G\u00fcrc\u00fc sporcularla salonda kald\u0131k. Onlar da alt\u0131n madalya istiyor biz de istiyoruz. Kimse kaybetmek istemiyor. Ma\u00e7 bitti\u011fi anda da alt\u0131n madalyan\u0131 al\u0131p odana d\u00f6n\u00fcyorsun ya, o stres o karga\u015fa bitiyor ya, en b\u00fcy\u00fck hazz\u0131 veren o. \u0130\u015fimi do\u011fru yapt\u0131m diyorsun. Bunun keyfi \u00e7ok ba\u015fka. E\u015fimle beraberim \u015fu anda mesela. Beraber fedakarl\u0131k yapt\u0131k. O ayr\u0131 kald\u0131 ben ayr\u0131 kald\u0131m. Sonra dedim ki \u2018bu madalya senin i\u00e7in\u2019. Havaliman\u0131nda madalyay\u0131 direkt Biankan\u0131n boynuna takt\u0131m. \u015eimdi art\u0131k Bianka yan\u0131mda ve onun i\u00e7in de g\u00fcre\u015fiyorum. Spor hayat\u0131nda hi\u00e7 ke\u015fkem yok. B\u00fct\u00fcn turnuvalar dahil hepsinde alt\u0131n madalyam var. B\u00fct\u00fcn koleksiyon tam Sadece ke\u015fkem e\u011fer art\u0131ramazsam \u015fampiyonluklar\u0131n say\u0131s\u0131 olabilir belki ileride bunu derim. 3 \u015fampiyonam\u0131z kald\u0131. Seneye Avrupa \u015fampiyonam\u0131z var ama d\u00fcnya \u015fampiyonu olursam belki es ge\u00e7me durumum var \u00e7\u00fcnk\u00fc olimpiyatlara az kal\u0131yor. Bu Avrupa \u015fampiyonas\u0131nda sakatland\u0131m. \u015eu anda 2\u2019nci derece y\u0131rt\u0131k var. Bu ameliyat derecesinde olsayd\u0131 d\u00fcnya \u015fampiyonas\u0131n\u0131 ka\u00e7\u0131r\u0131rd\u0131m. Gelecek y\u0131l ayn\u0131s\u0131n\u0131 ya\u015fasam olimpiyatlar\u0131 ka\u00e7\u0131rabilirim. Gelecek y\u0131l \u00e7ok kontroll\u00fc olmam\u0131z gerekiyor. \u0130lk hedefim d\u00fcnya \u015fampiyonlu\u011fu ile olimpiyat vizesi almak. Kafam\u0131 rahatlatt\u0131ktan sonra 1 y\u0131l boyunca kendimi olimpiyata endeksleyece\u011fim. Avrupa benim i\u00e7in art\u0131k hedef de\u011fil. Zaten 10 yapt\u0131m o anlamda kendimi \u00e7ok odaklam\u0131yorum. \u0130yi hissedersem gidip g\u00fcre\u015fece\u011fim ama hissetmezsem es ge\u00e7ip direkt olimpiyatlarda g\u00fcre\u015fece\u011fim. B\u00fcy\u00fck hedef 2\u2019nci kez Olimpiyat \u015fampiyonlu\u011fu.\u201d<\/p>\n<p><b>\u201cT\u00dcM GEN\u00c7L\u0130\u011e\u0130M\u0130ZE H\u0130ZMET ETMEK \u0130STER\u0130M\u201d<\/b><\/p>\n<p>G\u00fcre\u015f kariyeri bittikten sonra g\u00f6rev verildi\u011fi taktirde \u00fclkenin gen\u00e7lerine hizmet etmek istedi\u011fini belirten Akg\u00fcl, \u201cBiz bu i\u015fin mutfa\u011f\u0131ndan, Sivas G\u00fcre\u015f E\u011fitim Merkezi\u2019nden geliyoruz. 12 ya\u015f\u0131ndan beri \u00e7ok zorluklar g\u00f6rd\u00fcm. O ya\u015flarda ya\u015fad\u0131\u011f\u0131m problemleri biliyorum. Daha sonra ya\u015fad\u0131\u011f\u0131m rahatl\u0131\u011f\u0131 biliyorum. Spor ad\u0131na ya\u015fanabilecek her \u015feyi ya\u015fad\u0131m. Sporda t\u00fcm bran\u015flar taraf\u0131ndan sevilen biriyim. Spor camias\u0131yla \u00e7ok iyiyim. Bakanl\u0131\u011f\u0131m\u0131z b\u00fcnyesinde veya federasyon b\u00fcnyesinde benim ad\u0131mlar\u0131m olacak. Bizim hizmet etmemiz gerekiyor. \u0130\u015fi ehline verdi\u011fimizde, yat\u0131r\u0131mlar direkt sporcuya ula\u015ft\u0131\u011f\u0131nda \u00fclkemizin gen\u00e7leri \u00e7ok b\u00fcy\u00fck i\u015fler ba\u015faracakt\u0131r. Spor hayat\u0131m bitti\u011finde yaradan bize neyi nasip edecek, b\u00fcy\u00fcklerim neyi takdir edecek bilmiyorum. \u015eu anda spor m\u00fc\u015favirli\u011fim var ve aktif g\u00f6rev almak istiyorum. D\u00f6nemin \u015fartlar\u0131na g\u00f6re en iyi g\u00f6rev ne olursa onu isteyece\u011fim. Takdir ederlerse de t\u00fcm gen\u00e7li\u011fimize hizmet etmek isterim\u201d dedi.<\/p>\n<p><b>\u201cZ\u0130RVEDE BIRAKMAK \u0130ST\u0130YORUM\u201d<\/b><\/p>\n<p>Kendisiyle birlikte R\u0131za Kayaalp ve Yasemin Adar\u2019\u0131n T\u00fcrk\u2019\u00fcn g\u00fcre\u015fteki g\u00fcc\u00fcn\u00fc d\u00fcnyaya g\u00f6sterdi\u011fini kaydeden Akg\u00fcl, \u201cBiz b\u0131rakt\u0131ktan sonra in\u015fallah bu \u00a0jenerasyon s\u0131k\u0131nt\u0131s\u0131 ya\u015famaz. Biz b\u0131rakt\u0131ktan sonra bu rekorlar\u0131n, ba\u015far\u0131lar\u0131n \u00f6nemi \u00e7ok anla\u015f\u0131lacak. Bu tarihi ba\u015far\u0131lar sadece T\u00fcrkiye Cumhuriyeti tarihinin de\u011fil, d\u00fcnya g\u00fcre\u015f tarihinin en b\u00fcy\u00fck ba\u015far\u0131lar\u0131. Ben d\u00fcnyan\u0131n neresine gidersem gideyim sayg\u0131nl\u0131k g\u00f6ren bir g\u00fcre\u015f\u00e7iyim. \u0130n\u015fallah gen\u00e7 karde\u015flerimize bayra\u011f\u0131 devredece\u011fiz. Niyetimiz 2024\u2019te final yapmak. Ben zirveye al\u0131\u015fm\u0131\u015f bir sporcu olarak zirvede b\u0131rakmak istiyorum\u201d diye konu\u015ftu.<\/p>\n<p><b>BIANKA CEKUSZ AKG\u00dcL: BEN\u0130MLE BERABER 5\u2019TE 5 YAPTI<\/b><\/p>\n<p>Taha Akg\u00fcl\u2019\u00fc ilk g\u00fcnden beri devaml\u0131 destekledi\u011fini ifade eden Bianka Cekusz Akg\u00fcl, \u201cKalben her zaman ona g\u00fc\u00e7 ve enerji veriyorum. \u0130lk Avrupa \u015fampiyonas\u0131n\u0131 beraber kazanm\u0131\u015ft\u0131k. Ona her anlamda destek olmaya \u00e7al\u0131\u015f\u0131yorum. Benimle beraber 5\u2019te 5 yapt\u0131 ve hi\u00e7 ma\u011flubiyet y\u00fcz\u00fc g\u00f6rmedi. Her zaman kazanaca\u011f\u0131n\u0131 s\u00f6yl\u00fcyorum. \u00c7ocuk sahibi olmay\u0131 da d\u00fc\u015f\u00fcn\u00fcyoruz ama \u00f6nce plan\u0131m\u0131z\u0131 yapmak istiyoruz. Bir \u015feyler olgunla\u015ft\u0131\u011f\u0131nda sevdiklerimize duyuraca\u011f\u0131z\u201d ifadelerini kulland\u0131.<\/p>\n","protected":false},"excerpt":{"rendered":"<p>Milli g\u00fcre\u015f\u00e7isi Taha Akg\u00fcl, elde etti\u011fi rekorlar\u0131n sporu b\u0131rakt\u0131ktan sonra daha iyi anla\u015f\u0131laca\u011f\u0131n\u0131 s\u00f6yledi. Taha Akg\u00fcl ayr\u0131ca, g\u00fcre\u015ften sonra bakanl\u0131k veya federasyon b\u00fcnyesinde ad\u0131mlar\u0131 olaca\u011f\u0131n\u0131 da duyurdu.<\/p>\n","protected":false},"author":1,"featured_media":89571,"comment_status":"closed","ping_status":"open","sticky":false,"template":"","format":"standard","meta":{"footnotes":""},"categories":[31],"tags":[1125,253,5826,189,551],"class_list":["post-89570","post","type-post","status-publish","format-standard","has-post-thumbnail","hentry","category-spor","tag-altin-madalya","tag-avrupa","tag-beraber","tag-gures","tag-spor"],"_links":{"self":[{"href":"https:\/\/haberulus.net\/index.php?rest_route=\/wp\/v2\/posts\/89570","targetHints":{"allow":["GET"]}}],"collection":[{"href":"https:\/\/haberulus.net\/index.php?rest_route=\/wp\/v2\/posts"}],"about":[{"href":"https:\/\/haberulus.net\/index.php?rest_route=\/wp\/v2\/types\/post"}],"author":[{"embeddable":true,"href":"https:\/\/haberulus.net\/index.php?rest_route=\/wp\/v2\/users\/1"}],"replies":[{"embeddable":true,"href":"https:\/\/haberulus.net\/index.php?rest_route=%2Fwp%2Fv2%2Fcomments&post=89570"}],"version-history":[{"count":1,"href":"https:\/\/haberulus.net\/index.php?rest_route=\/wp\/v2\/posts\/89570\/revisions"}],"predecessor-version":[{"id":89572,"href":"https:\/\/haberulus.net\/index.php?rest_route=\/wp\/v2\/posts\/89570\/revisions\/89572"}],"wp:featuredmedia":[{"embeddable":true,"href":"https:\/\/haberulus.net\/index.php?rest_route=\/wp\/v2\/media\/89571"}],"wp:attachment":[{"href":"https:\/\/haberulus.net\/index.php?rest_route=%2Fwp%2Fv2%2Fmedia&parent=89570"}],"wp:term":[{"taxonomy":"category","embeddable":true,"href":"https:\/\/haberulus.net\/index.php?rest_route=%2Fwp%2Fv2%2Fcategories&post=89570"},{"taxonomy":"post_tag","embeddable":true,"href":"https:\/\/haberulus.net\/index.php?rest_route=%2Fwp%2Fv2%2Ftags&post=89570"}],"curies":[{"name":"wp","href":"https:\/\/api.w.org\/{rel}","templated":true}]}}