{"id":89811,"date":"2023-05-13T11:35:33","date_gmt":"2023-05-13T11:35:33","guid":{"rendered":"https:\/\/haberulus.net\/?p=89811"},"modified":"2023-05-13T11:35:33","modified_gmt":"2023-05-13T11:35:33","slug":"cumhurbaskani-erdogan-secime-saatler-kala-yaptigi-mitinge-kazandiran-ceket-ile-cikti","status":"publish","type":"post","link":"https:\/\/haberulus.net\/?p=89811","title":{"rendered":"Cumhurba\u015fkan\u0131 Erdo\u011fan, se\u00e7ime saatler kala yapt\u0131\u011f\u0131 mitinge &#8220;kazand\u0131ran ceket&#8221; ile \u00e7\u0131kt\u0131"},"content":{"rendered":"<p>T\u00fcrkiye yar\u0131n sabah sand\u0131k ba\u015f\u0131na gitmeye haz\u0131rlan\u0131rken, Cumhur \u0130ttifak\u0131&#8217;n\u0131n aday\u0131 Cumhurba\u015fkan\u0131 Erdo\u011fan \u0130stanbul&#8217;da vatanda\u015flarla bir araya geldi.<\/p>\n<p><b>CEKET DETAYI D\u0130KKATLERDEN KA\u00c7MADI<\/b><\/p>\n<p>Kendisini bekleyen kalabal\u0131\u011fa seslenen Cumhurba\u015fkan\u0131 Erdo\u011fan&#8217;\u0131n sahneye kendisiyle \u00f6zde\u015fle\u015fen ve &#8216;kazand\u0131ran ceket&#8217; olarak an\u0131lan ekose ceketi ile \u00e7\u0131kmas\u0131 dikkat \u00e7ekti.<\/p>\n<p><img decoding=\"async\" src=\"https:\/\/i.hbrcdn.com\/haber\/2023\/05\/13\/cumhurbaskani-erdogan-secime-saatler-kala-15898728_3542_m.jpg\" alt=\"\" title=\"\"><\/p>\n<p><b>&#8220;SE\u00c7\u0130M KAZANDIRAN CEKET&#8221; OLARAK B\u0130L\u0130N\u0130YOR<\/b><\/p>\n<p>Cumhurba\u015fkan\u0131 Erdo\u011fan, winner ceketi en \u00e7ok tercih eden liderlerinden biri olmas\u0131yla dikkat \u00e7ekiyor. Hatta zaman zaman sosyal medyada bu ceket i\u00e7in &#8220;Se\u00e7im kazand\u0131ran ceket&#8221; yorumlar\u0131 yap\u0131l\u0131yor.<\/p>\n<p><img decoding=\"async\" src=\"https:\/\/i.hbrcdn.com\/haber\/2023\/05\/13\/cumhurbaskani-erdogan-secime-saatler-kala-15898728_6452_m.jpg\" alt=\"\" title=\"\"><\/p><\/p>\n","protected":false},"excerpt":{"rendered":"<p>Se\u00e7imlere saatler kala \u0130stanbul&#8217;da bir miting d\u00fczenleyen Cumhurba\u015fkan\u0131 Erdo\u011fan, k\u00fcrs\u00fcye kendisiyle \u00f6zde\u015fle\u015fen ve &#8216;kazand\u0131ran ceket&#8217; olarak adland\u0131r\u0131lan ekose ceketiyle \u00e7\u0131kt\u0131.<\/p>\n","protected":false},"author":1,"featured_media":0,"comment_status":"closed","ping_status":"open","sticky":false,"template":"","format":"standard","meta":{"footnotes":""},"categories":[28],"tags":[7840],"class_list":["post-89811","post","type-post","status-publish","format-standard","hentry","category-politika","tag-ceket"],"_links":{"self":[{"href":"https:\/\/haberulus.net\/index.php?rest_route=\/wp\/v2\/posts\/89811","targetHints":{"allow":["GET"]}}],"collection":[{"href":"https:\/\/haberulus.net\/index.php?rest_route=\/wp\/v2\/posts"}],"about":[{"href":"https:\/\/haberulus.net\/index.php?rest_route=\/wp\/v2\/types\/post"}],"author":[{"embeddable":true,"href":"https:\/\/haberulus.net\/index.php?rest_route=\/wp\/v2\/users\/1"}],"replies":[{"embeddable":true,"href":"https:\/\/haberulus.net\/index.php?rest_route=%2Fwp%2Fv2%2Fcomments&post=89811"}],"version-history":[{"count":1,"href":"https:\/\/haberulus.net\/index.php?rest_route=\/wp\/v2\/posts\/89811\/revisions"}],"predecessor-version":[{"id":89812,"href":"https:\/\/haberulus.net\/index.php?rest_route=\/wp\/v2\/posts\/89811\/revisions\/89812"}],"wp:attachment":[{"href":"https:\/\/haberulus.net\/index.php?rest_route=%2Fwp%2Fv2%2Fmedia&parent=89811"}],"wp:term":[{"taxonomy":"category","embeddable":true,"href":"https:\/\/haberulus.net\/index.php?rest_route=%2Fwp%2Fv2%2Fcategories&post=89811"},{"taxonomy":"post_tag","embeddable":true,"href":"https:\/\/haberulus.net\/index.php?rest_route=%2Fwp%2Fv2%2Ftags&post=89811"}],"curies":[{"name":"wp","href":"https:\/\/api.w.org\/{rel}","templated":true}]}}