{"id":89888,"date":"2023-05-13T13:49:33","date_gmt":"2023-05-13T13:49:33","guid":{"rendered":"https:\/\/haberulus.net\/?p=89888"},"modified":"2023-05-13T13:49:33","modified_gmt":"2023-05-13T13:49:33","slug":"hdpli-saliha-aydeniz-ocalan-ozgur-olmadikca-turkiye-de-ozgur-olamaz","status":"publish","type":"post","link":"https:\/\/haberulus.net\/?p=89888","title":{"rendered":"HDP&#8217;li Saliha Aydeniz: \u00d6calan \u00f6zg\u00fcr olmad\u0131k\u00e7a T\u00fcrkiye de \u00f6zg\u00fcr olamaz"},"content":{"rendered":"<p>Cumhurba\u015fkanl\u0131\u011f\u0131 ve 28. d\u00f6nem milletvekilli\u011fi se\u00e7imlerine 1 g\u00fcn kala siyasi partiler de art\u0131k son mitinglerini ger\u00e7ekle\u015ftiriyor. <\/p>\n<p><b>&#8220;\u00d6CALAN \u00d6ZG\u00dcR OLMADIK\u00c7A, T\u00dcRK\u0130YE \u00d6ZG\u00dcR OLAMAZ&#8221;<\/b><\/p>\n<p>Bu do\u011frultuda ger\u00e7ekle\u015fen HDP mitinginde konu\u015fan DBP E\u015f Genel Ba\u015fkan\u0131 Saliha Aydeniz skandal ifadeler kulland\u0131. Aydeniz, &#8220;Say\u0131n \u00d6calan \u00f6zg\u00fcr olmad\u0131k\u00e7a T\u00fcrkiye&#8217;de \u00f6zg\u00fcr olamaz. Say\u0131n \u00d6calan&#8217;\u0131n \u00f6zg\u00fcr olmas\u0131 gerekiyor.&#8221; dedi. <\/p>\n<p><b>DAHA \u00d6NCE DE BENZER \u0130FADELER KULLANMI\u015eTI<\/b><\/p>\n<p>Daha \u00f6nce de HDP mitinginde konu\u015fan DBP E\u015f Genel Ba\u015fkan\u0131 Saliha Aydeniz, Mardin K\u0131z\u0131ltepe&#8217;de skandal ifadeler kullanm\u0131\u015ft\u0131. Aydeniz &#8220;Biz 14 May\u0131s&#8217;ta \u0130mral\u0131&#8217;n\u0131n da kap\u0131s\u0131n\u0131 par\u00e7a par\u00e7a edece\u011fiz, tecrite son verece\u011fiz.&#8221; dedi. <\/p>\n<p>Aydeniz &#8220;Biliyoruz ki bu iktidar, K\u00fcrt d\u00fc\u015fmanl\u0131\u011f\u0131 \u00fczerinden, K\u00fcrt soyk\u0131r\u0131m\u0131 \u00fczerinden t\u00fcm T\u00fcrkiye&#8217;yi bir zorbal\u0131kla y\u00f6netmek istiyor, bu temelde bir politika vermi\u015f, ya\u015fama ge\u00e7iriyor. K\u00fcrt halk\u0131n\u0131n iradesini tan\u0131m\u0131yor. Ama 14 May\u0131s&#8217;ta biz bu iktidar\u0131 g\u00f6nderece\u011fiz.&#8221; \u015feklinde konu\u015ftu.<\/p>\n","protected":false},"excerpt":{"rendered":"<p>T\u00fcrkiye&#8217;nin kilitlendi\u011fi se\u00e7imlere say\u0131l\u0131 saatler kala HDP mitinginde konu\u015fan DBP E\u015f Genel Ba\u015fkan\u0131 Saliha Aydeniz, &#8220;Say\u0131n \u00d6calan \u00f6zg\u00fcr olmad\u0131k\u00e7a T\u00fcrkiye&#8217;de \u00f6zg\u00fcr olamaz. Say\u0131n \u00d6calan&#8217;\u0131n \u00f6zg\u00fcr olmas\u0131 gerekiyor&#8221; ifadelerini kulland\u0131.<\/p>\n","protected":false},"author":1,"featured_media":0,"comment_status":"closed","ping_status":"open","sticky":false,"template":"","format":"standard","meta":{"footnotes":""},"categories":[28],"tags":[4816],"class_list":["post-89888","post","type-post","status-publish","format-standard","hentry","category-politika","tag-ozgur"],"_links":{"self":[{"href":"https:\/\/haberulus.net\/index.php?rest_route=\/wp\/v2\/posts\/89888","targetHints":{"allow":["GET"]}}],"collection":[{"href":"https:\/\/haberulus.net\/index.php?rest_route=\/wp\/v2\/posts"}],"about":[{"href":"https:\/\/haberulus.net\/index.php?rest_route=\/wp\/v2\/types\/post"}],"author":[{"embeddable":true,"href":"https:\/\/haberulus.net\/index.php?rest_route=\/wp\/v2\/users\/1"}],"replies":[{"embeddable":true,"href":"https:\/\/haberulus.net\/index.php?rest_route=%2Fwp%2Fv2%2Fcomments&post=89888"}],"version-history":[{"count":1,"href":"https:\/\/haberulus.net\/index.php?rest_route=\/wp\/v2\/posts\/89888\/revisions"}],"predecessor-version":[{"id":89889,"href":"https:\/\/haberulus.net\/index.php?rest_route=\/wp\/v2\/posts\/89888\/revisions\/89889"}],"wp:attachment":[{"href":"https:\/\/haberulus.net\/index.php?rest_route=%2Fwp%2Fv2%2Fmedia&parent=89888"}],"wp:term":[{"taxonomy":"category","embeddable":true,"href":"https:\/\/haberulus.net\/index.php?rest_route=%2Fwp%2Fv2%2Fcategories&post=89888"},{"taxonomy":"post_tag","embeddable":true,"href":"https:\/\/haberulus.net\/index.php?rest_route=%2Fwp%2Fv2%2Ftags&post=89888"}],"curies":[{"name":"wp","href":"https:\/\/api.w.org\/{rel}","templated":true}]}}