{"id":90364,"date":"2023-05-15T09:51:03","date_gmt":"2023-05-15T09:51:03","guid":{"rendered":"https:\/\/haberulus.net\/?p=90364"},"modified":"2023-05-15T09:51:03","modified_gmt":"2023-05-15T09:51:03","slug":"genis-ailelerin-yuzde-289u-yoksulluk-sinirinin-altinda-yasiyor","status":"publish","type":"post","link":"https:\/\/haberulus.net\/?p=90364","title":{"rendered":"Geni\u015f ailelerin y\u00fczde 28,9\u2019u yoksulluk s\u0131n\u0131r\u0131n\u0131n alt\u0131nda ya\u015f\u0131yor"},"content":{"rendered":"<p>T\u00dc\u0130K 2022 y\u0131l\u0131na ait \u0130statistiklerle Aile verilerini bug\u00fcn a\u00e7\u0131klad\u0131. Buna g\u00f6re, geni\u015f ailelerin y\u00fczde 28,9\u2019unun yoksulluk s\u0131n\u0131r\u0131n\u0131n alt\u0131nda ya\u015fad\u0131\u011f\u0131 g\u00f6r\u00fcld\u00fc.<\/p>\n<p>Adrese Dayal\u0131 N\u00fcfus Kay\u0131t Sistemi (ADNKS) sonu\u00e7lar\u0131na g\u00f6re, T\u00fcrkiye\u2019de 2008 y\u0131l\u0131nda 4 ki\u015fi olan ortalama hanehalk\u0131 b\u00fcy\u00fckl\u00fc\u011f\u00fcn\u00fcn, azalma e\u011filimi g\u00f6stererek 2022 y\u0131l\u0131nda 3,17 ki\u015fiye d\u00fc\u015ft\u00fc\u011f\u00fc g\u00f6r\u00fcld\u00fc.<\/p>\n<p>Gelir ve ya\u015fam ko\u015fullar\u0131 ara\u015ft\u0131rmas\u0131 sonu\u00e7lar\u0131na g\u00f6re, e\u015fde\u011fer hanehalk\u0131 kullan\u0131labilir fert medyan gelirinin y\u00fczde 60\u2019\u0131 dikkate al\u0131narak belirlenen s\u0131n\u0131ra g\u00f6re yoksulluk oran\u0131 2022 y\u0131l\u0131nda y\u00fczde 21,6 olarak ger\u00e7ekle\u015fti.<\/p>\n<p>Hanehalk\u0131 tipine g\u00f6re yoksulluk oran\u0131 incelendi\u011finde ise tek ki\u015filik hanehalklar\u0131n\u0131n y\u00fczde 10,9\u2019unun, tek \u00e7ekirdek aileden olu\u015fan hanehalklar\u0131n\u0131n y\u00fczde 21\u2019inin, geni\u015f ailelerden olu\u015fan hanehalklar\u0131n\u0131n y\u00fczde 28,9\u2019unun, \u00e7ekirdek aile bulunmayan birden fazla ki\u015fiden olu\u015fan hanehalklar\u0131n\u0131n ise y\u00fczde 15,5\u2019inin yoksulluk s\u0131n\u0131r\u0131n\u0131n alt\u0131nda ya\u015fad\u0131\u011f\u0131 g\u00f6zlendi.<\/p>\n<p><b>KEND\u0130NE A\u0130T KONUTTA YA\u015eAYANLARIN ORANI Y\u00dcZDE 56,7<\/b><\/p>\n<p>Gelir ve ya\u015fam ko\u015fullar\u0131 ara\u015ft\u0131rmas\u0131 sonu\u00e7lar\u0131na g\u00f6re, 2022 y\u0131l\u0131nda konutun m\u00fclkiyet durumlar\u0131 incelendi\u011finde, fertlerin y\u00fczde 56,7\u2019sinin oturdu\u011fu konutun kendilerine ait oldu\u011fu, y\u00fczde 27,2\u2019sinin ise kirac\u0131 oldu\u011fu g\u00f6r\u00fcld\u00fc. Lojmanda oturanlar\u0131n oran\u0131 y\u00fczde 1,1 olurken kendi konutunda oturmay\u0131p kira \u00f6demeyenlerin oran\u0131 ise y\u00fczde 15,1 olarak ger\u00e7ekle\u015fti.<\/p>\n<p><b>\u00dc\u00c7 K\u0130\u015e\u0130DEN B\u0130R\u0130 ISINAMIYOR<\/b><\/p>\n<p>Gelir ve ya\u015fam ko\u015fullar\u0131 ara\u015ft\u0131rmas\u0131 sonu\u00e7lar\u0131na g\u00f6re fertlerin y\u00fczde 33,61\u2019inin 2022 y\u0131l\u0131nda konutunda izolasyondan dolay\u0131 \u0131s\u0131nma sorunu ya\u015fad\u0131\u011f\u0131, y\u00fczde 33,57\u2019sinin s\u0131zd\u0131ran \u00e7at\u0131, nemli duvarlar, \u00e7\u00fcr\u00fcm\u00fc\u015f pencere \u00e7er\u00e7evesi vb. nedenlerle sorun ya\u015fad\u0131\u011f\u0131 ve y\u00fczde 21,72\u2019sinin trafik veya end\u00fcstrinin neden oldu\u011fu hava kirlili\u011fi, \u00e7evre kirlili\u011fi veya di\u011fer \u00e7evresel sorunlar ya\u015fad\u0131\u011f\u0131 g\u00f6r\u00fcld\u00fc.<\/p>\n","protected":false},"excerpt":{"rendered":"<p>T\u00dc\u0130K verilerine g\u00f6re, geni\u015f ailelerin y\u00fczde 28,9&#8217;unun yoksulluk s\u0131n\u0131r\u0131n\u0131n alt\u0131nda ya\u015fad\u0131\u011f\u0131 g\u00f6r\u00fcld\u00fc.<\/p>\n","protected":false},"author":1,"featured_media":90365,"comment_status":"closed","ping_status":"open","sticky":false,"template":"","format":"standard","meta":{"footnotes":""},"categories":[25],"tags":[128,1079,11877,881],"class_list":["post-90364","post","type-post","status-publish","format-standard","has-post-thumbnail","hentry","category-ekonomi","tag-128","tag-aile","tag-yasadigi","tag-yilinda"],"_links":{"self":[{"href":"https:\/\/haberulus.net\/index.php?rest_route=\/wp\/v2\/posts\/90364","targetHints":{"allow":["GET"]}}],"collection":[{"href":"https:\/\/haberulus.net\/index.php?rest_route=\/wp\/v2\/posts"}],"about":[{"href":"https:\/\/haberulus.net\/index.php?rest_route=\/wp\/v2\/types\/post"}],"author":[{"embeddable":true,"href":"https:\/\/haberulus.net\/index.php?rest_route=\/wp\/v2\/users\/1"}],"replies":[{"embeddable":true,"href":"https:\/\/haberulus.net\/index.php?rest_route=%2Fwp%2Fv2%2Fcomments&post=90364"}],"version-history":[{"count":1,"href":"https:\/\/haberulus.net\/index.php?rest_route=\/wp\/v2\/posts\/90364\/revisions"}],"predecessor-version":[{"id":90366,"href":"https:\/\/haberulus.net\/index.php?rest_route=\/wp\/v2\/posts\/90364\/revisions\/90366"}],"wp:featuredmedia":[{"embeddable":true,"href":"https:\/\/haberulus.net\/index.php?rest_route=\/wp\/v2\/media\/90365"}],"wp:attachment":[{"href":"https:\/\/haberulus.net\/index.php?rest_route=%2Fwp%2Fv2%2Fmedia&parent=90364"}],"wp:term":[{"taxonomy":"category","embeddable":true,"href":"https:\/\/haberulus.net\/index.php?rest_route=%2Fwp%2Fv2%2Fcategories&post=90364"},{"taxonomy":"post_tag","embeddable":true,"href":"https:\/\/haberulus.net\/index.php?rest_route=%2Fwp%2Fv2%2Ftags&post=90364"}],"curies":[{"name":"wp","href":"https:\/\/api.w.org\/{rel}","templated":true}]}}