{"id":90440,"date":"2023-05-15T11:35:37","date_gmt":"2023-05-15T11:35:37","guid":{"rendered":"https:\/\/haberulus.net\/?p=90440"},"modified":"2023-05-15T11:35:37","modified_gmt":"2023-05-15T11:35:37","slug":"abden-ikinci-tur-aciklamasi","status":"publish","type":"post","link":"https:\/\/haberulus.net\/?p=90440","title":{"rendered":"AB\u2019den \u2018ikinci tur\u2019 a\u00e7\u0131klamas\u0131"},"content":{"rendered":"<p>Avrupa Birli\u011fi (AB) Komisyonu Ba\u015fkan\u0131 Ursula von der Leyen, T\u00fcrkiye\u2019de d\u00fczenlenen se\u00e7imleri yak\u0131ndan izlediklerini, kat\u0131l\u0131m\u0131n y\u00fcksekli\u011finin b\u00fcy\u00fck kazan\u0131m oldu\u011funu, ikinci turun ne getirece\u011fini g\u00f6rmeyi beklediklerini s\u00f6yledi.<\/p>\n<p>Von der Leyen, AB Konseyi Ba\u015fkan\u0131 Charles Michel ile d\u00fczenledi\u011fi bas\u0131n toplant\u0131s\u0131nda, T\u00fcrkiye\u2019deki Cumhurba\u015fkan\u0131 ve 28. D\u00f6nem Milletvekili Se\u00e7imleri hakk\u0131ndaki de\u011ferlendirmesiyle ilgili soruyu yan\u0131tlad\u0131. T\u00fcrkiye\u2019nin kendileri i\u00e7in \u00f6nemli bir ortak oldu\u011funu belirten von der Leyen, \u015fu ifadeleri kulland\u0131:<\/p>\n<p>\u201cBu se\u00e7imlerdeki \u00e7ok b\u00fcy\u00fck kat\u0131l\u0131m ger\u00e7ekten iyi haber \u00e7\u00fcnk\u00fc bu T\u00fcrk halk\u0131n\u0131n demokratik haklar\u0131n\u0131 kullanarak gidip oy vermeye ba\u011fl\u0131l\u0131klar\u0131n\u0131, demokratik kurumlara de\u011fer verdiklerini g\u00f6stermektedir. Bu d\u00fcnk\u00fc se\u00e7imlerin b\u00fcy\u00fck kazan\u0131m\u0131d\u0131r. Se\u00e7imler hala devam ediyor. \u015eimdi ikinci turu g\u00f6rmemiz gerekiyor. Bununla ilgili a\u00e7\u0131klamalar\u0131 da \u00e7ok yak\u0131ndan takip ediyoruz. \u0130kinci turun ne getirece\u011fini g\u00f6rmemiz laz\u0131m.\u201d<\/p>\n<p>AB Konseyi Ba\u015fkan\u0131 Michel ise se\u00e7ime y\u00fcksek kat\u0131l\u0131m oran\u0131 dolay\u0131s\u0131yla T\u00fcrk vatanda\u015flar\u0131n\u0131 takdir etti\u011fini s\u00f6yledi. Demokrasilerde se\u00e7im s\u00fcrecinin \u00f6nemine i\u015faret eden Michel, bu s\u00fcrecin sonucunu takip edeceklerini belirtti. (AA)<\/p>\n","protected":false},"excerpt":{"rendered":"<p>Avrupa Birli\u011fi Komisyonu Ba\u015fkan\u0131 Ursula von der Leyen, T\u00fcrkiye&#8217;deki se\u00e7imleri yak\u0131ndan izlediklerini belirterek &#8220;Se\u00e7imler hala devam ediyor&#8221; dedi.<\/p>\n","protected":false},"author":1,"featured_media":90441,"comment_status":"closed","ping_status":"open","sticky":false,"template":"","format":"standard","meta":{"footnotes":""},"categories":[24],"tags":[5074,87],"class_list":["post-90440","post","type-post","status-publish","format-standard","has-post-thumbnail","hentry","category-dunya","tag-secimler","tag-turk"],"_links":{"self":[{"href":"https:\/\/haberulus.net\/index.php?rest_route=\/wp\/v2\/posts\/90440","targetHints":{"allow":["GET"]}}],"collection":[{"href":"https:\/\/haberulus.net\/index.php?rest_route=\/wp\/v2\/posts"}],"about":[{"href":"https:\/\/haberulus.net\/index.php?rest_route=\/wp\/v2\/types\/post"}],"author":[{"embeddable":true,"href":"https:\/\/haberulus.net\/index.php?rest_route=\/wp\/v2\/users\/1"}],"replies":[{"embeddable":true,"href":"https:\/\/haberulus.net\/index.php?rest_route=%2Fwp%2Fv2%2Fcomments&post=90440"}],"version-history":[{"count":1,"href":"https:\/\/haberulus.net\/index.php?rest_route=\/wp\/v2\/posts\/90440\/revisions"}],"predecessor-version":[{"id":90442,"href":"https:\/\/haberulus.net\/index.php?rest_route=\/wp\/v2\/posts\/90440\/revisions\/90442"}],"wp:featuredmedia":[{"embeddable":true,"href":"https:\/\/haberulus.net\/index.php?rest_route=\/wp\/v2\/media\/90441"}],"wp:attachment":[{"href":"https:\/\/haberulus.net\/index.php?rest_route=%2Fwp%2Fv2%2Fmedia&parent=90440"}],"wp:term":[{"taxonomy":"category","embeddable":true,"href":"https:\/\/haberulus.net\/index.php?rest_route=%2Fwp%2Fv2%2Fcategories&post=90440"},{"taxonomy":"post_tag","embeddable":true,"href":"https:\/\/haberulus.net\/index.php?rest_route=%2Fwp%2Fv2%2Ftags&post=90440"}],"curies":[{"name":"wp","href":"https:\/\/api.w.org\/{rel}","templated":true}]}}