{"id":90451,"date":"2023-05-15T11:51:05","date_gmt":"2023-05-15T11:51:05","guid":{"rendered":"https:\/\/haberulus.net\/?p=90451"},"modified":"2023-05-15T11:51:05","modified_gmt":"2023-05-15T11:51:05","slug":"financial-timestan-secim-analizi-muhalefet-ruhunu-ariyor","status":"publish","type":"post","link":"https:\/\/haberulus.net\/?p=90451","title":{"rendered":"Financial Times\u2019tan se\u00e7im analizi: Muhalefet ruhunu ar\u0131yor"},"content":{"rendered":"<p>\u0130ngiltere\u2019nin sayg\u0131n gazetelerinden Financial Times, cumhurba\u015fkan\u0131 ve milletvekili se\u00e7imleri ile ilgili dikkat \u00e7ekici bir analiz yay\u0131nlad\u0131.<\/p>\n<p>\u201cSe\u00e7im sonucunda Erdo\u011fan\u2019\u0131n \u00f6nde olmas\u0131 T\u00fcrkiye\u2019de muhalefetin ruhunu arama \u00e7abalar\u0131n\u0131 h\u0131zland\u0131rd\u0131\u201d ba\u015fl\u0131\u011f\u0131 kullan\u0131l\u0131rken, \u201cCumhurba\u015fkan\u0131 aday\u0131 K\u0131l\u0131\u00e7daro\u011flu iki hafta sonra yap\u0131lacak ikinci tur se\u00e7imlerinde \u00e7ok zorlu bir m\u00fccadeleyle kar\u015f\u0131 kar\u015f\u0131ya. Erdo\u011fan\u2019\u0131n 20 y\u0131ll\u0131k iktidar\u0131n\u0131 bitirmek yerine Pazar g\u00fcn\u00fc yap\u0131lan se\u00e7imler muhalefet blo\u011funun ruhunu arama s\u00fcrecini tetikledi\u201d denildi.<\/p>\n<p><strong>\u201cKILI\u00c7DARO\u011eLU \u0130\u00c7\u0130N EN K\u00d6T\u00dc SENARYO\u201d<\/strong><\/p>\n<p>Muhalefet Erdo\u011fan\u2019\u0131n ilk tur zaferini reddederken, \u00e7\u0131kan sonu\u00e7 K\u0131l\u0131\u00e7daro\u011flu\u2019na en k\u00f6t\u00fc senaryolardan birini ortaya koyuyor.<\/p>\n<p>Erdo\u011fan\u2019\u0131n d\u00fcn gece yapt\u0131\u011f\u0131 konu\u015fmada K\u0131l\u0131\u00e7daro\u011flu ile dalga ge\u00e7ti\u011fine de dikkat \u00e7ekilirken, \u201cSe\u00e7menin yorgunlu\u011fu muhalefet i\u00e7in ciddi bir sorun olacak\u201d yorumu yap\u0131ld\u0131. Gazete, K\u0131l\u0131\u00e7daro\u011flu\u2019nun hem AKP\u2019den hem de Millet \u0130ttifak\u0131 b\u00fcnyesindeki partilerle m\u00fccadele edebilece\u011fini yazd\u0131. Financial Times, \u201c\u0130yi Parti lideri Ak\u015fener Mart ay\u0131nda adayl\u0131\u011f\u0131 reddetmi\u015fti. \u015eimdi baz\u0131 muhalefet destek\u00e7ileri partiler aras\u0131nda k\u0131r\u0131lmalar olmas\u0131ndan endi\u015fe ediyor\u201d hat\u0131rlatmas\u0131n\u0131 da yapt\u0131.<\/p>\n","protected":false},"excerpt":{"rendered":"<p>D\u00fcnya, T\u00fcrkiye&#8217;deki se\u00e7imleri konu\u015fmaya devam ederken, \u0130ngiliz Financial Times gazetesi muhalefet ile ilgili dikkat \u00e7ekici yorumlarda bulundu.<\/p>\n","protected":false},"author":1,"featured_media":90452,"comment_status":"closed","ping_status":"open","sticky":false,"template":"","format":"standard","meta":{"footnotes":""},"categories":[24],"tags":[1496,937],"class_list":["post-90451","post","type-post","status-publish","format-standard","has-post-thumbnail","hentry","category-dunya","tag-kilicdaroglu","tag-muhalefet"],"_links":{"self":[{"href":"https:\/\/haberulus.net\/index.php?rest_route=\/wp\/v2\/posts\/90451","targetHints":{"allow":["GET"]}}],"collection":[{"href":"https:\/\/haberulus.net\/index.php?rest_route=\/wp\/v2\/posts"}],"about":[{"href":"https:\/\/haberulus.net\/index.php?rest_route=\/wp\/v2\/types\/post"}],"author":[{"embeddable":true,"href":"https:\/\/haberulus.net\/index.php?rest_route=\/wp\/v2\/users\/1"}],"replies":[{"embeddable":true,"href":"https:\/\/haberulus.net\/index.php?rest_route=%2Fwp%2Fv2%2Fcomments&post=90451"}],"version-history":[{"count":1,"href":"https:\/\/haberulus.net\/index.php?rest_route=\/wp\/v2\/posts\/90451\/revisions"}],"predecessor-version":[{"id":90453,"href":"https:\/\/haberulus.net\/index.php?rest_route=\/wp\/v2\/posts\/90451\/revisions\/90453"}],"wp:featuredmedia":[{"embeddable":true,"href":"https:\/\/haberulus.net\/index.php?rest_route=\/wp\/v2\/media\/90452"}],"wp:attachment":[{"href":"https:\/\/haberulus.net\/index.php?rest_route=%2Fwp%2Fv2%2Fmedia&parent=90451"}],"wp:term":[{"taxonomy":"category","embeddable":true,"href":"https:\/\/haberulus.net\/index.php?rest_route=%2Fwp%2Fv2%2Fcategories&post=90451"},{"taxonomy":"post_tag","embeddable":true,"href":"https:\/\/haberulus.net\/index.php?rest_route=%2Fwp%2Fv2%2Ftags&post=90451"}],"curies":[{"name":"wp","href":"https:\/\/api.w.org\/{rel}","templated":true}]}}