{"id":90478,"date":"2023-05-15T12:25:06","date_gmt":"2023-05-15T12:25:06","guid":{"rendered":"https:\/\/haberulus.net\/?p=90478"},"modified":"2023-05-15T12:25:06","modified_gmt":"2023-05-15T12:25:06","slug":"sinan-ogan-reutersa-konustu-kilicdarogluna-destek-icin-sartini-acikladi","status":"publish","type":"post","link":"https:\/\/haberulus.net\/?p=90478","title":{"rendered":"Sinan O\u011fan Reuters\u2019a konu\u015ftu, K\u0131l\u0131\u00e7daro\u011flu\u2019na destek i\u00e7in \u015fart\u0131n\u0131 a\u00e7\u0131klad\u0131"},"content":{"rendered":"<p>T\u00fcrkiye&#8217;de d\u00fcn d\u00fczenlenen cumhurba\u015fkanl\u0131\u011f\u0131 se\u00e7imlerinde y\u00fczde 5,2 oy alan Ata \u0130ttifak\u0131 aday\u0131 Sinan O\u011fan, \u0130ngiliz haber ajans\u0131 Reuters&#8217;a konu\u015ftu.<\/p>\n<p>Reuters&#8217;\u0131n \u201cT\u00fcrkiye&#8217;deki ikinci turda iktidar\u0131 belirleme potansiyeline sahip isim, K\u00fcrtlere y\u00f6nelik tavizler konusunda k\u0131rm\u0131z\u0131 \u00e7izgi \u00e7ekti\u201d ba\u015fl\u0131kl\u0131 haberinde, O\u011fan&#8217;\u0131n ancak \u201cK\u00fcrt yanl\u0131s\u0131 partiye\u201d taviz verilmemesinin kabul\u00fc halinde ikinci turda Kemal K\u0131l\u0131\u00e7daro\u011flu&#8217;nu destekleyece\u011fini s\u00f6yledi\u011fi aktar\u0131ld\u0131.<\/p>\n<p>O\u011fan, Reuters&#8217;a a\u00e7\u0131klamas\u0131nda \u201c\u0130kinci tur i\u00e7in se\u00e7men taban\u0131m\u0131zla g\u00f6r\u00fc\u015fece\u011fiz. Ancak ter\u00f6rle m\u00fccadele ve m\u00fcltecilerin geri g\u00f6nderilmesinin k\u0131rm\u0131z\u0131 \u00e7izgilerimiz oldu\u011funu zaten ortaya koyduk\u201d dedi.<\/p>\n<p>Sinan O\u011fan, yurt d\u0131\u015f\u0131ndan getirilen oylar\u0131n say\u0131m\u0131n\u0131n devam etti\u011fi Ankara Ticaret Odas\u0131 Congresium \u00f6n\u00fcnde yapt\u0131\u011f\u0131 a\u00e7\u0131klamada da \u201cSe\u00e7im ikinci tura kalm\u0131\u015ft\u0131 zaten. Biz asl\u0131nda se\u00e7im ilk ba\u015flad\u0131\u011f\u0131nda o zaman dedik ki se\u00e7im ikinci tura kalacak. \u00c7\u00fcnk\u00fc sahay\u0131 do\u011fru okumak laz\u0131m\u201d diye konu\u015fmu\u015ftu.<\/p>\n<p>\u201cBiz istedi\u011fimiz b\u00fct\u00fcn hedeflere vard\u0131k. Bundan sonra biz T\u00fcrkiye&#8217;nin bir krize ve siyasi \u00e7alkant\u0131ya girmemesi i\u00e7in b\u00fct\u00fcn sorumlulu\u011fu \u00fcstlenece\u011fiz ve alaca\u011f\u0131z\u201d diyen O\u011fan, \u201cBiz ne demi\u015ftik; \u2018T\u00fcrk milliyet\u00e7ileri bu se\u00e7imin tam g\u00f6be\u011finde olacak&#8217; demi\u015ftik. Biz \u2018HDP ve H\u00dcDA PAR bu se\u00e7imde kilit olamayacak&#8217; demi\u015ftik. \u2018Biz bu se\u00e7imin belirleyeni olaca\u011f\u0131z&#8217; demi\u015ftik\u201d ifadelerini kullanm\u0131\u015ft\u0131.<\/p>\n","protected":false},"excerpt":{"rendered":"<p>Cumhurba\u015fkanl\u0131\u011f\u0131 se\u00e7imlerini y\u00fczde 5,2 oyla \u00fc\u00e7\u00fcnc\u00fc s\u0131rada tamamlayan Ata \u0130ttifak\u0131 aday\u0131 Sinan O\u011fan, \u0130ngiliz haber ajans\u0131 Reuters\u2019a ikinci turda kimi destekleyecekleriyle ilgili dikkat \u00e7eken bir a\u00e7\u0131klama yapt\u0131.<\/p>\n","protected":false},"author":1,"featured_media":90479,"comment_status":"closed","ping_status":"open","sticky":false,"template":"","format":"standard","meta":{"footnotes":""},"categories":[24],"tags":[273,320,748],"class_list":["post-90478","post","type-post","status-publish","format-standard","has-post-thumbnail","hentry","category-dunya","tag-ikinci","tag-secim","tag-tur"],"_links":{"self":[{"href":"https:\/\/haberulus.net\/index.php?rest_route=\/wp\/v2\/posts\/90478","targetHints":{"allow":["GET"]}}],"collection":[{"href":"https:\/\/haberulus.net\/index.php?rest_route=\/wp\/v2\/posts"}],"about":[{"href":"https:\/\/haberulus.net\/index.php?rest_route=\/wp\/v2\/types\/post"}],"author":[{"embeddable":true,"href":"https:\/\/haberulus.net\/index.php?rest_route=\/wp\/v2\/users\/1"}],"replies":[{"embeddable":true,"href":"https:\/\/haberulus.net\/index.php?rest_route=%2Fwp%2Fv2%2Fcomments&post=90478"}],"version-history":[{"count":1,"href":"https:\/\/haberulus.net\/index.php?rest_route=\/wp\/v2\/posts\/90478\/revisions"}],"predecessor-version":[{"id":90480,"href":"https:\/\/haberulus.net\/index.php?rest_route=\/wp\/v2\/posts\/90478\/revisions\/90480"}],"wp:featuredmedia":[{"embeddable":true,"href":"https:\/\/haberulus.net\/index.php?rest_route=\/wp\/v2\/media\/90479"}],"wp:attachment":[{"href":"https:\/\/haberulus.net\/index.php?rest_route=%2Fwp%2Fv2%2Fmedia&parent=90478"}],"wp:term":[{"taxonomy":"category","embeddable":true,"href":"https:\/\/haberulus.net\/index.php?rest_route=%2Fwp%2Fv2%2Fcategories&post=90478"},{"taxonomy":"post_tag","embeddable":true,"href":"https:\/\/haberulus.net\/index.php?rest_route=%2Fwp%2Fv2%2Ftags&post=90478"}],"curies":[{"name":"wp","href":"https:\/\/api.w.org\/{rel}","templated":true}]}}