{"id":90488,"date":"2023-05-15T12:37:04","date_gmt":"2023-05-15T12:37:04","guid":{"rendered":"https:\/\/haberulus.net\/?p=90488"},"modified":"2023-05-15T12:37:04","modified_gmt":"2023-05-15T12:37:04","slug":"avrupa-turuna-cikan-zelenskiy-ingiltere-basbakaniyla-gorustu","status":"publish","type":"post","link":"https:\/\/haberulus.net\/?p=90488","title":{"rendered":"Avrupa turuna \u00e7\u0131kan Zelenskiy, \u0130ngiltere Ba\u015fbakan\u0131\u2019yla g\u00f6r\u00fc\u015ft\u00fc"},"content":{"rendered":"<p>Fransa\u2019n\u0131n ba\u015fkenti Paris\u2019te Fransa Cumhurba\u015fkan\u0131 Emmanuel Macron ile temaslar\u0131n\u0131 tamamlayan Ukrayna Devlet Ba\u015fkan\u0131 Volodimir Zelenskiy, \u0130ngiltere\u2019de Ba\u015fbakan Rishi Sunak ile bir araya geldi. Sosyal medya hesab\u0131ndan a\u00e7\u0131klama yapan Zelenskiy, \u201cBirle\u015fik Krall\u0131k Ba\u015fbakan\u0131 Rishi Sunak ile tekrar g\u00f6r\u00fc\u015fmekten mutluluk duyuyorum. Ukrayna\u2019n\u0131n zaferi i\u00e7in \u00e7al\u0131\u015fmalar\u0131m\u0131za devam ediyoruz\u201d ifadelerini kulland\u0131.<\/p>\n<p>\u0130ngiltere Ba\u015fbakanl\u0131k sosyal medya hesab\u0131ndan Zelenskiy\u2019in ziyaretine dair yap\u0131lan a\u00e7\u0131klamada ise, \u201cDevlet Ba\u015fkan\u0131 Zelenskiy, Putin\u2019in ac\u0131mas\u0131z i\u015fgaline kar\u015f\u0131 Ukrayna\u2019n\u0131n devam eden askeri direni\u015fi konusunda Ba\u015fbakan Rishi Sunak ile g\u00f6r\u00fc\u015fmek \u00fczere \u0130ngiltere\u2019ye geldi\u201d denildi. Daha \u00f6nce de iki liderin, \u0130ngiltere Ba\u015fbakan\u0131\u2019n\u0131n k\u0131r evi olan Chequers\u2019da g\u00f6r\u00fc\u015fmelerde bulunaca\u011f\u0131 ve Zelenskiy\u2019in, Sunak\u2019\u0131n bu konutta a\u011f\u0131rlad\u0131\u011f\u0131 ilk d\u00fcnya lideri olaca\u011f\u0131 belirtilmi\u015fti.<\/p>\n<p><strong>UKRAYNA\u2019YA \u0130HA DESTE\u011e\u0130<\/strong><\/p>\n<p>\u00d6te yandan \u0130ngiltere Ba\u015fbakanl\u0131\u011f\u0131 Bas\u0131n Ofisi, Ba\u015fbakan Sunak\u2019\u0131n bug\u00fcn Ukrayna\u2019ya uzun menzilli sald\u0131r\u0131 \u0130HA\u2019lar\u0131 g\u00f6nderilmesine onay verece\u011fini de duyurdu.<\/p>\n<p>A\u00e7\u0131klamada, \u201cBa\u015fbakan bug\u00fcn \u0130ngiltere\u2019nin y\u00fczlerce hava savunma f\u00fczesi ve 200 kilometrenin \u00fczerinde menzile sahip y\u00fczlerce yeni uzun menzilli sald\u0131r\u0131 \u0130HA\u2019s\u0131 da dahil olmak \u00fczere daha fazla insans\u0131z hava sistemi tedarik edece\u011fini teyit edecek. T\u00fcm bunlar, Ukrayna devam eden Rus i\u015fgaline kar\u015f\u0131 direni\u015fini yo\u011funla\u015ft\u0131rmaya haz\u0131rlan\u0131rken \u00f6n\u00fcm\u00fczdeki aylarda teslim edilecek\u201d ifadeleri yer ald\u0131. (DHA)<\/p>\n","protected":false},"excerpt":{"rendered":"<p>Avrupa turunu \u0130ngiltere&#8217;de s\u00fcrd\u00fcren Ukrayna Devlet Ba\u015fkan\u0131 Zelenskiy, \u0130ngiltere Ba\u015fbakan\u0131 Rishi Sunak ile bir araya geldi.<\/p>\n","protected":false},"author":1,"featured_media":90489,"comment_status":"closed","ping_status":"open","sticky":false,"template":"","format":"standard","meta":{"footnotes":""},"categories":[24],"tags":[1142,766,2420,38],"class_list":["post-90488","post","type-post","status-publish","format-standard","has-post-thumbnail","hentry","category-dunya","tag-basbakan","tag-ingiltere","tag-sunak","tag-ukrayna"],"_links":{"self":[{"href":"https:\/\/haberulus.net\/index.php?rest_route=\/wp\/v2\/posts\/90488","targetHints":{"allow":["GET"]}}],"collection":[{"href":"https:\/\/haberulus.net\/index.php?rest_route=\/wp\/v2\/posts"}],"about":[{"href":"https:\/\/haberulus.net\/index.php?rest_route=\/wp\/v2\/types\/post"}],"author":[{"embeddable":true,"href":"https:\/\/haberulus.net\/index.php?rest_route=\/wp\/v2\/users\/1"}],"replies":[{"embeddable":true,"href":"https:\/\/haberulus.net\/index.php?rest_route=%2Fwp%2Fv2%2Fcomments&post=90488"}],"version-history":[{"count":1,"href":"https:\/\/haberulus.net\/index.php?rest_route=\/wp\/v2\/posts\/90488\/revisions"}],"predecessor-version":[{"id":90490,"href":"https:\/\/haberulus.net\/index.php?rest_route=\/wp\/v2\/posts\/90488\/revisions\/90490"}],"wp:featuredmedia":[{"embeddable":true,"href":"https:\/\/haberulus.net\/index.php?rest_route=\/wp\/v2\/media\/90489"}],"wp:attachment":[{"href":"https:\/\/haberulus.net\/index.php?rest_route=%2Fwp%2Fv2%2Fmedia&parent=90488"}],"wp:term":[{"taxonomy":"category","embeddable":true,"href":"https:\/\/haberulus.net\/index.php?rest_route=%2Fwp%2Fv2%2Fcategories&post=90488"},{"taxonomy":"post_tag","embeddable":true,"href":"https:\/\/haberulus.net\/index.php?rest_route=%2Fwp%2Fv2%2Ftags&post=90488"}],"curies":[{"name":"wp","href":"https:\/\/api.w.org\/{rel}","templated":true}]}}