{"id":90809,"date":"2023-05-16T07:25:05","date_gmt":"2023-05-16T07:25:05","guid":{"rendered":"https:\/\/haberulus.net\/?p=90809"},"modified":"2023-05-16T07:25:05","modified_gmt":"2023-05-16T07:25:05","slug":"marcelo-bielsa-uruguayla-resmen-imzaladi","status":"publish","type":"post","link":"https:\/\/haberulus.net\/?p=90809","title":{"rendered":"Marcelo Bielsa Uruguay\u2019la resmen imzalad\u0131"},"content":{"rendered":"<p>Son olarak Premier Lig\u2019de Leeds United\u2019\u0131 \u00e7al\u0131\u015ft\u0131ran Arjantinli \u00fcnl\u00fc teknik direkt\u00f6r Marcelo Bielsa\u2019n\u0131n yeni adresi belli oldu.<\/p>\n<p>Uruguay Futbol Federasyonu, uzun ikna turlar\u0131n\u0131n ard\u0131ndan Marcelo Bielsa\u2019y\u0131 ikna etmeyi ba\u015fard\u0131 ve s\u00f6zle\u015fme imzalatt\u0131. 67 ya\u015f\u0131ndaki Bielsa\u2019n\u0131n 2026\u2019n\u0131n Haziran\u2019\u0131na kadar Uruguay\u2019\u0131n ba\u015f\u0131nda olaca\u011f\u0131 payla\u015f\u0131lan video ile duyuruldu.<\/p>\n<p>Deneyimli teknik adam Uruguay\u2019a imza atarak kariyerinin 3. Milli tak\u0131m teknik direkt\u00f6rl\u00fc\u011f\u00fc maceras\u0131na at\u0131lm\u0131\u015f oldu. Bielsa daha \u00f6nce Arjantin ve \u015eili\u2019de g\u00f6rev yapm\u0131\u015ft\u0131.<\/p>\n<p>Teknik direkt\u00f6rl\u00fck kariyerine Newell\u2019s Old Boys\u2019ta ba\u015flayan Bielsa, daha sonra Atlas, CF America, Velez ve Espanyol g\u00f6revlerinin ard\u0131ndan Arjantin\u2019in ba\u015f\u0131na ge\u00e7mi\u015fti. 2007\u2019de \u015eili\u2019yi \u00e7al\u0131\u015ft\u0131rmaya ba\u015flayan Bielsa 2011\u2019de Athletic Bilbao ve daha sonra s\u0131ras\u0131yla Marsilya, Lille ve Leeds\u2019i \u00e7al\u0131\u015ft\u0131rd\u0131.<\/p>\n","protected":false},"excerpt":{"rendered":"<p>Marcelo Bielsa, Uruguay milli tak\u0131m\u0131n\u0131n yeni teknik direkt\u00f6r\u00fc oldu.<\/p>\n","protected":false},"author":1,"featured_media":90810,"comment_status":"closed","ping_status":"open","sticky":false,"template":"","format":"standard","meta":{"footnotes":""},"categories":[31],"tags":[11899],"class_list":["post-90809","post","type-post","status-publish","format-standard","has-post-thumbnail","hentry","category-spor","tag-bielsa"],"_links":{"self":[{"href":"https:\/\/haberulus.net\/index.php?rest_route=\/wp\/v2\/posts\/90809","targetHints":{"allow":["GET"]}}],"collection":[{"href":"https:\/\/haberulus.net\/index.php?rest_route=\/wp\/v2\/posts"}],"about":[{"href":"https:\/\/haberulus.net\/index.php?rest_route=\/wp\/v2\/types\/post"}],"author":[{"embeddable":true,"href":"https:\/\/haberulus.net\/index.php?rest_route=\/wp\/v2\/users\/1"}],"replies":[{"embeddable":true,"href":"https:\/\/haberulus.net\/index.php?rest_route=%2Fwp%2Fv2%2Fcomments&post=90809"}],"version-history":[{"count":1,"href":"https:\/\/haberulus.net\/index.php?rest_route=\/wp\/v2\/posts\/90809\/revisions"}],"predecessor-version":[{"id":90811,"href":"https:\/\/haberulus.net\/index.php?rest_route=\/wp\/v2\/posts\/90809\/revisions\/90811"}],"wp:featuredmedia":[{"embeddable":true,"href":"https:\/\/haberulus.net\/index.php?rest_route=\/wp\/v2\/media\/90810"}],"wp:attachment":[{"href":"https:\/\/haberulus.net\/index.php?rest_route=%2Fwp%2Fv2%2Fmedia&parent=90809"}],"wp:term":[{"taxonomy":"category","embeddable":true,"href":"https:\/\/haberulus.net\/index.php?rest_route=%2Fwp%2Fv2%2Fcategories&post=90809"},{"taxonomy":"post_tag","embeddable":true,"href":"https:\/\/haberulus.net\/index.php?rest_route=%2Fwp%2Fv2%2Ftags&post=90809"}],"curies":[{"name":"wp","href":"https:\/\/api.w.org\/{rel}","templated":true}]}}