{"id":90833,"date":"2023-05-16T08:05:04","date_gmt":"2023-05-16T08:05:04","guid":{"rendered":"https:\/\/haberulus.net\/?p=90833"},"modified":"2023-05-16T08:05:04","modified_gmt":"2023-05-16T08:05:04","slug":"depremzede-tunanin-gozu-olimpiyat-madalyasinda","status":"publish","type":"post","link":"https:\/\/haberulus.net\/?p=90833","title":{"rendered":"Depremzede Tuna\u2019n\u0131n g\u00f6z\u00fc olimpiyat madalyas\u0131nda"},"content":{"rendered":"<p>A\u00e7\u0131k su y\u00fcz\u00fcc\u00fcs\u00fc Tuna Erdo\u011fan, k\u00fc\u00e7\u00fck ya\u015flarda ailesinin deste\u011fiyle voleybol sporuyla ilgilendi. Antren\u00f6rleri fiziki yap\u0131s\u0131n\u0131n uygunlu\u011fu nedeniyle Erdo\u011fan\u2019\u0131 y\u00fczme sporuna y\u00f6nlendirdi. Att\u0131\u011f\u0131 ilk kula\u00e7 sonras\u0131 y\u00fczmeye tutkuyla ba\u011flanan Tuna Erdo\u011fan, 8 y\u0131lda \u00e7ok say\u0131da ba\u015far\u0131 elde etti.<\/p>\n<p><b>H\u0130NT OKYANUSU\u2019NDA D\u00dcNYA \u0130K\u0130NC\u0130L\u0130\u011e\u0130<\/b><\/p>\n<p>45 alt\u0131n, 20 g\u00fcm\u00fc\u015f, 5 bronz madalya kazanan Tuna Erdo\u011fan, uluslararas\u0131 \u015fampiyonalarda madalya alabilmek i\u00e7in kula\u00e7 atmaya devam ediyor. Ayn\u0131 zamanda milli y\u00fcz\u00fcc\u00fc olan Tuna Erdo\u011fan, Sey\u015feller\u2019de d\u00fczenlenen 2022 FINA D\u00fcnya Gen\u00e7ler A\u00e7\u0131k Su Y\u00fczme \u015eampiyonas\u0131\u2019na kat\u0131ld\u0131. Ay-y\u0131ld\u0131zl\u0131 sporcu, 5 kilometre 14-15 ya\u015f kad\u0131nlar kategorisinde 51.56.80\u2019lik derecesiyle d\u00fcnya gen\u00e7ler ikincisi olarak, g\u00fcm\u00fc\u015f madalya kazand\u0131.<\/p>\n<p><b>DEPREMDE EVLER\u0130 ENKAZA D\u00d6ND\u00dc<\/b><\/p>\n<p>6 \u015eubat Kahramanmara\u015f merkezli depremlerde Malatya\u2019daki enkaza d\u00f6nen evlerinden yara almadan kurtulan Erdo\u011fan ailesi, b\u00fcy\u00fck \u00fcz\u00fcnt\u00fc ya\u015fad\u0131. Baba Zeki Erdo\u011fan, hasarl\u0131 eve tekrar d\u00f6n\u00fcp alabildi\u011fi kadar madalya ve k\u0131z\u0131n\u0131n \u015fahsi e\u015fyalar\u0131n\u0131 kurtard\u0131. Malatya\u2019dan Gen\u00e7lik ve Spor Bakanl\u0131\u011f\u0131\u2019n\u0131n devreye girmesiyle Antalya\u2019ya getirilen aile, bakanl\u0131\u011fa ait yurda yerle\u015ftirildi. Erdo\u011fan ailesi depremin geride b\u0131rakt\u0131\u011f\u0131 olumsuz etkiyi unutmaya \u00e7al\u0131\u015f\u0131yor.<\/p>\n<p><b>HEDEF\u0130 2024 OL\u0130MP\u0130YATLARI<\/b><\/p>\n<p>A\u00e7\u0131k su y\u00fcz\u00fcc\u00fcs\u00fc oldu\u011fu i\u00e7in kentin Konyaalt\u0131 Sahili\u2019nde antrenman yap\u0131p sonras\u0131nda denizde kula\u00e7 atan Erdo\u011fan, g\u00fcn\u00fcn b\u00fcy\u00fck b\u00f6l\u00fcm\u00fcn\u00fc burada ge\u00e7iriyor. G\u00fcnde 5 saat y\u00fczerek formunu korumaya \u00e7al\u0131\u015fan milli y\u00fcz\u00fcc\u00fc, Paris 2024 Yaz Olimpiyat Oyunlar\u0131\u2019nda alt\u0131n madalya hedefliyor. Y\u00fczmeyi i\u015fi gibi g\u00f6rd\u00fc\u011f\u00fcn\u00fc aktaran Erdo\u011fan, y\u00fczmeye ba\u015flad\u0131\u011f\u0131nda bu kadar ba\u015far\u0131 kazanaca\u011f\u0131n\u0131 tahmin etmedi\u011fini de s\u00f6yledi.<\/p>\n<p>D\u00fcnya ikincisi oldu\u011fu Hint Okyanusu\u2019ndaki m\u00fcsabakada 51 dakika, 56 saniye ve 80 saliselik skorla birincili\u011fi 4 saniyeyle ka\u00e7\u0131rd\u0131\u011f\u0131n\u0131 anlatan Erdo\u011fan, Deprem oldu\u011funda evimizin y\u0131k\u0131laca\u011f\u0131n\u0131 d\u00fc\u015f\u00fcnd\u00fcm. T\u00fcm madalyalar\u0131m g\u00f6z\u00fcm\u00fcn \u00f6n\u00fcnden ge\u00e7ti. D\u0131\u015far\u0131 \u00e7\u0131kt\u0131k ve babam sonra eve gidip madalyalar\u0131m\u0131 ald\u0131. \u015eimdi hedefim olimpiyatlarda madalya kazan\u0131p T\u00fcrk bayra\u011f\u0131n\u0131 dalgaland\u0131rmak\u201d diye konu\u015ftu.<\/p>\n<p>Antren\u00f6rler Turgay Demircio\u011flu ve Kaya Aksuo\u011flu\u2019nun planlamas\u0131na g\u00f6re \u00e7al\u0131\u015fmalar\u0131n\u0131 s\u00fcrd\u00fcren milli y\u00fcz\u00fcc\u00fc, yak\u0131ndan takip ediliyor. Antren\u00f6r Aksuo\u011flu, \u00c7ok sert antrenman yap\u0131yoruz. Hedefimiz olimpiyat. \u0130yi olaca\u011f\u0131n\u0131 d\u00fc\u015f\u00fcn\u00fcyor. Hedefe \u00e7ok uzak de\u011fil. \u015eu an psikolojisi iyi\u201d dedi.<\/p>\n","protected":false},"excerpt":{"rendered":"<p>Milli y\u00fcz\u00fcc\u00fc Tuna Erdo\u011fan (16), Malatya&#8217;y\u0131 da etkileyen deprem sonras\u0131 geldi\u011fi Antalya&#8217;da spora ara vermedi. Erdo\u011fan, d\u00fcnya ikincili\u011fi skorunu 2024 Olimpiyatlar\u0131&#8217;nda alt\u0131n madalya ile s\u00fcslemek istiyor.\u00a0<\/p>\n","protected":false},"author":1,"featured_media":90834,"comment_status":"closed","ping_status":"open","sticky":false,"template":"","format":"standard","meta":{"footnotes":""},"categories":[31],"tags":[259,194,3910,2884],"class_list":["post-90833","post","type-post","status-publish","format-standard","has-post-thumbnail","hentry","category-spor","tag-erdogan","tag-madalya","tag-yuzme","tag-yuzucu"],"_links":{"self":[{"href":"https:\/\/haberulus.net\/index.php?rest_route=\/wp\/v2\/posts\/90833","targetHints":{"allow":["GET"]}}],"collection":[{"href":"https:\/\/haberulus.net\/index.php?rest_route=\/wp\/v2\/posts"}],"about":[{"href":"https:\/\/haberulus.net\/index.php?rest_route=\/wp\/v2\/types\/post"}],"author":[{"embeddable":true,"href":"https:\/\/haberulus.net\/index.php?rest_route=\/wp\/v2\/users\/1"}],"replies":[{"embeddable":true,"href":"https:\/\/haberulus.net\/index.php?rest_route=%2Fwp%2Fv2%2Fcomments&post=90833"}],"version-history":[{"count":1,"href":"https:\/\/haberulus.net\/index.php?rest_route=\/wp\/v2\/posts\/90833\/revisions"}],"predecessor-version":[{"id":90835,"href":"https:\/\/haberulus.net\/index.php?rest_route=\/wp\/v2\/posts\/90833\/revisions\/90835"}],"wp:featuredmedia":[{"embeddable":true,"href":"https:\/\/haberulus.net\/index.php?rest_route=\/wp\/v2\/media\/90834"}],"wp:attachment":[{"href":"https:\/\/haberulus.net\/index.php?rest_route=%2Fwp%2Fv2%2Fmedia&parent=90833"}],"wp:term":[{"taxonomy":"category","embeddable":true,"href":"https:\/\/haberulus.net\/index.php?rest_route=%2Fwp%2Fv2%2Fcategories&post=90833"},{"taxonomy":"post_tag","embeddable":true,"href":"https:\/\/haberulus.net\/index.php?rest_route=%2Fwp%2Fv2%2Ftags&post=90833"}],"curies":[{"name":"wp","href":"https:\/\/api.w.org\/{rel}","templated":true}]}}