{"id":90956,"date":"2023-05-16T10:51:03","date_gmt":"2023-05-16T10:51:03","guid":{"rendered":"https:\/\/haberulus.net\/?p=90956"},"modified":"2023-05-16T10:51:03","modified_gmt":"2023-05-16T10:51:03","slug":"hdpli-tiryaki-cok-sayida-tutanak-sisteme-yanlis-girildi","status":"publish","type":"post","link":"https:\/\/haberulus.net\/?p=90956","title":{"rendered":"HDP\u2019li Tiryaki: \u00c7ok say\u0131da tutanak sisteme yanl\u0131\u015f girildi\u00a0"},"content":{"rendered":"<p>Halklar\u0131n Demokratik Partisi (HDP) Se\u00e7im Takip Koordinasyon Merkezi S\u00f6zc\u00fcs\u00fc ve Y\u00fcksek Se\u00e7im Kurulu (YSK) Temsilcisi Mehmet R\u00fc\u015ft\u00fc Tiryaki, se\u00e7imlerde gelinen son duruma ili\u015fkin a\u00e7\u0131klama yapt\u0131.<\/p>\n<p><strong>\u201cHAKKAR\u0130 VAL\u0130S\u0130N\u0130 UYARIYORUZ: AKP\u2019N\u0130N \u0130L BA\u015eKANI G\u0130B\u0130 DAVRANMAYIN\u201d<\/strong><\/p>\n<p>Hakkari&#8217;de se\u00e7imin ellerinden al\u0131nmaya \u00e7al\u0131\u015f\u0131ld\u0131\u011f\u0131n\u0131 \u00f6ne s\u00fcren Tiryaki, \u015f\u00f6yle konu\u015ftu:<\/p>\n<p>\u201cHakkari&#8217;de AKP adaylar\u0131, il ve il\u00e7e y\u00f6neticileri do\u011frudan vali ve m\u00fclki idare g\u00f6revlilerle kamunun b\u00fct\u00fcn kaynaklar\u0131n\u0131 kullanarak se\u00e7imi elimizden almaya \u00e7al\u0131\u015f\u0131yor. Sonuna kadar takip\u00e7isiyiz.<\/p>\n<p>Buradan bir kez daha s\u00f6yl\u00fcyorum. Hakkari\u2019nin b\u00fct\u00fcn say\u0131m d\u00f6k\u00fcm cetvelleri elimizde. Ayn\u0131 zamanda YSK sistemine y\u00fcklenmi\u015f durumda. Hakkari&#8217;deki her sand\u0131\u011f\u0131n sonu\u00e7 tutana\u011f\u0131 elimizde, ayn\u0131 zamanda bu YSK&#8217;nin partililerle payla\u015f\u0131lan sistemine y\u00fcklenmi\u015f durumda. Bu saatten sonra yap\u0131lacak her \u015fey Hakkari&#8217;deki se\u00e7imin \u00e7al\u0131nmas\u0131 demektir.<\/p>\n<p>M\u00fclki amirleri, Hakkari Valisi&#8217;ni buradan uyar\u0131yoruz: Siz AKP&#8217;nin il ba\u015fkan\u0131, siyasi temsilcisi de\u011filsiniz. AKP&#8217;nin il ba\u015fkan\u0131, il temsilcisi, siyasi i\u015fler \u015fefi gibi davranamazs\u0131n\u0131z. Bunu reddediyoruz. Asla ba\u015faramayacaks\u0131n\u0131z.\u201d<\/p>\n<p><strong>ERZURUM&#8217;DA SE\u00c7\u0130M SONU\u00c7LARINA \u0130T\u0130RAZ<\/strong><\/p>\n<p>Tiryaki, MHP ve Millet \u0130ttifak\u0131 ortaklar\u0131ndan birinin Erzurum&#8217;daki se\u00e7im sonu\u00e7lar\u0131n\u0131 de\u011fi\u015ftirmeye y\u00f6nelik giri\u015fimlerde bulunuldu\u011funu \u00f6ne s\u00fcrerek \u015f\u00f6yle devam etti:<\/p>\n<p>\u201cYine benzer bi\u00e7imde biliyorsunuz Erzurum&#8217;da Grup Ba\u015fkanvekilimiz Meral Dan\u0131\u015f Be\u015fta\u015f resmi olmayan sonu\u00e7lara g\u00f6re ve Y\u00fcksek Se\u00e7im Kurulunun siyasi partilerle payla\u015ft\u0131\u011f\u0131 S\u0130P Port sistemi \u00fczerindeki y\u00fczde 100&#8217;l\u00fck verilere, sand\u0131k sonu\u00e7 tutanaklar\u0131na, say\u0131m d\u00f6k\u00fcm cetvellerine ve birle\u015ftirme tutanaklar\u0131na g\u00f6re Erzurum Milletvekili se\u00e7ilmi\u015ftir.<\/p>\n<p>Biz sadece Meral Dan\u0131\u015f Be\u015fta\u015f&#8217;\u0131n mazbatas\u0131n\u0131 almas\u0131n\u0131 bekliyoruz. Fakat ayn\u0131 bi\u00e7imde MHP&#8217;nin ve \u00fcz\u00fclerek ifade etmek isterim ki Millet \u0130ttifak\u0131&#8217;n\u0131n ortaklar\u0131ndan bir tanesinin i\u015fbirli\u011fiyle Erzurum&#8217;da se\u00e7im sonu\u00e7lar\u0131n\u0131 de\u011fi\u015ftirmeye d\u00f6n\u00fck giri\u015fimler bulundu\u011funu duyuyoruz. Umar\u0131m bu bilgi do\u011fru de\u011fildir. Millet \u0130ttifak\u0131&#8217;n\u0131n ortaklar\u0131 bu kumpas\u0131n par\u00e7as\u0131 de\u011fildir.\u201d<\/p>\n<p><strong>\u201c\u00c7ALMA \u0130\u015eLEMLER\u0130N\u0130N TAMAMINA SONUNA KADAR D\u0130RENECE\u011e\u0130Z\u201d<\/strong><\/p>\n<p>\u00c7ok say\u0131da sand\u0131kta, sand\u0131k sonu\u00e7 tutana\u011f\u0131n\u0131n sisteme yanl\u0131\u015f girildi\u011fine dair ellerinde verilerin oldu\u011funu s\u00f6yleyen Tiryaki, \u015funlar\u0131 kaydetti:<\/p>\n<p>\u201cBismil 1234 ve 1235 no&#8217;lu, Alaca 1089 no&#8217;lu, Hakkari 1094 no&#8217;lu, Cizre 1240 ve 1249 no&#8217;lu, Kayap\u0131nar 1090, 1099, 1101, 2280 no&#8217;lu, Silvan 1032 ve 1145 no&#8217;lu, Karl\u0131ova 1068 no&#8217;lu, \u015eirvan 1055 no&#8217;lu, Batman 1051 no&#8217;lu, Urfa 1055, Besni 1149 no&#8217;lu, Ergani 1113 no&#8217;lu, Bulan\u0131k 1110 no&#8217;lu sand\u0131klarda.<\/p>\n<p>Y\u00fczlerce arkada\u015f\u0131m\u0131z 14 May\u0131s ak\u015fam saatlerinden itibaren bu veriler \u00fczerinde \u00e7al\u0131\u015f\u0131yor. \u00dclke \u00e7ap\u0131nda say\u0131m ve d\u00f6k\u00fcm cetvelleri ile sand\u0131k sonu\u00e7 tutanaklar\u0131 aras\u0131ndaki tutars\u0131zl\u0131klar\u0131 tespit ediyor. MHP&#8217;nin oyu 1 idi fakat sisteme MHP&#8217;nin oyu 147 olarak yaz\u0131lm\u0131\u015ft\u0131. \u0130tiraz\u0131m\u0131z \u00fczerine bunlar\u0131n tamam\u0131 d\u00fczeltildi.<\/p>\n<p>Kazand\u0131\u011f\u0131m\u0131z milletvekillerinin herhangi birisinin bu \u015fekilde elimizden al\u0131nd\u0131\u011f\u0131n\u0131 tespit edersek d\u00fczeltilmesi i\u00e7in itirazlar\u0131m\u0131z\u0131 yapmaya devam edece\u011fiz. B\u00f6yle veriler \u00fczerinden varsa onlar\u0131n da itirazlar\u0131 ba\u015f\u0131m\u0131z g\u00f6z\u00fcm\u00fcz \u00fcst\u00fcne.<\/p>\n<p>Ama \u00f6yle Valiyle, \u0130\u00e7i\u015fleri Bakan\u0131yla, Adalet Bakan\u0131yla, onlar\u0131n verileriyle, ellerindeki vatanda\u015f\u0131n ki\u015fisel bilgilerini kullan\u0131larak yap\u0131lacak \u00e7alma i\u015flemlerinin tamam\u0131na da sonuna kadar direnece\u011fiz.\u201d<\/p>\n","protected":false},"excerpt":{"rendered":"<p>HDP Se\u00e7im Takip Koordinasyon Merkezi S\u00f6zc\u00fcs\u00fc ve YSK temsilcisi Mehmet R\u00fc\u015ft\u00fc Tiryaki, \u00e7ok say\u0131da sand\u0131kta, sand\u0131k sonu\u00e7 tutana\u011f\u0131n\u0131n sisteme yanl\u0131\u015f girildi\u011fine dair ellerinde verilerin oldu\u011funu belirterek, \u00a0\u201cMHP\u2019nin oyu 1 idi fakat sisteme MHP\u2019nin oyu 147 olarak yaz\u0131lm\u0131\u015ft\u0131. \u0130tiraz\u0131m\u0131z \u00fczerine bunlar\u0131n tamam\u0131 d\u00fczeltildi. Kazand\u0131\u011f\u0131m\u0131z milletvekillerinin herhangi birisinin bu \u015fekilde elimizden al\u0131nd\u0131\u011f\u0131n\u0131 tespit edersek d\u00fczeltilmesi i\u00e7in itirazlar\u0131m\u0131z\u0131 yapmaya devam edece\u011fiz.&#8221; dedi.<\/p>\n","protected":false},"author":1,"featured_media":90957,"comment_status":"closed","ping_status":"open","sticky":false,"template":"","format":"standard","meta":{"footnotes":""},"categories":[26],"tags":[1090,232,2932,320,3090],"class_list":["post-90956","post","type-post","status-publish","format-standard","has-post-thumbnail","hentry","category-gundem","tag-erzurum","tag-hakkari","tag-sandik","tag-secim","tag-veriler"],"_links":{"self":[{"href":"https:\/\/haberulus.net\/index.php?rest_route=\/wp\/v2\/posts\/90956","targetHints":{"allow":["GET"]}}],"collection":[{"href":"https:\/\/haberulus.net\/index.php?rest_route=\/wp\/v2\/posts"}],"about":[{"href":"https:\/\/haberulus.net\/index.php?rest_route=\/wp\/v2\/types\/post"}],"author":[{"embeddable":true,"href":"https:\/\/haberulus.net\/index.php?rest_route=\/wp\/v2\/users\/1"}],"replies":[{"embeddable":true,"href":"https:\/\/haberulus.net\/index.php?rest_route=%2Fwp%2Fv2%2Fcomments&post=90956"}],"version-history":[{"count":1,"href":"https:\/\/haberulus.net\/index.php?rest_route=\/wp\/v2\/posts\/90956\/revisions"}],"predecessor-version":[{"id":90958,"href":"https:\/\/haberulus.net\/index.php?rest_route=\/wp\/v2\/posts\/90956\/revisions\/90958"}],"wp:featuredmedia":[{"embeddable":true,"href":"https:\/\/haberulus.net\/index.php?rest_route=\/wp\/v2\/media\/90957"}],"wp:attachment":[{"href":"https:\/\/haberulus.net\/index.php?rest_route=%2Fwp%2Fv2%2Fmedia&parent=90956"}],"wp:term":[{"taxonomy":"category","embeddable":true,"href":"https:\/\/haberulus.net\/index.php?rest_route=%2Fwp%2Fv2%2Fcategories&post=90956"},{"taxonomy":"post_tag","embeddable":true,"href":"https:\/\/haberulus.net\/index.php?rest_route=%2Fwp%2Fv2%2Ftags&post=90956"}],"curies":[{"name":"wp","href":"https:\/\/api.w.org\/{rel}","templated":true}]}}