{"id":90992,"date":"2023-05-16T11:25:04","date_gmt":"2023-05-16T11:25:04","guid":{"rendered":"https:\/\/haberulus.net\/?p=90992"},"modified":"2023-05-16T11:25:04","modified_gmt":"2023-05-16T11:25:04","slug":"zelenskiy-avrupadan-daha-fazla-silah-ve-destekle-dondum","status":"publish","type":"post","link":"https:\/\/haberulus.net\/?p=90992","title":{"rendered":"Zelenskiy: Avrupa\u2019dan daha fazla silah ve destekle d\u00f6nd\u00fcm"},"content":{"rendered":"<p>Ukrayna Devlet Ba\u015fkan\u0131 Volodimir Zelenskiy, \u0130talya, Almanya, Fransa ve \u0130ngiltere\u2019yi ziyaret etti\u011fi 3 g\u00fcnl\u00fck turunu tamamlad\u0131.<\/p>\n<p>Zelenskiy g\u00fcnl\u00fck ulusa sesleni\u015f konu\u015fmas\u0131nda bu ziyaretlerinin detaylar\u0131n\u0131 payla\u015ft\u0131. \u00dclkeye daha fazla silah, Ukrayna halk\u0131 i\u00e7in daha fazla koruma ve daha fazla siyasi destekle d\u00f6nd\u00fc\u011f\u00fcn\u00fc s\u00f6yleyen Zelenskiy, yapt\u0131\u011f\u0131 t\u00fcm g\u00f6r\u00fc\u015fmelerde Ukrayna Bar\u0131\u015f Form\u00fcl\u00fcn\u00fcn ele al\u0131nd\u0131\u011f\u0131n\u0131 belirtti.<\/p>\n<p>Zelenskiy, \u201cArt\u0131k ortaklar\u0131m\u0131z aras\u0131nda Ukrayna form\u00fcl\u00fcn\u00fc takip etme konusunda daha fazla isteklilik var. AB\u2019ye kat\u0131l\u0131m\u0131m\u0131z i\u00e7in daha fazla destek var, Ukrayna\u2019n\u0131n NATO\u2019ya kat\u0131l\u0131m\u0131n\u0131n ger\u00e7ekle\u015fece\u011fi ve bunun ka\u00e7\u0131n\u0131lmaz oldu\u011fu konusunda daha fazla anlay\u0131\u015f var\u201d dedi.<\/p>\n<p><strong>ASKERLER\u0130N E\u011e\u0130T\u0130M G\u00d6RD\u00dc\u011e\u00dc \u00dcSS\u00dc Z\u0130YARET ETT\u0130<\/strong><\/p>\n<p>\u0130lk dura\u011f\u0131 olan \u0130talya\u2019da, Ba\u015fbakan Giorgia Meloni, Cumhurba\u015fkan\u0131 Sergio Mattarella ve Papa Francis\u2019le g\u00f6r\u00fc\u015ft\u00fc\u011f\u00fcn\u00fc ifade eden Zelenskiy, Ukraynal\u0131lar\u0131n hayat\u0131n\u0131 korumaya y\u00f6nelik yard\u0131mlar\u0131 i\u00e7in \u0130talya\u2019ya te\u015fekk\u00fcrlerini sundu. Almanya ziyaretinde Cumhurba\u015fkan\u0131 Frank-Walter Steinmer ve Ba\u015fbakan Olaf Scholz ile g\u00f6r\u00fc\u015ft\u00fc\u011f\u00fcn\u00fc s\u00f6yleyen Zelenskiy ba\u015fkent Berlin\u2019deki temaslar\u0131ndan sonra Ukraynal\u0131 askerlerin e\u011fitim g\u00f6rd\u00fc\u011f\u00fc Aachen kentindeki askeri \u00fcss\u00fc ziyaret etti\u011fini belirtti.<\/p>\n<p>Zelenskiy ayr\u0131ca Ukrayna halk\u0131 ad\u0131na Uluslararas\u0131 \u015earlman \u00d6d\u00fcl\u00fcn\u00fc ald\u0131\u011f\u0131n\u0131 s\u00f6yleyerek, \u201cAlmanya\u2019ya en b\u00fcy\u00fck savunma paketi olan 2 milyar 700 milyon euro i\u00e7in minnettar\u0131m. Ayr\u0131ca Almanya, savunma i\u00e7in 11 milyar euro ile \u00fclkemizi uzun vadede destekleyecektir\u201d dedi.<\/p>\n<p><strong>FRANSA\u2019DA YEN\u0130 S\u0130YAS\u0130 ANLA\u015eMALAR<\/strong><\/p>\n<p>\u00dc\u00e7\u00fcnc\u00fc dura\u011f\u0131 Fransa\u2019da Cumhurba\u015fkan\u0131 Emmanuel Macron ile uzun ve faydal\u0131 bir g\u00f6r\u00fc\u015fme yapt\u0131klar\u0131n\u0131n vurgulayan Zelenskiy, \u201cYeni bir askeri paket var. G\u00fc\u00e7l\u00fc bir paket. Yeni siyasi anla\u015fmalar var. Fransa\u2019ya Rus ter\u00f6r\u00fcyle m\u00fccadelede askerlerimize sa\u011flad\u0131\u011f\u0131 yeni imkanlar i\u00e7in te\u015fekk\u00fcr ediyorum, ancak \u015fimdi detaylardan bahsetmenin zaman\u0131 de\u011fil. \u0130lave ekipman ve z\u0131rhl\u0131 ara\u00e7lar i\u00e7in te\u015fekk\u00fcr ederim. Ortaklar\u0131m\u0131z\u0131 birle\u015ftirme konusundaki yard\u0131mlar\u0131n\u0131z i\u00e7in te\u015fekk\u00fcr ederim\u201d diye konu\u015ftu.<\/p>\n<p>Son dura\u011f\u0131 \u0130ngiltere\u2019de Ba\u015fbakan Rishi Sunak ile bir araya geldi\u011fini ifade eden Zelenskiy, \u0130ngiltere ziyaretini \u015fu ifadelerle de\u011ferlendirdi:<\/p>\n<p>\u201cPilotlar\u0131m\u0131z\u0131 e\u011fitmeyi kabul etti\u011fi i\u00e7in Birle\u015fik Krall\u0131k\u2019a minnettar\u0131m. Pilotlar\u0131 modern Bat\u0131 u\u00e7aklar\u0131nda e\u011fitmek i\u00e7in bir koalisyon olu\u015fturuyoruz. \u0130ngiltere kabul etti, Polonya kabul etti ve eminim Fransa ve di\u011fer ortaklar da kat\u0131lacakt\u0131r. Sava\u015f u\u00e7a\u011f\u0131 koalisyonu konusunda da \u00e7al\u0131\u015fmalar\u0131m\u0131z\u0131 s\u00fcrd\u00fcr\u00fcyoruz ve aktif bir \u015fekilde ilerliyoruz. Elbette Birle\u015fik Krall\u0131k\u2019a sava\u015f\u00e7\u0131lar\u0131m\u0131za sa\u011flad\u0131\u011f\u0131 uzun menzilli kabiliyetler i\u00e7in minnettar\u0131m.\u201d (DHA)<\/p>\n","protected":false},"excerpt":{"rendered":"<p>Avrupa&#8217;da 4 \u00fclkeye yapt\u0131\u011f\u0131 ziyareti tamamlayan Ukrayna Devlet Ba\u015fkan\u0131 Volodimir Zelenskiy, g\u00fcnl\u00fck ulusa sesleni\u015f konu\u015fmas\u0131nda, s\u00f6z konusu ziyaretleri de\u011ferlendirdi. Zelenskiy, \u00fclkeye daha fazla silah, Ukrayna halk\u0131 i\u00e7in daha fazla koruma ve daha fazla siyasi destekle d\u00f6nd\u00fc\u011f\u00fcn\u00fc s\u00f6yledi.<\/p>\n","protected":false},"author":1,"featured_media":90993,"comment_status":"closed","ping_status":"open","sticky":false,"template":"","format":"standard","meta":{"footnotes":""},"categories":[24],"tags":[4558,2069,38,39,1228],"class_list":["post-90992","post","type-post","status-publish","format-standard","has-post-thumbnail","hentry","category-dunya","tag-daha-fazla","tag-etti","tag-ukrayna","tag-zelenskiy","tag-ziyaret"],"_links":{"self":[{"href":"https:\/\/haberulus.net\/index.php?rest_route=\/wp\/v2\/posts\/90992","targetHints":{"allow":["GET"]}}],"collection":[{"href":"https:\/\/haberulus.net\/index.php?rest_route=\/wp\/v2\/posts"}],"about":[{"href":"https:\/\/haberulus.net\/index.php?rest_route=\/wp\/v2\/types\/post"}],"author":[{"embeddable":true,"href":"https:\/\/haberulus.net\/index.php?rest_route=\/wp\/v2\/users\/1"}],"replies":[{"embeddable":true,"href":"https:\/\/haberulus.net\/index.php?rest_route=%2Fwp%2Fv2%2Fcomments&post=90992"}],"version-history":[{"count":1,"href":"https:\/\/haberulus.net\/index.php?rest_route=\/wp\/v2\/posts\/90992\/revisions"}],"predecessor-version":[{"id":90994,"href":"https:\/\/haberulus.net\/index.php?rest_route=\/wp\/v2\/posts\/90992\/revisions\/90994"}],"wp:featuredmedia":[{"embeddable":true,"href":"https:\/\/haberulus.net\/index.php?rest_route=\/wp\/v2\/media\/90993"}],"wp:attachment":[{"href":"https:\/\/haberulus.net\/index.php?rest_route=%2Fwp%2Fv2%2Fmedia&parent=90992"}],"wp:term":[{"taxonomy":"category","embeddable":true,"href":"https:\/\/haberulus.net\/index.php?rest_route=%2Fwp%2Fv2%2Fcategories&post=90992"},{"taxonomy":"post_tag","embeddable":true,"href":"https:\/\/haberulus.net\/index.php?rest_route=%2Fwp%2Fv2%2Ftags&post=90992"}],"curies":[{"name":"wp","href":"https:\/\/api.w.org\/{rel}","templated":true}]}}